{"id":152598,"date":"2025-11-15T10:03:02","date_gmt":"2025-11-15T10:03:02","guid":{"rendered":"https:\/\/www.europesays.com\/pt\/152598\/"},"modified":"2025-11-15T10:03:02","modified_gmt":"2025-11-15T10:03:02","slug":"queda-do-dolar-afeta-apostas-nos-eua-maior-fundo-de-acoes-em-portugal-perde-8-este-ano-apesar-de-bolsas-em-maximos","status":"publish","type":"post","link":"https:\/\/www.europesays.com\/pt\/152598\/","title":{"rendered":"Queda do d\u00f3lar afeta apostas nos EUA: Maior fundo de a\u00e7\u00f5es em Portugal perde 8% este ano apesar de bolsas em m\u00e1ximos"},"content":{"rendered":"<p>De h\u00e1 um ano para c\u00e1, o mercado acio\u00adnista nos Estados Unidos da Am\u00e9rica (EUA) tem estado a renovar m\u00e1ximos atr\u00e1s de m\u00e1ximos \u00e0 boleia da euforia com a intelig\u00eancia artificial (IA). Apesar disso, quatro dos cinco maiores fundos nacionais com exposi\u00e7\u00e3o a Wall Street desvalorizaram. <strong>Em m\u00e9dia, perderam 5,3% entre junho do ano passado e deste ano, o que corresponde a menos \u20ac140 milh\u00f5es no montante sob gest\u00e3o.<\/strong> A queda do d\u00f3lar face ao euro \u00e9 apontada como culpada deste desempenho.<\/p>\n<p><a href=\"https:\/\/expresso.pt\/subscrever?action=GEN&amp;channel=VID&amp;type=CAP&amp;source=WEB&amp;returnUrl=https:\/\/expresso.pt\/economia\/ecomercados\/2025-11-13-queda-do-dolar-afeta-apostas-nos-eua-maior-fundo-de-acoes-em-portugal-perde-8-este-ano-apesar-de-bolsas-em-maximos-1c65e464&amp;utm_source=expresso&amp;utm_medium=locked_article&amp;locked=true&amp;article_id=dbd60050-33a2-47b1-8d61-53150613c870&amp;author_id=Gon\u00e7alo+Almeida&amp;category=Bolsa+e+Mercados\" target=\"_self\" class=\"\" rel=\"nofollow noopener\">Subscrever<\/a>J\u00e1 \u00e9 Subscritor?Fa\u00e7a login e continue a ler<a href=\"http:\/\/expresso.pt\/codigo?redirectUrl=https:\/\/expresso.pt\/economia\/ecomercados\/2025-11-13-queda-do-dolar-afeta-apostas-nos-eua-maior-fundo-de-acoes-em-portugal-perde-8-este-ano-apesar-de-bolsas-em-maximos-1c65e464\" target=\"_self\" class=\"\" rel=\"nofollow noopener\">Inserir C\u00f3digo<\/a>Comprou o Expresso?Insira o c\u00f3digo presente na Revista E para continuar a ler<\/p>\n","protected":false},"excerpt":{"rendered":"De h\u00e1 um ano para c\u00e1, o mercado acio\u00adnista nos Estados Unidos da Am\u00e9rica (EUA) tem estado a&hellip;\n","protected":false},"author":2,"featured_media":152599,"comment_status":"","ping_status":"","sticky":false,"template":"","format":"standard","meta":{"footnotes":""},"categories":[83],"tags":[88,89,90,32,33],"class_list":{"0":"post-152598","1":"post","2":"type-post","3":"status-publish","4":"format-standard","5":"has-post-thumbnail","7":"category-empresas","8":"tag-business","9":"tag-economy","10":"tag-empresas","11":"tag-portugal","12":"tag-pt"},"share_on_mastodon":{"url":"https:\/\/pubeurope.com\/@pt\/115553147736369436","error":""},"_links":{"self":[{"href":"https:\/\/www.europesays.com\/pt\/wp-json\/wp\/v2\/posts\/152598","targetHints":{"allow":["GET"]}}],"collection":[{"href":"https:\/\/www.europesays.com\/pt\/wp-json\/wp\/v2\/posts"}],"about":[{"href":"https:\/\/www.europesays.com\/pt\/wp-json\/wp\/v2\/types\/post"}],"author":[{"embeddable":true,"href":"https:\/\/www.europesays.com\/pt\/wp-json\/wp\/v2\/users\/2"}],"replies":[{"embeddable":true,"href":"https:\/\/www.europesays.com\/pt\/wp-json\/wp\/v2\/comments?post=152598"}],"version-history":[{"count":0,"href":"https:\/\/www.europesays.com\/pt\/wp-json\/wp\/v2\/posts\/152598\/revisions"}],"wp:featuredmedia":[{"embeddable":true,"href":"https:\/\/www.europesays.com\/pt\/wp-json\/wp\/v2\/media\/152599"}],"wp:attachment":[{"href":"https:\/\/www.europesays.com\/pt\/wp-json\/wp\/v2\/media?parent=152598"}],"wp:term":[{"taxonomy":"category","embeddable":true,"href":"https:\/\/www.europesays.com\/pt\/wp-json\/wp\/v2\/categories?post=152598"},{"taxonomy":"post_tag","embeddable":true,"href":"https:\/\/www.europesays.com\/pt\/wp-json\/wp\/v2\/tags?post=152598"}],"curies":[{"name":"wp","href":"https:\/\/api.w.org\/{rel}","templated":true}]}}