{"id":152611,"date":"2025-11-15T10:28:46","date_gmt":"2025-11-15T10:28:46","guid":{"rendered":"https:\/\/www.europesays.com\/pt\/152611\/"},"modified":"2025-11-15T10:28:46","modified_gmt":"2025-11-15T10:28:46","slug":"samuel-descobre-maneira-de-acabar-com-jaques","status":"publish","type":"post","link":"https:\/\/www.europesays.com\/pt\/152611\/","title":{"rendered":"Samuel descobre maneira de acabar com Jaques"},"content":{"rendered":"<p>                        <img width=\"944\" height=\"531\" src=\"https:\/\/www.europesays.com\/pt\/wp-content\/uploads\/2025\/11\/Samuel-descobre-uma-maneira-de-acabar-com-Jaques-em-Dona-de-Mim-944x531.jpg\" class=\"attachment-custom-large size-custom-large article-featured-image\" alt=\"Jaques (Marcello Novaes) e Samuel (Juan Paiva), personagens da novela Dona de Mim, da TV Globo\" fetchpriority=\"high\" decoding=\"async\"  \/><\/p>\n<p>Samuel descobre uma maneira de acabar com Jaques em Dona de Mim. (Foto: Reprodu\u00e7\u00e3o, TV Globo)<\/p>\n<p>Os pr\u00f3ximos dias n\u00e3o ser\u00e3o muito bons na vida de Samuel (Juan Paiva) em Dona de Mim, exceto por um motivo. O filho mais respons\u00e1vel de Abel (Tony Ramos) vai descobrir uma maneira de acabar com o tio Jaques (Marcello Novaes) e incrimin\u00e1-lo por tudo que vem fazendo.<\/p>\n<p>Continua depois da publicidade<\/p>\n<p>Antes disso, Samuel vai sofrer e \u00e9 por amor. Nos resumos divulgados pela Globo, Leo (Clara Moneke) estar\u00e1 cada vez mais pr\u00f3xima de Marlon (<strong><a href=\"https:\/\/www.nsctotal.com.br\/noticias\/quem-e-o-humberto-morais-ator-que-faz-o-marlon-em-dona-de-mim\" target=\"_blank\" rel=\"noreferrer noopener nofollow\">Humberto Morais<\/a><\/strong>). Isso vai deixar Samuel sem ch\u00e3o e fazendo coisas que n\u00e3o faria.<\/p>\n<p>Essa nova e nem t\u00e3o boa fase de Samuel vai incluir uma sa\u00edda dele com B\u00e1rbara (Giovanna Cordeiro) e Davi (Rafael Vitti), com direito a v\u00eddeo de um momento bem fora do tom de Samuel indo parar nas redes sociais. Todos estar\u00e3o estranhando o comportamento do rapaz.<\/p>\n<p>Samuel encontra T\u00e2nia no hospital e ela faz revela\u00e7\u00e3o<\/p>\n<p>Samuel ainda vai tentar convencer os irm\u00e3os, Davi e Ayla (Bel Lima), que Jaques cometeu atrocidades, como matar o pr\u00f3prio irm\u00e3o e trocar os rem\u00e9dios de Filipa (Claudia Abreu), mas Davi n\u00e3o vai dar ouvidos e vai pedir para que ele pare de falar mal do pai biol\u00f3gico deles.<\/p>\n<p>Continua depois da publicidade<\/p>\n<p>Por fim, a grande virada. Samuel vai at\u00e9 o hospital para visitar Ricardo (Marcos Pasquim) mais uma vez e acaba dando de cara com T\u00e2nia (Aline Borges). Ela revela a ele que Ricardo tem um v\u00eddeo que incrimina Jaques e pode coloc\u00e1-lo na cadeia. Agora, Samuel tem nas m\u00e3os a informa\u00e7\u00e3o que tanto precisava.<\/p>\n<p>Voc\u00ea pode querer ver tamb\u00e9m o <a href=\"https:\/\/www.nsctotal.com.br\/noticias\/resumo-dona-de-mim-proximos-capitulos\" rel=\"nofollow noopener\" target=\"_blank\"><strong>Resumo de Dona de Mim: o que acontece nos pr\u00f3ximos cap\u00edtulos<\/strong><\/a>.<\/p>\n<p>Quem \u00e9 quem em Dona de Mim1<\/p>\n<p>VoltarAvan\u00e7ar<\/p>\n<p><img loading=\"lazy\" decoding=\"async\" width=\"1200\" height=\"675\" data-id=\"7484162\" src=\"https:\/\/www.europesays.com\/pt\/wp-content\/uploads\/2025\/10\/Elenco-Dona-de-Mim-26.jpg\" alt=\"Texto da novela Dona de MimLeo (Clara Moneke).Globo\/ Manoella Mello\" class=\"wp-image-7484162\"  \/><\/p>\n<p>Leo (Clara Moneke) (Foto: Globo, Manoella Mello)<\/p>\n<p><img loading=\"lazy\" decoding=\"async\" width=\"1200\" height=\"675\" data-id=\"7484134\" src=\"https:\/\/www.europesays.com\/pt\/wp-content\/uploads\/2025\/11\/Elenco-Dona-de-Mim-29.jpg\" alt=\"Texto da novela Dona de MimSofia (Elis Cabral).Globo\/ Manoella Mello\" class=\"wp-image-7484134\"  \/><\/p>\n<p>Sofia (Elis Cabral) (Foto: Globo, Manoella Mello)<\/p>\n<p><img loading=\"lazy\" decoding=\"async\" width=\"1200\" height=\"675\" data-id=\"7484159\" src=\"https:\/\/www.europesays.com\/pt\/wp-content\/uploads\/2025\/11\/Elenco-Dona-de-Mim-24.jpg\" alt=\"Texto da novela Dona de MimAbel (Tony Ramos)Globo\/ L\u00e9o Rosario\" class=\"wp-image-7484159\"  \/><\/p>\n<p>Abel (Tony Ramos) (Foto: Globo, L\u00e9o Rosario)<\/p>\n<p><img loading=\"lazy\" decoding=\"async\" width=\"1200\" height=\"675\" data-id=\"7484137\" src=\"https:\/\/www.europesays.com\/pt\/wp-content\/uploads\/2025\/11\/Elenco-Dona-de-Mim-32.jpg\" alt=\"Texto da novela Dona de MimFilipa (Claudia Abreu)Globo\/ L\u00e9o Rosario\" class=\"wp-image-7484137\"  \/><\/p>\n<p>Filipa (Claudia Abreu) (Foto: Globo, L\u00e9o Rosario)<\/p>\n<p><img loading=\"lazy\" decoding=\"async\" width=\"1200\" height=\"675\" data-id=\"7484133\" src=\"https:\/\/www.europesays.com\/pt\/wp-content\/uploads\/2025\/11\/Elenco-Dona-de-Mim-28.jpg\" alt=\"Texto da novela Dona de MimRosa (Suely Franco)Globo\/ L\u00e9o Rosario\" class=\"wp-image-7484133\"  \/><\/p>\n<p>Rosa (Suely Franco) (Foto: Globo, L\u00e9o Rosario)<\/p>\n<p><img loading=\"lazy\" decoding=\"async\" width=\"1200\" height=\"675\" data-id=\"7484158\" src=\"https:\/\/www.europesays.com\/pt\/wp-content\/uploads\/2025\/11\/Elenco-Dona-de-Mim-23.jpg\" alt=\"Texto da novela Dona de MimSamuel (Juan Paiva).Globo\/ L\u00e9o Rosario\" class=\"wp-image-7484158\"  \/><\/p>\n<p>Samuel (Juan Paiva) (Foto: Globo, L\u00e9o Rosario)<\/p>\n<p><img loading=\"lazy\" decoding=\"async\" width=\"1200\" height=\"675\" data-id=\"7484168\" src=\"https:\/\/www.europesays.com\/pt\/wp-content\/uploads\/2025\/11\/Elenco-Dona-de-Mim-4.jpg\" alt=\"Davi (Rafa Vitti)Globo\/ L\u00e9o Rosario\" class=\"wp-image-7484168\"  \/><\/p>\n<p>Davi (Rafa Vitti) (Foto: Globo, L\u00e9o Rosario)<\/p>\n<p><img loading=\"lazy\" decoding=\"async\" width=\"1200\" height=\"675\" data-id=\"7484171\" src=\"https:\/\/www.europesays.com\/pt\/wp-content\/uploads\/2025\/11\/Elenco-Dona-de-Mim-7.jpg\" alt=\"Texto da novela Dona de MimMarlon (Humberto Moraes).Globo\/ Manoella Mello\" class=\"wp-image-7484171\"  \/><\/p>\n<p>Marlon (Humberto Moraes) (Foto: Globo, Manoella Mello)<\/p>\n<p><img loading=\"lazy\" decoding=\"async\" width=\"1200\" height=\"675\" data-id=\"7484141\" src=\"https:\/\/www.europesays.com\/pt\/wp-content\/uploads\/2025\/11\/Elenco-Dona-de-Mim-35.jpg\" alt=\"\" class=\"wp-image-7484141\"  \/><\/p>\n<p>Barbara (Giovana Cordeiro) (Foto: Globo, Manoella Mello)<\/p>\n<p><img loading=\"lazy\" decoding=\"async\" width=\"1200\" height=\"675\" data-id=\"7484156\" src=\"https:\/\/www.europesays.com\/pt\/wp-content\/uploads\/2025\/11\/Elenco-Dona-de-Mim-21.jpg\" alt=\"\" class=\"wp-image-7484156\"  \/><\/p>\n<p>Ellen (Camila Pitanga) (Foto: Globo, Manoella Mello)<\/p>\n<p><img loading=\"lazy\" decoding=\"async\" width=\"1200\" height=\"675\" data-id=\"7484139\" src=\"https:\/\/www.europesays.com\/pt\/wp-content\/uploads\/2025\/11\/Elenco-Dona-de-Mim-34.jpg\" alt=\"\" class=\"wp-image-7484139\"  \/><\/p>\n<p>Jussara (Vilma Melo) (Foto: Globo, Manoella Mello)<\/p>\n<p><img loading=\"lazy\" decoding=\"async\" width=\"1200\" height=\"675\" data-id=\"7484132\" src=\"https:\/\/www.europesays.com\/pt\/wp-content\/uploads\/2025\/11\/Elenco-Dona-de-Mim-27.jpg\" alt=\"\" class=\"wp-image-7484132\"  \/><\/p>\n<p>Stephany (Nikolly Fernandes) (Foto: Globo, Manoella Mello)<\/p>\n<p><img loading=\"lazy\" decoding=\"async\" width=\"1200\" height=\"675\" data-id=\"7484154\" src=\"https:\/\/www.europesays.com\/pt\/wp-content\/uploads\/2025\/10\/Elenco-Dona-de-Mim-19.jpg\" alt=\"Texto da novela Dona de MimJaques (Marcello Novaes)Globo\/ L\u00e9o Rosario\" class=\"wp-image-7484154\"  \/><\/p>\n<p>Jaques (Marcello Novaes) (Foto: Globo, L\u00e9o Rosario)<\/p>\n<p><img loading=\"lazy\" decoding=\"async\" width=\"1200\" height=\"675\" data-id=\"7484153\" src=\"https:\/\/www.europesays.com\/pt\/wp-content\/uploads\/2025\/10\/Elenco-Dona-de-Mim-18.jpg\" alt=\"Texto da novela Dona de MimT\u00e2nia (Aline Borges)Globo\/ L\u00e9o Rosario\" class=\"wp-image-7484153\"  \/><\/p>\n<p>T\u00e2nia (Aline Borges) (Foto: Globo, L\u00e9o Rosario)<\/p>\n<p><img loading=\"lazy\" decoding=\"async\" width=\"1200\" height=\"675\" data-id=\"7484155\" src=\"https:\/\/www.europesays.com\/pt\/wp-content\/uploads\/2025\/11\/Elenco-Dona-de-Mim-20.jpg\" alt=\"\" class=\"wp-image-7484155\"  \/><\/p>\n<p>Danilo (Felipe Simas) (Foto: Globo, Manoella Mello)<\/p>\n<p><img loading=\"lazy\" decoding=\"async\" width=\"1200\" height=\"675\" data-id=\"7484149\" src=\"https:\/\/www.europesays.com\/pt\/wp-content\/uploads\/2025\/11\/Elenco-Dona-de-Mim-16.jpg\" alt=\" Ricardo (Marcos Pasquim).Globo\/ Manoella Mello Globo\/ Man\" class=\"wp-image-7484149\"  \/><\/p>\n<p> Ricardo (Marcos Pasquim) (Foto: Globo, Manoella Mello)<\/p>\n<p><img loading=\"lazy\" decoding=\"async\" width=\"1200\" height=\"675\" data-id=\"7484157\" src=\"https:\/\/www.europesays.com\/pt\/wp-content\/uploads\/2025\/11\/Elenco-Dona-de-Mim-22.jpg\" alt=\"Texto da novela Dona de MimVanderson (Armando Babaioff).Globo\/ Manoella Mello\" class=\"wp-image-7484157\"  \/><\/p>\n<p>Vanderson (Armando Babaioff) (Foto: Globo, Manoella Mello)<\/p>\n<p><img loading=\"lazy\" decoding=\"async\" width=\"1200\" height=\"675\" data-id=\"7484135\" src=\"https:\/\/www.europesays.com\/pt\/wp-content\/uploads\/2025\/11\/Elenco-Dona-de-Mim-30.jpg\" alt=\"\" class=\"wp-image-7484135\"  \/><\/p>\n<p>Isabela (Sylvia Bandeira) (Foto: Globo, Manoella Mello)<\/p>\n<p><img loading=\"lazy\" decoding=\"async\" width=\"1200\" height=\"675\" data-id=\"7484169\" src=\"https:\/\/www.europesays.com\/pt\/wp-content\/uploads\/2025\/11\/Elenco-Dona-de-Mim-5.jpg\" alt=\"Texto da novela Dona de MimAyla (Bel Lima).Globo\/ L\u00e9o Rosario\" class=\"wp-image-7484169\"  \/><\/p>\n<p>Ayla (Bel Lima) (Foto: Globo, L\u00e9o Rosario)<\/p>\n<p><img loading=\"lazy\" decoding=\"async\" width=\"1200\" height=\"675\" data-id=\"7484173\" src=\"https:\/\/www.europesays.com\/pt\/wp-content\/uploads\/2025\/11\/Elenco-Dona-de-Mim-9.jpg\" alt=\"\" class=\"wp-image-7484173\"  \/><\/p>\n<p>Kami (Giovanna Lancellotti) (Foto: Globo, Manoella Mello)<\/p>\n<p><img loading=\"lazy\" decoding=\"async\" width=\"1200\" height=\"675\" data-id=\"7484138\" src=\"https:\/\/www.europesays.com\/pt\/wp-content\/uploads\/2025\/11\/Elenco-Dona-de-Mim-33.jpg\" alt=\"\" class=\"wp-image-7484138\"  \/><\/p>\n<p>Pam (Haon\u00ea Thinar) Globo\/ Manoella Mello<\/p>\n<p><img loading=\"lazy\" decoding=\"async\" width=\"1200\" height=\"675\" data-id=\"7484176\" src=\"https:\/\/www.europesays.com\/pt\/wp-content\/uploads\/2025\/11\/Elenco-Dona-de-Mim-11.jpg\" alt=\"\" class=\"wp-image-7484176\"  \/><\/p>\n<p>Dara (Cecilia Chancez) Globo\/ Manoella Mello<\/p>\n<p><img loading=\"lazy\" decoding=\"async\" width=\"1200\" height=\"675\" data-id=\"7484172\" src=\"https:\/\/www.europesays.com\/pt\/wp-content\/uploads\/2025\/11\/Elenco-Dona-de-Mim-8.jpg\" alt=\"Texto da novela Dona de MimYara (Cyda Moreno).Globo\/ Manoella Mello\" class=\"wp-image-7484172\"  \/><\/p>\n<p>Yara (Cyda Moreno) (Foto: Globo, Manoella Mello)<\/p>\n<p><img loading=\"lazy\" decoding=\"async\" width=\"1200\" height=\"675\" data-id=\"7484143\" src=\"https:\/\/www.europesays.com\/pt\/wp-content\/uploads\/2025\/11\/Elenco-Dona-de-Mim-37.jpg\" alt=\"\" class=\"wp-image-7484143\"  \/><\/p>\n<p>Caco (Pedro Alves) (Foto: Globo, Manoella Mello)<\/p>\n<p><img loading=\"lazy\" decoding=\"async\" width=\"1200\" height=\"675\" data-id=\"7484161\" src=\"https:\/\/www.europesays.com\/pt\/wp-content\/uploads\/2025\/11\/Elenco-Dona-de-Mim-25.jpg\" alt=\"Texto da novela Dona de MimRyan (L7).Globo\/ Manoella Mello\" class=\"wp-image-7484161\"  \/><\/p>\n<p>Ryan (L7) (Foto: Globo, Manoella Mello)<\/p>\n<p><img loading=\"lazy\" decoding=\"async\" width=\"1200\" height=\"675\" data-id=\"7484142\" src=\"https:\/\/www.europesays.com\/pt\/wp-content\/uploads\/2025\/11\/Elenco-Dona-de-Mim-36.jpg\" alt=\"\" class=\"wp-image-7484142\"  \/><\/p>\n<p>Lucas (Pedro Henrique Ferreira) (Foto: Globo, L\u00e9o Rosario)<\/p>\n<p><img loading=\"lazy\" decoding=\"async\" width=\"1200\" height=\"675\" data-id=\"7484146\" src=\"https:\/\/www.europesays.com\/pt\/wp-content\/uploads\/2025\/11\/Elenco-Dona-de-Mim-14.jpg\" alt=\"\" class=\"wp-image-7484146\"  \/><\/p>\n<p>Jeff (Fa\u00edska Alves) (Foto: Globo, L\u00e9o Rosario)<\/p>\n<p><img loading=\"lazy\" decoding=\"async\" width=\"1200\" height=\"675\" data-id=\"7484148\" src=\"https:\/\/www.europesays.com\/pt\/wp-content\/uploads\/2025\/11\/Elenco-Dona-de-Mim-15.jpg\" alt=\"\" class=\"wp-image-7484148\"  \/><\/p>\n<p>Manuel (Ernani Moraes) (Foto: Globo, Manoella Mello)<\/p>\n<p><img loading=\"lazy\" decoding=\"async\" width=\"1200\" height=\"675\" data-id=\"7484136\" src=\"https:\/\/www.europesays.com\/pt\/wp-content\/uploads\/2025\/11\/Elenco-Dona-de-Mim-31.jpg\" alt=\"\" class=\"wp-image-7484136\"  \/><\/p>\n<p>Luis\u00e3o (Ad\u00e9lio Lima) (Foto: Globo, Manoella Mello)<\/p>\n<p><img loading=\"lazy\" decoding=\"async\" width=\"1200\" height=\"675\" data-id=\"7484145\" src=\"https:\/\/www.europesays.com\/pt\/wp-content\/uploads\/2025\/11\/Elenco-Dona-de-Mim-13.jpg\" alt=\"Texto da novela Dona de MimPeter (Pedro Fernandes).Globo\/ Manoella Mello\" class=\"wp-image-7484145\"  \/><\/p>\n<p>Peter (Pedro Fernandes) (Foto: Globo, Manoella Mello)<\/p>\n<p><img loading=\"lazy\" decoding=\"async\" width=\"1200\" height=\"675\" data-id=\"7484150\" src=\"https:\/\/www.europesays.com\/pt\/wp-content\/uploads\/2025\/11\/Elenco-Dona-de-Mim-17.jpg\" alt=\"\" class=\"wp-image-7484150\"  \/><\/p>\n<p>Denise (Cris Larin) (Foto: Globo, L\u00e9o Rosario)<\/p>\n<p><img loading=\"lazy\" decoding=\"async\" width=\"1200\" height=\"675\" data-id=\"7484163\" src=\"https:\/\/www.europesays.com\/pt\/wp-content\/uploads\/2025\/11\/Elenco-Dona-de-Mim-2.jpg\" alt=\"\" class=\"wp-image-7484163\"  \/><\/p>\n<p>Natara (Carol Marra) (Foto: Globo, L\u00e9o Rosario)<\/p>\n<p><img loading=\"lazy\" decoding=\"async\" width=\"1200\" height=\"675\" data-id=\"7484164\" src=\"https:\/\/www.europesays.com\/pt\/wp-content\/uploads\/2025\/11\/Elenco-Dona-de-Mim-3.jpg\" alt=\"\" class=\"wp-image-7484164\"  \/><\/p>\n<p>Alan (Hugo Resende) (Foto: Globo, Manoella Mello)<\/p>\n<p><img loading=\"lazy\" decoding=\"async\" width=\"1200\" height=\"675\" data-id=\"7484170\" src=\"https:\/\/www.europesays.com\/pt\/wp-content\/uploads\/2025\/11\/Elenco-Dona-de-Mim-6.jpg\" alt=\"\" class=\"wp-image-7484170\"  \/><\/p>\n<p>Breno (Gabriel Sanches) (Foto: Globo, L\u00e9o Rosario)<\/p>\n<p><img loading=\"lazy\" decoding=\"async\" width=\"1200\" height=\"675\" data-id=\"7484179\" src=\"https:\/\/www.europesays.com\/pt\/wp-content\/uploads\/2025\/11\/Elenco-Dona-de-Mim-12.jpg\" alt=\"Texto da novela Dona de MimGisele (Luana Tanaka).Globo\/ F\u00e1bio Rocha\" class=\"wp-image-7484179\"  \/><\/p>\n<p>Gisele (Luana Tanaka) (Foto: Globo, F\u00e1bio Rocha)<\/p>\n<p><img loading=\"lazy\" decoding=\"async\" width=\"1200\" height=\"675\" data-id=\"7484174\" src=\"https:\/\/www.europesays.com\/pt\/wp-content\/uploads\/2025\/11\/Elenco-Dona-de-Mim-10.jpg\" alt=\"\" class=\"wp-image-7484174\"  \/><\/p>\n<p> Ded\u00e9 (Lorenzo Reis) (Foto: Globo, Manoella Mello)<\/p>\n","protected":false},"excerpt":{"rendered":"Samuel descobre uma maneira de acabar com Jaques em Dona de Mim. (Foto: Reprodu\u00e7\u00e3o, TV Globo) Os pr\u00f3ximos&hellip;\n","protected":false},"author":2,"featured_media":152612,"comment_status":"","ping_status":"","sticky":false,"template":"","format":"standard","meta":{"footnotes":""},"categories":[142],"tags":[114,115,32,33,151,543],"class_list":{"0":"post-152611","1":"post","2":"type-post","3":"status-publish","4":"format-standard","5":"has-post-thumbnail","7":"category-tv","8":"tag-entertainment","9":"tag-entretenimento","10":"tag-portugal","11":"tag-pt","12":"tag-tv","13":"tag-ver-ouvir-ler"},"share_on_mastodon":{"url":"https:\/\/pubeurope.com\/@pt\/115553250513673856","error":""},"_links":{"self":[{"href":"https:\/\/www.europesays.com\/pt\/wp-json\/wp\/v2\/posts\/152611","targetHints":{"allow":["GET"]}}],"collection":[{"href":"https:\/\/www.europesays.com\/pt\/wp-json\/wp\/v2\/posts"}],"about":[{"href":"https:\/\/www.europesays.com\/pt\/wp-json\/wp\/v2\/types\/post"}],"author":[{"embeddable":true,"href":"https:\/\/www.europesays.com\/pt\/wp-json\/wp\/v2\/users\/2"}],"replies":[{"embeddable":true,"href":"https:\/\/www.europesays.com\/pt\/wp-json\/wp\/v2\/comments?post=152611"}],"version-history":[{"count":0,"href":"https:\/\/www.europesays.com\/pt\/wp-json\/wp\/v2\/posts\/152611\/revisions"}],"wp:featuredmedia":[{"embeddable":true,"href":"https:\/\/www.europesays.com\/pt\/wp-json\/wp\/v2\/media\/152612"}],"wp:attachment":[{"href":"https:\/\/www.europesays.com\/pt\/wp-json\/wp\/v2\/media?parent=152611"}],"wp:term":[{"taxonomy":"category","embeddable":true,"href":"https:\/\/www.europesays.com\/pt\/wp-json\/wp\/v2\/categories?post=152611"},{"taxonomy":"post_tag","embeddable":true,"href":"https:\/\/www.europesays.com\/pt\/wp-json\/wp\/v2\/tags?post=152611"}],"curies":[{"name":"wp","href":"https:\/\/api.w.org\/{rel}","templated":true}]}}