{"id":152613,"date":"2025-11-15T10:31:15","date_gmt":"2025-11-15T10:31:15","guid":{"rendered":"https:\/\/www.europesays.com\/pt\/152613\/"},"modified":"2025-11-15T10:31:15","modified_gmt":"2025-11-15T10:31:15","slug":"duarte-gomes-e-a-polemica-no-benfica-casa-pia-ha-um-erro-do-arbitro","status":"publish","type":"post","link":"https:\/\/www.europesays.com\/pt\/152613\/","title":{"rendered":"Duarte Gomes e a pol\u00e9mica no Benfica-Casa Pia: \u00abH\u00e1 um erro do \u00e1rbitro\u00bb"},"content":{"rendered":"<p style=\"margin-bottom:11px\">Duarte Gomes, diretor t\u00e9cnico nacional de arbitragem, analisou o pol\u00e9mico pen\u00e1lti assinalado a favor do Casa Pia no Est\u00e1dio da Luz, considerando que n\u00e3o devia ter sido assinalado o castigo m\u00e1ximo, uma vez que \u00abhouve um ressalto\u00bb, mas considerando tamb\u00e9m que o v\u00eddeo\u00e1rbitro tamb\u00e9m agiu bem ao n\u00e3o intervir no mesmo lance.<\/p>\n<p>Recordamos que o referido pen\u00e1lti foi defendido por Anatoly Trubin, mas, na sequ\u00eancia do lance, Tom\u00e1s Ara\u00fajo acabou por fazer um autogolo que ditou o empate 2-2.<\/p>\n<p>\u00abO lance, para n\u00f3s, n\u00e3o \u00e9 pen\u00e1lti. H\u00e1 um erro do \u00e1rbitro da partida. Estamos novamente a falar de ressaltos. A abordagem inicial foi de risco alto? Cresceu para tapar a baliza? Deliberadamente, fez alguma coisa a mais ou estava est\u00e1tico? A bola toca do lado direito da anca, ele inclusivamente recolhe o bra\u00e7o direito para n\u00e3o fazer pen\u00e1lti e evitar o contacto com a bola. E a bola, de forma inesperada, a curt\u00edssima dist\u00e2ncia, resvala para o seu movimento de rota\u00e7\u00e3o para a esquerda depois de um movimento defensivo. Isto, para n\u00f3s, \u00e9 o padr\u00e3o de n\u00e3o haver pen\u00e1lti\u00bb, destacou o antigo \u00e1rbitro em declara\u00e7\u00f5es ao Canal 11.<\/p>\n<p>Por outro lado, Duarte Gomes considera que o VAR tamb\u00e9m esteve bem ao n\u00e3o intervir neste lance, uma vez que seguiu o protocolo que tamb\u00e9m \u00e9 seguido pela UEFA.<\/p>\n<p>\u00abOutra coisa \u00e9 a interven\u00e7\u00e3o do VAR. Isto \u00e9 importante. Dissemos aos \u00e1rbitros, imprensa e aos clubes que as instru\u00e7\u00f5es que aplicamos do VAR s\u00e3o as da UEFA. Tem de haver um erro claro e \u00f3bvio do \u00e1rbitro. Para haver interven\u00e7\u00e3o, n\u00e3o pode haver a m\u00ednima subjetividade de interpreta\u00e7\u00e3o. Discordamos da opini\u00e3o, n\u00e3o queremos que estes lances sejam punidos com pen\u00e1lti, mas entendemos que, face \u00e0s instru\u00e7\u00f5es clara e reiteradas que demos, este lance n\u00e3o tem margem suficiente de clareza e evid\u00eancia. Pelo maior respeito pelos clubes, imprensa, jogadores, com todo o ru\u00eddo, pedimos apenas que respeitem a nossa an\u00e1lise, independentemente de criticarem. \u00c9 assim que vamos ver todo o tipo de lances, com qualquer equipa que tenha este padr\u00e3o\u00bb, destacou ainda Duarte Gomes.<\/p>\n","protected":false},"excerpt":{"rendered":"Duarte Gomes, diretor t\u00e9cnico nacional de arbitragem, analisou o pol\u00e9mico pen\u00e1lti assinalado a favor do Casa Pia no&hellip;\n","protected":false},"author":2,"featured_media":152614,"comment_status":"","ping_status":"","sticky":false,"template":"","format":"standard","meta":{"footnotes":""},"categories":[87],"tags":[4574,3266,51,1529,135,8685,36,46,32,33,47,134],"class_list":{"0":"post-152613","1":"post","2":"type-post","3":"status-publish","4":"format-standard","5":"has-post-thumbnail","7":"category-desporto","8":"tag-antonio-silva","9":"tag-arbitragem","10":"tag-benfica","11":"tag-casa-pia","12":"tag-desporto","13":"tag-duarte-gomes","14":"tag-liga","15":"tag-maisfutebol","16":"tag-portugal","17":"tag-pt","18":"tag-pura-paixao","19":"tag-sports"},"share_on_mastodon":{"url":"https:\/\/pubeurope.com\/@pt\/115553257599924946","error":""},"_links":{"self":[{"href":"https:\/\/www.europesays.com\/pt\/wp-json\/wp\/v2\/posts\/152613","targetHints":{"allow":["GET"]}}],"collection":[{"href":"https:\/\/www.europesays.com\/pt\/wp-json\/wp\/v2\/posts"}],"about":[{"href":"https:\/\/www.europesays.com\/pt\/wp-json\/wp\/v2\/types\/post"}],"author":[{"embeddable":true,"href":"https:\/\/www.europesays.com\/pt\/wp-json\/wp\/v2\/users\/2"}],"replies":[{"embeddable":true,"href":"https:\/\/www.europesays.com\/pt\/wp-json\/wp\/v2\/comments?post=152613"}],"version-history":[{"count":0,"href":"https:\/\/www.europesays.com\/pt\/wp-json\/wp\/v2\/posts\/152613\/revisions"}],"wp:featuredmedia":[{"embeddable":true,"href":"https:\/\/www.europesays.com\/pt\/wp-json\/wp\/v2\/media\/152614"}],"wp:attachment":[{"href":"https:\/\/www.europesays.com\/pt\/wp-json\/wp\/v2\/media?parent=152613"}],"wp:term":[{"taxonomy":"category","embeddable":true,"href":"https:\/\/www.europesays.com\/pt\/wp-json\/wp\/v2\/categories?post=152613"},{"taxonomy":"post_tag","embeddable":true,"href":"https:\/\/www.europesays.com\/pt\/wp-json\/wp\/v2\/tags?post=152613"}],"curies":[{"name":"wp","href":"https:\/\/api.w.org\/{rel}","templated":true}]}}