{"id":152617,"date":"2025-11-15T10:37:12","date_gmt":"2025-11-15T10:37:12","guid":{"rendered":"https:\/\/www.europesays.com\/pt\/152617\/"},"modified":"2025-11-15T10:37:12","modified_gmt":"2025-11-15T10:37:12","slug":"apreendidas-em-vigo-60-mil-malas-falsificadas-com-destino-a-empresa-portuguesa","status":"publish","type":"post","link":"https:\/\/www.europesays.com\/pt\/152617\/","title":{"rendered":"Apreendidas em Vigo 60 mil malas falsificadas com destino a empresa portuguesa"},"content":{"rendered":"<p data-remotead-prev-elm=\"true\" data-remotead-elm-id=\"inread\">Os produtos contrafeitos foram descobertos na passada ter\u00e7a-feira durante uma inspe\u00e7\u00e3o de rotina \u00e0s mercadorias declaradas para importa\u00e7\u00e3o no porto de Vigo, adiantou hoje em comunicado a ag\u00eancia tribut\u00e1ria espanhola.<\/p>\n<p>A mercadoria, que estava em tr\u00eas contentores provenientes da China, destinava-se a uma empresa portuguesa, sugerindo que o seu destino final poderia ser o mercado portugu\u00eas, noticiou a ag\u00eancia Efe.<\/p>\n<p>Algumas das malas j\u00e1 apresentavam o log\u00f3tipo da marca de luxo falsificada colado ou cosido.<\/p>\n<p data-remotead-prev-elm=\"true\" data-remotead-elm-id=\"centro1\">Os restantes produtos imitavam a forma de modelos espec\u00edficos de malas de marcas de luxo, mas n\u00e3o possu\u00edam os log\u00f3tipos correspondentes.<\/p>\n<p>Com esta apreens\u00e3o, o n\u00famero total de produtos contrafeitos confiscados nos \u00faltimos meses atingiu quase 100 mil, divulgaram ainda as autoridades espanholas.<\/p>\n<p>Quando a alf\u00e2ndega espanhola deteta remessas que infringem direitos de propriedade industrial (marcas e patentes), ret\u00e9m-nas e alerta os titulares das marcas para que possam defender os seus direitos atrav\u00e9s das a\u00e7\u00f5es legais.<\/p>\n","protected":false},"excerpt":{"rendered":"Os produtos contrafeitos foram descobertos na passada ter\u00e7a-feira durante uma inspe\u00e7\u00e3o de rotina \u00e0s mercadorias declaradas para importa\u00e7\u00e3o&hellip;\n","protected":false},"author":2,"featured_media":152618,"comment_status":"","ping_status":"","sticky":false,"template":"","format":"standard","meta":{"footnotes":""},"categories":[10],"tags":[27,28,32945,15,16,14,603,25,26,21,22,12,13,19,20,32,23,24,33,17,18,29,30,31,16449],"class_list":{"0":"post-152617","1":"post","2":"type-post","3":"status-publish","4":"format-standard","5":"has-post-thumbnail","7":"category-portugal","8":"tag-breaking-news","9":"tag-breakingnews","10":"tag-contrafacao","11":"tag-featured-news","12":"tag-featurednews","13":"tag-headlines","14":"tag-justica","15":"tag-latest-news","16":"tag-latestnews","17":"tag-main-news","18":"tag-mainnews","19":"tag-news","20":"tag-noticias","21":"tag-noticias-principais","22":"tag-noticiasprincipais","23":"tag-portugal","24":"tag-principais-noticias","25":"tag-principaisnoticias","26":"tag-pt","27":"tag-top-stories","28":"tag-topstories","29":"tag-ultimas","30":"tag-ultimas-noticias","31":"tag-ultimasnoticias","32":"tag-vigo"},"share_on_mastodon":{"url":"https:\/\/pubeurope.com\/@pt\/115553281310829101","error":""},"_links":{"self":[{"href":"https:\/\/www.europesays.com\/pt\/wp-json\/wp\/v2\/posts\/152617","targetHints":{"allow":["GET"]}}],"collection":[{"href":"https:\/\/www.europesays.com\/pt\/wp-json\/wp\/v2\/posts"}],"about":[{"href":"https:\/\/www.europesays.com\/pt\/wp-json\/wp\/v2\/types\/post"}],"author":[{"embeddable":true,"href":"https:\/\/www.europesays.com\/pt\/wp-json\/wp\/v2\/users\/2"}],"replies":[{"embeddable":true,"href":"https:\/\/www.europesays.com\/pt\/wp-json\/wp\/v2\/comments?post=152617"}],"version-history":[{"count":0,"href":"https:\/\/www.europesays.com\/pt\/wp-json\/wp\/v2\/posts\/152617\/revisions"}],"wp:featuredmedia":[{"embeddable":true,"href":"https:\/\/www.europesays.com\/pt\/wp-json\/wp\/v2\/media\/152618"}],"wp:attachment":[{"href":"https:\/\/www.europesays.com\/pt\/wp-json\/wp\/v2\/media?parent=152617"}],"wp:term":[{"taxonomy":"category","embeddable":true,"href":"https:\/\/www.europesays.com\/pt\/wp-json\/wp\/v2\/categories?post=152617"},{"taxonomy":"post_tag","embeddable":true,"href":"https:\/\/www.europesays.com\/pt\/wp-json\/wp\/v2\/tags?post=152617"}],"curies":[{"name":"wp","href":"https:\/\/api.w.org\/{rel}","templated":true}]}}