{"id":152625,"date":"2025-11-15T10:46:12","date_gmt":"2025-11-15T10:46:12","guid":{"rendered":"https:\/\/www.europesays.com\/pt\/152625\/"},"modified":"2025-11-15T10:46:12","modified_gmt":"2025-11-15T10:46:12","slug":"frederico-varandas-atira-se-a-villas-boas-hipocrisia-do-pior","status":"publish","type":"post","link":"https:\/\/www.europesays.com\/pt\/152625\/","title":{"rendered":"Frederico Varandas atira-se a Villas-Boas: &#8220;Hipocrisia do pior&#8221;"},"content":{"rendered":"<p data-remotead-prev-elm=\"true\" data-remotead-elm-id=\"inread\">No discurso que fez durante a gala &#8220;Rugidos do Le\u00e3o&#8221;, realizada esta sexta-feira em Leiria, onde foram entregues pr\u00e9mios a diversos jogadores, atletas e treinadores do Sporting, Frederico Varandas disparou na dire\u00e7\u00e3o de Andr\u00e9 Villas-Boas.<\/p>\n<p>&#8220;Villas-Boas disse na campanha [para a presid\u00eancia do F. C. Porto] que \u00e9 tempo de construir um futuro ganhador com princ\u00edpios de \u00e9tica e transpar\u00eancia. Por todo o pa\u00eds dizia-se &#8216;vem a\u00ed uma lufada de ar fresco&#8217;. Hoje, infelizmente, posso dizer que todo o pa\u00eds j\u00e1 constatou. N\u00e3o \u00e9 lufada de ar fresco, \u00e9 bafio, hipocrisia do pior que o futebol portugu\u00eas&#8221;, afirmou o presidente do Sporting, comentando a recente pol\u00e9mica relacionada com o \u00e1rbitro F\u00e1bio Ver\u00edssimo e o jogo F. C. Porto-Braga.<\/p>\n<p>&#8220;V\u00eddeo da vergonha? Estamos a falar de algo premeditado. V\u00eddeos de um torneio de infantis. \u00c9 mau demais. \u00c9 baixo demais. Mais do que uma vez, ouvi o atual presidente do F. C. Porto criticar tudo e todos. A Liga, a Federa\u00e7\u00e3o, os rivais, que nada fazem para valorizar a imagem do futebol portugu\u00eas. Pergunto, h\u00e1 algo pior para a imagem do que estas pr\u00e1ticas de terceiro mundo? N\u00e3o, n\u00e3o h\u00e1&#8221;, sublinhou.<\/p>\n<p data-remotead-prev-elm=\"true\" data-remotead-elm-id=\"centro1\">&#8220;Foi uma coisa premeditada, planeada e executada. Isto n\u00e3o fica por aqui. A seguir, o F. C. Porto emite um comunicado com sete pontos. Atacam a Federa\u00e7\u00e3o, o \u00e1rbitro, os rivais, com erros de outros jogos com outros \u00e1rbitros. Isto aconteceu mesmo, \u00e9 do mundo real, n\u00e3o \u00e9 da perce\u00e7\u00e3o. N\u00e3o h\u00e1, dos sete pontos, um ponto com arrependimento, pedido de desculpa ou onde se diga que n\u00e3o voltar\u00e1 a acontecer. Isto n\u00e3o vos choca? \u00c9 que n\u00e3o houve nada de valores, de \u00e9tica e nada de dignidade. Sabem o que lhes correu mal? \u00c9 que no tempo em que foram buscar este manual, os \u00e1rbitros n\u00e3o escreviam, tinham medo. Mas esqueceram-se que hoje h\u00e1 \u00e1rbitros com coragem, que n\u00e3o se deixam intimidar, que escrevem. Quero aqui apelar a todos os \u00e1rbitros que escrevam tudo: amea\u00e7as de dirigentes, ofensas de presidentes, v\u00eddeos a passar no seu balne\u00e1rio. Que escrevam tudo, seja de Benfica, F. C. Porto ou Sporting. Se for de Sporting, sou o primeiro a criticar&#8221;, disse Varandas, falando igualmente do lance pol\u00e9mica do jogo com o Santa Clara.<\/p>\n<p>&#8220;O canto dos A\u00e7ores. Ap\u00f3s o esc\u00e2ndalo que foi a final da Ta\u00e7a de Portugal contra o Benfica, eis que acontece outro esc\u00e2ndalo, a prova de que o manto verde \u00e9 forte. &#8216;Erro colossal, erro aned\u00f3tico, erro grav\u00edssimo&#8217;, disseram Benfica e F. C. Porto. Marcou um canto! Parece que assinalou um pen\u00e1lti. Um canto, esse momento letal que tem percentagem de efic\u00e1cia de golo de 3%, com onze em campo. E est\u00e1vamos com dez, provavelmente \u00e9 mais f\u00e1cil marcar. Mas vou admitir que o canto se transformou num pen\u00e1lti. Canto \u00e9 golo, vou admitir que sim. Ent\u00e3o vamos analisar a primeira parte, n\u00e3o \u00e9 que o Luis Su\u00e1rez faz remate que eu julgava que ia ser golo, mas o guarda-redes defende e n\u00e3o \u00e9 que o \u00e1rbitro assinalou pontap\u00e9 de baliza. Meus amigos, como \u00e9 que ficamos agora? Tirararam-nos um golo na primeira parte? O erro \u00e9 id\u00eantico&#8221;, disparou.<\/p>\n<p>&#8220;Se n\u00e3o t\u00eam arcaboi\u00e7o, desistam que n\u00e3o t\u00eam vida para isto. Mas tamb\u00e9m \u00e9 justo dizer que fiquei muito aliviado e feliz por ver a confer\u00eancia de Imprensa do Conselho de Arbitragem, com coragem, a dizer que nunca mais voltar\u00e3o a permitir que pr\u00e1ticas do passado voltem a amea\u00e7ar os \u00e1rbitros. Enerva-me dizerem que a arbitragem est\u00e1 pior. Analisem. N\u00e3o est\u00e1. O que est\u00e1 pior \u00e9 o desespero por o Sporting poder ganhar o tricampeonato&#8221;, sublinhou, com cr\u00edticas igualmente na dire\u00e7\u00e3o do Benfica.<\/p>\n<p>&#8220;Qual foi o problema disto tudo? A final da Ta\u00e7a de Portugal, que ainda em campanha eleitoral disseram que foi retirada ao Benfica. N\u00e3o h\u00e1 direito. Tirou-se a ta\u00e7a. Vamos falar de forma factual sobre esse jogo. O Sporting teve mais remates, mais posse de bola, mas ocasi\u00f5es flagrantes, mais cantos, mais passes. N\u00e3o ficou 1-0 ou 2-1, ficou 3-1. A culpa foi do Matheus Reis que devia ter ido para a rua. A culpa do Renato Sanches ter cometido um pen\u00e1lti infantil foi do Matheus. A culpa do Viktor ter marcado o golo foi do Matheus. A culpa do Harder ter feito o segundo golo, foi do Matheus. A culpa do Trinc\u00e3o ter feito o que fez no terceiro golo, foi do Matheus. Aposto que com mais uns minutos, o Matheus seria culpado de mais alguns golos. Por amor de Deus, surpreende-me muito a total falta de autoreflex\u00e3o&#8221;,<\/p>\n","protected":false},"excerpt":{"rendered":"No discurso que fez durante a gala &#8220;Rugidos do Le\u00e3o&#8221;, realizada esta sexta-feira em Leiria, onde foram entregues&hellip;\n","protected":false},"author":2,"featured_media":152626,"comment_status":"","ping_status":"","sticky":false,"template":"","format":"standard","meta":{"footnotes":""},"categories":[87],"tags":[135,1664,524,32,33,34,134],"class_list":{"0":"post-152625","1":"post","2":"type-post","3":"status-publish","4":"format-standard","5":"has-post-thumbnail","7":"category-desporto","8":"tag-desporto","9":"tag-frederico-varandas","10":"tag-futebol","11":"tag-portugal","12":"tag-pt","13":"tag-sporting","14":"tag-sports"},"share_on_mastodon":{"url":"https:\/\/pubeurope.com\/@pt\/115553316590017818","error":""},"_links":{"self":[{"href":"https:\/\/www.europesays.com\/pt\/wp-json\/wp\/v2\/posts\/152625","targetHints":{"allow":["GET"]}}],"collection":[{"href":"https:\/\/www.europesays.com\/pt\/wp-json\/wp\/v2\/posts"}],"about":[{"href":"https:\/\/www.europesays.com\/pt\/wp-json\/wp\/v2\/types\/post"}],"author":[{"embeddable":true,"href":"https:\/\/www.europesays.com\/pt\/wp-json\/wp\/v2\/users\/2"}],"replies":[{"embeddable":true,"href":"https:\/\/www.europesays.com\/pt\/wp-json\/wp\/v2\/comments?post=152625"}],"version-history":[{"count":0,"href":"https:\/\/www.europesays.com\/pt\/wp-json\/wp\/v2\/posts\/152625\/revisions"}],"wp:featuredmedia":[{"embeddable":true,"href":"https:\/\/www.europesays.com\/pt\/wp-json\/wp\/v2\/media\/152626"}],"wp:attachment":[{"href":"https:\/\/www.europesays.com\/pt\/wp-json\/wp\/v2\/media?parent=152625"}],"wp:term":[{"taxonomy":"category","embeddable":true,"href":"https:\/\/www.europesays.com\/pt\/wp-json\/wp\/v2\/categories?post=152625"},{"taxonomy":"post_tag","embeddable":true,"href":"https:\/\/www.europesays.com\/pt\/wp-json\/wp\/v2\/tags?post=152625"}],"curies":[{"name":"wp","href":"https:\/\/api.w.org\/{rel}","templated":true}]}}