{"id":152631,"date":"2025-11-15T10:52:41","date_gmt":"2025-11-15T10:52:41","guid":{"rendered":"https:\/\/www.europesays.com\/pt\/152631\/"},"modified":"2025-11-15T10:52:41","modified_gmt":"2025-11-15T10:52:41","slug":"marcelo-faz-visita-surpresa-a-web-summit-observador","status":"publish","type":"post","link":"https:\/\/www.europesays.com\/pt\/152631\/","title":{"rendered":"Marcelo faz visita surpresa \u00e0 Web Summit \u2013 Observador"},"content":{"rendered":"<p>Sem aviso pr\u00e9vio e sem declara\u00e7\u00f5es aos jornalistas. O Presidente da Rep\u00fablica visitou esta quinta-feira os pavilh\u00f5es da FIL onde decorre a Web Summit, segundo uma nota publicada no site da Presid\u00eancia.<\/p>\n<p>\u201cO Presidente da Rep\u00fablica visitou esta tarde a Web Summit em Lisboa, e pode confirmar que, apesar das vicissitudes vividas ao longo de uma d\u00e9cada, teve um contributo essencial para colocar Portugal no centro do mundo digital e continua a n\u00e3o ter alternativa vis\u00edvel neste momento\u201d, l\u00ea-se na breve nota.<\/p>\n<p>Ao contr\u00e1rio do que aconteceu em anos anteriores, Marcelo Rebelo de Sousa n\u00e3o fez parte da agenda oficial da cimeira tecnol\u00f3gica. Em edi\u00e7\u00f5es passadas, o Presidente da Rep\u00fablica chegou a ser respons\u00e1vel pelo encerramento da Web Summit, subindo ao palco com o fundador, Paddy Cosgrave. Este \u00e9 o \u00faltimo ano em que Marcelo poderia participar enquanto Presidente da Rep\u00fablica na Web Summit, j\u00e1 que est\u00e1 no final do seu segundo mandato.<\/p>\n","protected":false},"excerpt":{"rendered":"Sem aviso pr\u00e9vio e sem declara\u00e7\u00f5es aos jornalistas. O Presidente da Rep\u00fablica visitou esta quinta-feira os pavilh\u00f5es da&hellip;\n","protected":false},"author":2,"featured_media":152632,"comment_status":"","ping_status":"","sticky":false,"template":"","format":"standard","meta":{"footnotes":""},"categories":[10],"tags":[27,28,15,16,14,25,26,797,21,22,12,13,19,20,57,32,23,24,33,58,17,18,29,30,31,18123],"class_list":{"0":"post-152631","1":"post","2":"type-post","3":"status-publish","4":"format-standard","5":"has-post-thumbnail","7":"category-portugal","8":"tag-breaking-news","9":"tag-breakingnews","10":"tag-featured-news","11":"tag-featurednews","12":"tag-headlines","13":"tag-latest-news","14":"tag-latestnews","15":"tag-lisboa","16":"tag-main-news","17":"tag-mainnews","18":"tag-news","19":"tag-noticias","20":"tag-noticias-principais","21":"tag-noticiasprincipais","22":"tag-pau00eds","23":"tag-portugal","24":"tag-principais-noticias","25":"tag-principaisnoticias","26":"tag-pt","27":"tag-sociedade","28":"tag-top-stories","29":"tag-topstories","30":"tag-ultimas","31":"tag-ultimas-noticias","32":"tag-ultimasnoticias","33":"tag-web-summit"},"share_on_mastodon":{"url":"https:\/\/pubeurope.com\/@pt\/115553340329740569","error":""},"_links":{"self":[{"href":"https:\/\/www.europesays.com\/pt\/wp-json\/wp\/v2\/posts\/152631","targetHints":{"allow":["GET"]}}],"collection":[{"href":"https:\/\/www.europesays.com\/pt\/wp-json\/wp\/v2\/posts"}],"about":[{"href":"https:\/\/www.europesays.com\/pt\/wp-json\/wp\/v2\/types\/post"}],"author":[{"embeddable":true,"href":"https:\/\/www.europesays.com\/pt\/wp-json\/wp\/v2\/users\/2"}],"replies":[{"embeddable":true,"href":"https:\/\/www.europesays.com\/pt\/wp-json\/wp\/v2\/comments?post=152631"}],"version-history":[{"count":0,"href":"https:\/\/www.europesays.com\/pt\/wp-json\/wp\/v2\/posts\/152631\/revisions"}],"wp:featuredmedia":[{"embeddable":true,"href":"https:\/\/www.europesays.com\/pt\/wp-json\/wp\/v2\/media\/152632"}],"wp:attachment":[{"href":"https:\/\/www.europesays.com\/pt\/wp-json\/wp\/v2\/media?parent=152631"}],"wp:term":[{"taxonomy":"category","embeddable":true,"href":"https:\/\/www.europesays.com\/pt\/wp-json\/wp\/v2\/categories?post=152631"},{"taxonomy":"post_tag","embeddable":true,"href":"https:\/\/www.europesays.com\/pt\/wp-json\/wp\/v2\/tags?post=152631"}],"curies":[{"name":"wp","href":"https:\/\/api.w.org\/{rel}","templated":true}]}}