{"id":152633,"date":"2025-11-15T10:53:16","date_gmt":"2025-11-15T10:53:16","guid":{"rendered":"https:\/\/www.europesays.com\/pt\/152633\/"},"modified":"2025-11-15T10:53:16","modified_gmt":"2025-11-15T10:53:16","slug":"atitude-de-bernardo-silva-e-ruben-dias-e-inaceitavel-maisfutebol","status":"publish","type":"post","link":"https:\/\/www.europesays.com\/pt\/152633\/","title":{"rendered":"\u00abAtitude de Bernardo Silva e R\u00faben Dias \u00e9 inaceit\u00e1vel\u00bb &#8211; Maisfutebol"},"content":{"rendered":"<ol>\n<li><a href=\"https:\/\/news.google.com\/rss\/articles\/CBMisAFBVV95cUxPRnplZTlBLVdyTlBPZlJjbXpwdHM1ZlRuc0JRRlk5a0czYV95WGNLS0VXTXpydjVDaThCOUVNRDJWOHFRTWVLY2JFZk14WWh4cVNpb3ppeXVFUldNbm9DR1ZSYWhQWHdQcTBTVmY4eXF5aHVrbEtmTmpEd3V6NklCUm1KMzJTQU94VDloZjkwY2doa0ZZTXM2SHl2OE5xU3doRkhWQ2xyNVRJVkVlNjlLRw?oc=5\" target=\"_blank\" rel=\"nofollow noopener\">\u00abAtitude de Bernardo Silva e R\u00faben Dias \u00e9 inaceit\u00e1vel\u00bb<\/a>&nbsp;&nbsp;Maisfutebol<\/li>\n<li><a href=\"https:\/\/news.google.com\/rss\/articles\/CBMi8gFBVV95cUxPeTdxbnZqTkRFTWRNc1M5Vmt2VW5jclpsTnhydkwwejNfOXVSZlhWMzlSYjM5Qkc2VXB3d1UyajhaNkFLLUY4Z3czcjdaTFJMZWNfeEZHTmdxbVBNbl9CNS00NkZuTWgzcHJtWjhOdzA2X1BKOEhfbU1TQm5BQjdla3VGX0FzVi1qbGsxZ0tVbm1scnlaYWVMNWdTNG40OWoyU2ZPLWlOSHM3WGhlamhCRFotTDVCX3VYeXZUdUNndWFzcFZqa1RFMVhPOU9iUzV3MzN1YzhKSUFUVE50U3BfdWtHTlF1Tk0zdUZjS0U2cktMd9IBgAJBVV95cUxNU21oLWxFNlBRSDZHNXBNRWRNaERucEJNQm9teE92YUY0eTB1dXR6T0VtWkw4Q05IcXVzWVVwYjVCZGljRnVDQjZXbXQwLXhRcDcxOXlHLUl1Unl4Q2tDcE5kNWF0MVFadzNpN1FhNmZYelY5RkZwa0tjdlNRZGdycVlvMHVTSVdiSXAzQXg0el9fV0p6Z3c4QlpuWjk4R2tJOGxIVHJBQm04VHg4RWJCV2Jfd2pYb3RteC1HSkJ2VFpsY2xlVUtxUXduUlZzQ3hseXBMVUdzOVRiYXFvdkZnd1BDMlRoVklhOEhlX1FKZnQyS2Z3VUpYMUNUOWhuYTB2?oc=5\" target=\"_blank\" rel=\"nofollow noopener\">Cristiano Ronaldo corre risco de perder jogos da Copa do Mundo de 2026 ap\u00f3s expuls\u00e3o; entenda<\/a>&nbsp;&nbsp;GE<\/li>\n<li><a href=\"https:\/\/news.google.com\/rss\/articles\/CBMi3gFBVV95cUxPa0QzQWFVS3FiNmtfVFYwS0hwZEVCY3ByX1c1V29LMjhOQ2h2WmdVcEw0MS1uVWwzYUliMFlKUzBYVmdjOUd6SUhVaFlMVDJCVGVRaEVWXzN2LW1qRzNSYlFtbHVYY0c0djVmQUhLRHRYaExyNlhlVHZkWjRSYTZsaW5TLVdXdktRMUVnUEdualNETWthbzdNYU41NFBQMkJlUVFGS2I2elN3aHJhQ0tncDZudXdSOFVGRFNScVhWWnpoUEQwYjlCWjAtZW1vUGxRcW5NUDU5OVJYOWNxbWc?oc=5\" target=\"_blank\" rel=\"nofollow noopener\">Rafael Reis: Expulso nas eliminat\u00f3rias, CR7 pode perder maior parte da 1\u00aa fase da Copa<\/a>&nbsp;&nbsp;uol.com.br<\/li>\n<li><a href=\"https:\/\/news.google.com\/rss\/articles\/CBMizAFBVV95cUxQNmZVaXNRMzZBMkVSdG93RXRNa0N0ZmRLbUdYRUtBaER2aEcwOGNVSFZsZTFnZDRla3VFM0Rvb2lfc2F6cTVWUDl3WThYcjFURmtyenBFN2x3ZDFjRVd4R09LampieTlJaFFCVGdYNm4xaHNBd0dFRUFabG1WWVZVemhLM1llTGZ4NjVNS0VOc1JyZkY3ckR4dUZ4RTlfQ2lpdjVsQUVyOS1ZZnhxa2JBWkMzT19fY1EyMjlZX21xVENUdVdXSWIwbHVrZVY?oc=5\" target=\"_blank\" rel=\"nofollow noopener\">T\u00e9cnico de Portugal sai em defesa de Cristiano Ronaldo e reclama de expuls\u00e3o: &#8216;N\u00e3o h\u00e1 viol\u00eancia&#8217;<\/a>&nbsp;&nbsp;ESPN Brasil<\/li>\n<li><a href=\"https:\/\/news.google.com\/rss\/articles\/CBMiuwFBVV95cUxOazBPTHk2UWIySVNTdTF3YXA5aDgyOHc3alJUVm5WREdqMy1pTU9KNkJSNjBETXJjVWZUN0ZGWk9WaGhJYmlPd0ptZFFyOEtnaXRjOW5vd1pma09nTlBiX0xYSVlIU3pFNmE0VnZhTHQzNnlJWEJLNnQyWk1DN3dYbUt5cC1tTktUdmtZZXN1bXdwMmdPRzBaUVljZjJubl9wY25JNjdVbHFWcll0dGdWLS15b01ROF9JRF9z0gHAAUFVX3lxTE9QUWZiZW92MFB1VksyMWxubTBxbVZqM2hOQ2ZCRnF5VUFXVWNjbnBRc1kyX2RrUjN2eHl5bFV6cnlFUkFkZzJsOVljNC13MmIxUTg2UjEwVEV4S2lVaFhCbjJSUkxVT0c5cG81c3NUaGNTc09nUzRBT3V0VElNUnFuS25UbW90NzZ0X2U5ZGxFTUE5dUtVQ1ZEbmpkNFlQeUd5NVQ4NkhqeFBudkktX3psNV9DdzRLV2hkSXNwb0VnMw?oc=5\" target=\"_blank\" rel=\"nofollow noopener\">T\u00e9cnico da Irlanda nega influ\u00eancia na expuls\u00e3o de Cristiano Ronaldo<\/a>&nbsp;&nbsp;O Dia<\/li>\n<\/ol>\n","protected":false},"excerpt":{"rendered":"\u00abAtitude de Bernardo Silva e R\u00faben Dias \u00e9 inaceit\u00e1vel\u00bb&nbsp;&nbsp;Maisfutebol Cristiano Ronaldo corre risco de perder jogos da Copa&hellip;\n","protected":false},"author":2,"featured_media":152634,"comment_status":"","ping_status":"","sticky":false,"template":"","format":"standard","meta":{"footnotes":""},"categories":[8],"tags":[5405,27,28,135,15,16,14,25,26,21,22,46,12,13,19,20,32991,32,23,24,33,47,12290,4338,17,18,29,30,31],"class_list":{"0":"post-152633","1":"post","2":"type-post","3":"status-publish","4":"format-standard","5":"has-post-thumbnail","7":"category-principais-noticias","8":"tag-bernardo-silva","9":"tag-breaking-news","10":"tag-breakingnews","11":"tag-desporto","12":"tag-featured-news","13":"tag-featurednews","14":"tag-headlines","15":"tag-latest-news","16":"tag-latestnews","17":"tag-main-news","18":"tag-mainnews","19":"tag-maisfutebol","20":"tag-news","21":"tag-noticias","22":"tag-noticias-principais","23":"tag-noticiasprincipais","24":"tag-nuno-farinha","25":"tag-portugal","26":"tag-principais-noticias","27":"tag-principaisnoticias","28":"tag-pt","29":"tag-pura-paixao","30":"tag-ruben-dias","31":"tag-selecao","32":"tag-top-stories","33":"tag-topstories","34":"tag-ultimas","35":"tag-ultimas-noticias","36":"tag-ultimasnoticias"},"share_on_mastodon":{"url":"https:\/\/pubeurope.com\/@pt\/115553344221464795","error":""},"_links":{"self":[{"href":"https:\/\/www.europesays.com\/pt\/wp-json\/wp\/v2\/posts\/152633","targetHints":{"allow":["GET"]}}],"collection":[{"href":"https:\/\/www.europesays.com\/pt\/wp-json\/wp\/v2\/posts"}],"about":[{"href":"https:\/\/www.europesays.com\/pt\/wp-json\/wp\/v2\/types\/post"}],"author":[{"embeddable":true,"href":"https:\/\/www.europesays.com\/pt\/wp-json\/wp\/v2\/users\/2"}],"replies":[{"embeddable":true,"href":"https:\/\/www.europesays.com\/pt\/wp-json\/wp\/v2\/comments?post=152633"}],"version-history":[{"count":0,"href":"https:\/\/www.europesays.com\/pt\/wp-json\/wp\/v2\/posts\/152633\/revisions"}],"wp:featuredmedia":[{"embeddable":true,"href":"https:\/\/www.europesays.com\/pt\/wp-json\/wp\/v2\/media\/152634"}],"wp:attachment":[{"href":"https:\/\/www.europesays.com\/pt\/wp-json\/wp\/v2\/media?parent=152633"}],"wp:term":[{"taxonomy":"category","embeddable":true,"href":"https:\/\/www.europesays.com\/pt\/wp-json\/wp\/v2\/categories?post=152633"},{"taxonomy":"post_tag","embeddable":true,"href":"https:\/\/www.europesays.com\/pt\/wp-json\/wp\/v2\/tags?post=152633"}],"curies":[{"name":"wp","href":"https:\/\/api.w.org\/{rel}","templated":true}]}}