{"id":152637,"date":"2025-11-15T10:59:07","date_gmt":"2025-11-15T10:59:07","guid":{"rendered":"https:\/\/www.europesays.com\/pt\/152637\/"},"modified":"2025-11-15T10:59:07","modified_gmt":"2025-11-15T10:59:07","slug":"o-filme-portugues-mais-visto-deste-ano-ja-chegou-ao-streaming-nit","status":"publish","type":"post","link":"https:\/\/www.europesays.com\/pt\/152637\/","title":{"rendered":"O filme portugu\u00eas mais visto deste ano j\u00e1 chegou ao streaming \u2014 NiT"},"content":{"rendered":"<p>Em apenas um fim de semana, \u201cO P\u00e1tio da Saudade\u201d, que estreou a 14 de agosto, tornou-se no filme portugu\u00eas mais visto de 2025, com mais de 15 mil espectadores. Embora os n\u00fameros oficiais do Instituto do Cinema e Audiovisual ainda n\u00e3o tenham sido atualizados, j\u00e1 \u00e9 considerado o maior sucesso nacional do ano.<\/p>\n<p>A produ\u00e7\u00e3o chegou \u00e0 Prime Video esta quinta-feira, 14 de novembro, e marca o regresso de Leonel Vieira \u00e0 realiza\u00e7\u00e3o, depois do \u00eaxito com \u201cO P\u00e1tio das Cantigas\u201d, lan\u00e7ado em 2015.<\/p>\n<p>A narrativa acompanha Vanessa, uma atriz de televis\u00e3o que descobre que herdou um antigo teatro em ru\u00ednas no Porto, deixado por uma tia com quem tinha perdido o contacto. O espa\u00e7o \u00e9 descrito como um s\u00edmbolo dos tempos \u00e1ureos da Revista \u00e0 Portuguesa.<\/p>\n<p>\u201cApesar das insist\u00eancias do seu agente, Toz\u00e9 Leal, para vender o edif\u00edcio, Vanessa sente-se profundamente ligada \u00e0 mem\u00f3ria do teatro e decide reunir os amigos Joana e Ribeiro para montar um espet\u00e1culo capaz de ressuscitar a antiga gl\u00f3ria do teatro. No entanto, a sua ambi\u00e7\u00e3o enfrenta a resist\u00eancia de Armando, propriet\u00e1rio de um teatro rival que far\u00e1 de tudo para travar este sonho\u201d, avan\u00e7a a sinopse.<\/p>\n<p>No elenco principal est\u00e1 Sara Matos, acompanhada por nomes como Ana Guiomar, Manuel Marques, Jos\u00e9 Pedro Vasconcelos, Jos\u00e9 Raposo, Gilm\u00e1rio Vemba, Jos\u00e9 Martins, Alexandra Lencastre, Jos\u00e9 Pedro Gomes e Aldo Lima. As filmagens decorreram em v\u00e1rios locais de Lisboa, com destaque para o Jardim do Torel.<\/p>\n<p>Carregue na galeria para conhecer algumas das s\u00e9ries e temporadas que estreiam em novembro nas plataformas de streaming e canais de televis\u00e3o.<\/p>\n","protected":false},"excerpt":{"rendered":"Em apenas um fim de semana, \u201cO P\u00e1tio da Saudade\u201d, que estreou a 14 de agosto, tornou-se no&hellip;\n","protected":false},"author":2,"featured_media":152638,"comment_status":"","ping_status":"","sticky":false,"template":"","format":"standard","meta":{"footnotes":""},"categories":[140],"tags":[114,115,147,148,146,32,33],"class_list":{"0":"post-152637","1":"post","2":"type-post","3":"status-publish","4":"format-standard","5":"has-post-thumbnail","7":"category-filmes","8":"tag-entertainment","9":"tag-entretenimento","10":"tag-film","11":"tag-filmes","12":"tag-movies","13":"tag-portugal","14":"tag-pt"},"share_on_mastodon":{"url":"https:\/\/pubeurope.com\/@pt\/115553367826095042","error":""},"_links":{"self":[{"href":"https:\/\/www.europesays.com\/pt\/wp-json\/wp\/v2\/posts\/152637","targetHints":{"allow":["GET"]}}],"collection":[{"href":"https:\/\/www.europesays.com\/pt\/wp-json\/wp\/v2\/posts"}],"about":[{"href":"https:\/\/www.europesays.com\/pt\/wp-json\/wp\/v2\/types\/post"}],"author":[{"embeddable":true,"href":"https:\/\/www.europesays.com\/pt\/wp-json\/wp\/v2\/users\/2"}],"replies":[{"embeddable":true,"href":"https:\/\/www.europesays.com\/pt\/wp-json\/wp\/v2\/comments?post=152637"}],"version-history":[{"count":0,"href":"https:\/\/www.europesays.com\/pt\/wp-json\/wp\/v2\/posts\/152637\/revisions"}],"wp:featuredmedia":[{"embeddable":true,"href":"https:\/\/www.europesays.com\/pt\/wp-json\/wp\/v2\/media\/152638"}],"wp:attachment":[{"href":"https:\/\/www.europesays.com\/pt\/wp-json\/wp\/v2\/media?parent=152637"}],"wp:term":[{"taxonomy":"category","embeddable":true,"href":"https:\/\/www.europesays.com\/pt\/wp-json\/wp\/v2\/categories?post=152637"},{"taxonomy":"post_tag","embeddable":true,"href":"https:\/\/www.europesays.com\/pt\/wp-json\/wp\/v2\/tags?post=152637"}],"curies":[{"name":"wp","href":"https:\/\/api.w.org\/{rel}","templated":true}]}}