{"id":152639,"date":"2025-11-15T11:00:13","date_gmt":"2025-11-15T11:00:13","guid":{"rendered":"https:\/\/www.europesays.com\/pt\/152639\/"},"modified":"2025-11-15T11:00:13","modified_gmt":"2025-11-15T11:00:13","slug":"croacia-e-o-terceiro-passageiro-europeu-no-mundial-2026-futebol-internacional","status":"publish","type":"post","link":"https:\/\/www.europesays.com\/pt\/152639\/","title":{"rendered":"Cro\u00e1cia \u00e9 o terceiro \u201cpassageiro\u201d europeu no Mundial 2026 | Futebol internacional"},"content":{"rendered":"<p>Depois de Inglaterra e Fran\u00e7a, a Cro\u00e1cia tornou-se nesta sexta-feira na terceira selec\u00e7\u00e3o europeia a garantir um lugar na fase final do Mundial de futebol de 2026.<\/p>\n<p>Os croatas receberam as Ilhas Fero\u00e9, em Rijeka, e venceram por 3-1, com golos de Josko Gvardiol, Petar Musa (antigo avan\u00e7ado de Boavista e Benfica) e Nikola Vlasic, chegando desta forma aos 19 pontos no topo do Grupo L. Ou seja, gozam agora de seis pontos de vantagem sobre a Rep. Checa e com um s\u00f3 jogo por disputar nesta fase de qualfica\u00e7\u00e3o.<\/p>\n<p>No Grupo A, Alemanha (ganhou no Luxemburgo, por 0-2) e Eslov\u00e1quia (recebeu e bateu a Irlanda do Norte, por 1-0) partilham o comando, com os mesmos 12 pontos, a uma jornada do fim.<\/p>\n<p>J\u00e1 os dois primeiros do Grupo G mediram for\u00e7as em Vars\u00f3via, num jogo que terminou com um empate (1-1). A Pol\u00f3nia, segundo classificado com 14 pontos, e os Pa\u00edses Baixos, l\u00edderes com 17, entrar\u00e3o na derradeira jornada da qualifica\u00e7\u00e3o com possibilidades de se apurarem directamente.<\/p>\n","protected":false},"excerpt":{"rendered":"Depois de Inglaterra e Fran\u00e7a, a Cro\u00e1cia tornou-se nesta sexta-feira na terceira selec\u00e7\u00e3o europeia a garantir um lugar&hellip;\n","protected":false},"author":2,"featured_media":152640,"comment_status":"","ping_status":"","sticky":false,"template":"","format":"standard","meta":{"footnotes":""},"categories":[87],"tags":[135,138,12632,32,33,134],"class_list":{"0":"post-152639","1":"post","2":"type-post","3":"status-publish","4":"format-standard","5":"has-post-thumbnail","7":"category-desporto","8":"tag-desporto","9":"tag-futebol-internacional","10":"tag-mundial-2026","11":"tag-portugal","12":"tag-pt","13":"tag-sports"},"share_on_mastodon":{"url":"https:\/\/pubeurope.com\/@pt\/115553371624650991","error":""},"_links":{"self":[{"href":"https:\/\/www.europesays.com\/pt\/wp-json\/wp\/v2\/posts\/152639","targetHints":{"allow":["GET"]}}],"collection":[{"href":"https:\/\/www.europesays.com\/pt\/wp-json\/wp\/v2\/posts"}],"about":[{"href":"https:\/\/www.europesays.com\/pt\/wp-json\/wp\/v2\/types\/post"}],"author":[{"embeddable":true,"href":"https:\/\/www.europesays.com\/pt\/wp-json\/wp\/v2\/users\/2"}],"replies":[{"embeddable":true,"href":"https:\/\/www.europesays.com\/pt\/wp-json\/wp\/v2\/comments?post=152639"}],"version-history":[{"count":0,"href":"https:\/\/www.europesays.com\/pt\/wp-json\/wp\/v2\/posts\/152639\/revisions"}],"wp:featuredmedia":[{"embeddable":true,"href":"https:\/\/www.europesays.com\/pt\/wp-json\/wp\/v2\/media\/152640"}],"wp:attachment":[{"href":"https:\/\/www.europesays.com\/pt\/wp-json\/wp\/v2\/media?parent=152639"}],"wp:term":[{"taxonomy":"category","embeddable":true,"href":"https:\/\/www.europesays.com\/pt\/wp-json\/wp\/v2\/categories?post=152639"},{"taxonomy":"post_tag","embeddable":true,"href":"https:\/\/www.europesays.com\/pt\/wp-json\/wp\/v2\/tags?post=152639"}],"curies":[{"name":"wp","href":"https:\/\/api.w.org\/{rel}","templated":true}]}}