{"id":152654,"date":"2025-11-15T11:19:12","date_gmt":"2025-11-15T11:19:12","guid":{"rendered":"https:\/\/www.europesays.com\/pt\/152654\/"},"modified":"2025-11-15T11:19:12","modified_gmt":"2025-11-15T11:19:12","slug":"primeiro-ministro-polaco-diz-que-escandalos-de-corrupcao-na-ucrania-podem-afetar-apoio-europeu","status":"publish","type":"post","link":"https:\/\/www.europesays.com\/pt\/152654\/","title":{"rendered":"Primeiro-ministro polaco diz que esc\u00e2ndalos de corrup\u00e7\u00e3o na Ucr\u00e2nia podem afetar apoio europeu"},"content":{"rendered":"<p>O primeiro-ministro polaco, Donald Tusk, alertou esta sexta-feira, 14 de novembro, que o surgimento de novos esc\u00e2ndalos de corrup\u00e7\u00e3o pode dificultar a manuten\u00e7\u00e3o de um consenso europeu sobre a ajuda \u00e0 Ucr\u00e2nia face aos ataques russos. <\/p>\n<p>Tusk observou que j\u00e1 tinha alertado o Presidente ucraniano, Volodymyr Zelensky, para a necessidade de ser extremamente sens\u00edvel at\u00e9 aos mais pequenos sinais de corrup\u00e7\u00e3o no seu c\u00edrculo, uma vez que isso tamb\u00e9m afeta a sua reputa\u00e7\u00e3o, segundo a ag\u00eancia Ukrinform. <\/p>\n<p>O primeiro-ministro polaco e ex-presidente do Conselho Europeu afirmou que Zelensky reagiu de forma decidida ao esc\u00e2ndalo no sector energ\u00e9tico e que o Estado ucraniano est\u00e1 determinado a processar os respons\u00e1veis, mas que as consequ\u00eancias do esc\u00e2ndalo j\u00e1 se fizeram sentir e que o custo ser\u00e1 muito elevado. <\/p>\n","protected":false},"excerpt":{"rendered":"O primeiro-ministro polaco, Donald Tusk, alertou esta sexta-feira, 14 de novembro, que o surgimento de novos esc\u00e2ndalos de&hellip;\n","protected":false},"author":2,"featured_media":152655,"comment_status":"","ping_status":"","sticky":false,"template":"","format":"standard","meta":{"footnotes":""},"categories":[50],"tags":[32992,27,28,7517,15,16,14,25,26,21,22,62,12,13,19,20,23,24,17,18,840,29,30,31,63,64,65],"class_list":{"0":"post-152654","1":"post","2":"type-post","3":"status-publish","4":"format-standard","5":"has-post-thumbnail","7":"category-mundo","8":"tag-adesao-da-ucrania-a-ue","9":"tag-breaking-news","10":"tag-breakingnews","11":"tag-donald-tusk","12":"tag-featured-news","13":"tag-featurednews","14":"tag-headlines","15":"tag-latest-news","16":"tag-latestnews","17":"tag-main-news","18":"tag-mainnews","19":"tag-mundo","20":"tag-news","21":"tag-noticias","22":"tag-noticias-principais","23":"tag-noticiasprincipais","24":"tag-principais-noticias","25":"tag-principaisnoticias","26":"tag-top-stories","27":"tag-topstories","28":"tag-ucrania","29":"tag-ultimas","30":"tag-ultimas-noticias","31":"tag-ultimasnoticias","32":"tag-world","33":"tag-world-news","34":"tag-worldnews"},"share_on_mastodon":{"url":"https:\/\/pubeurope.com\/@pt\/115553446239609597","error":""},"_links":{"self":[{"href":"https:\/\/www.europesays.com\/pt\/wp-json\/wp\/v2\/posts\/152654","targetHints":{"allow":["GET"]}}],"collection":[{"href":"https:\/\/www.europesays.com\/pt\/wp-json\/wp\/v2\/posts"}],"about":[{"href":"https:\/\/www.europesays.com\/pt\/wp-json\/wp\/v2\/types\/post"}],"author":[{"embeddable":true,"href":"https:\/\/www.europesays.com\/pt\/wp-json\/wp\/v2\/users\/2"}],"replies":[{"embeddable":true,"href":"https:\/\/www.europesays.com\/pt\/wp-json\/wp\/v2\/comments?post=152654"}],"version-history":[{"count":0,"href":"https:\/\/www.europesays.com\/pt\/wp-json\/wp\/v2\/posts\/152654\/revisions"}],"wp:featuredmedia":[{"embeddable":true,"href":"https:\/\/www.europesays.com\/pt\/wp-json\/wp\/v2\/media\/152655"}],"wp:attachment":[{"href":"https:\/\/www.europesays.com\/pt\/wp-json\/wp\/v2\/media?parent=152654"}],"wp:term":[{"taxonomy":"category","embeddable":true,"href":"https:\/\/www.europesays.com\/pt\/wp-json\/wp\/v2\/categories?post=152654"},{"taxonomy":"post_tag","embeddable":true,"href":"https:\/\/www.europesays.com\/pt\/wp-json\/wp\/v2\/tags?post=152654"}],"curies":[{"name":"wp","href":"https:\/\/api.w.org\/{rel}","templated":true}]}}