{"id":152656,"date":"2025-11-15T11:21:23","date_gmt":"2025-11-15T11:21:23","guid":{"rendered":"https:\/\/www.europesays.com\/pt\/152656\/"},"modified":"2025-11-15T11:21:23","modified_gmt":"2025-11-15T11:21:23","slug":"novos-cortes-de-luz-este-domingo-estas-sao-as-zonas-afetadas","status":"publish","type":"post","link":"https:\/\/www.europesays.com\/pt\/152656\/","title":{"rendered":"Novos cortes de luz este domingo: estas s\u00e3o as zonas afetadas"},"content":{"rendered":"<p>Este domingo, 16 de novembro, v\u00e1rias zonas do pa\u00eds v\u00e3o voltar a sofrer cortes de eletricidade programados. A E-Redes <a href=\"https:\/\/www.e-redes.pt\/pt-pt\/o-que-fazemos\/qualidade-de-servico\/consulte-interrupcoes-agendadas\" target=\"_blank\" rel=\"nofollow noopener\">comunicou<\/a> que estas interrup\u00e7\u00f5es devem-se a trabalhos de manuten\u00e7\u00e3o essenciais para assegurar a seguran\u00e7a e o bom funcionamento da rede el\u00e9trica.\n<\/p>\n<p><strong>Coimbra<\/strong><\/p>\n<p>Na Uni\u00e3o das Freguesias de Coimbra (S\u00e9 Nova, Santa Cruz, Almedina e S\u00e3o Bartolomeu), os cortes est\u00e3o previstos entre as 08h00 e as 11h30, para a Avenida Fern\u00e3o de Magalh\u00e3es e a Rua dos Oleiros.\n<\/p>\n<p><strong>Faro<\/strong><\/p>\n<p>No concelho de Loul\u00e9, a freguesia de Quarteira ter\u00e1 dois cortes de luz: das 06h00 \u00e0s 11h00 no Largo Neptuno, Pra\u00e7a Banco Portugu\u00eas do Atl\u00e2ntico e Rua das Estrelas, e das 07h00 \u00e0s 11h00 na Rua do Dep\u00f3sito e Rua Outeiro.\n<\/p>\n<p><strong>Lisboa<\/strong><\/p>\n<p>Em Campolide e no Lumiar, os cortes v\u00e3o decorrer das 05h00 \u00e0s 11h00, respetivamente na Rua Professor Sousa da C\u00e2mara e na Rua Professor Aires de Sousa. Em Marvila, a interven\u00e7\u00e3o vai decorrer das 05h30 \u00e0s 11h00, incidindo na Avenida Infante Dom Henrique e na Rua Vale Formoso de Cima.\n<\/p>\n<p><strong>Sintra<\/strong><\/p>\n<p>Na Uni\u00e3o das Freguesias de S\u00e3o Jo\u00e3o das Lampas e Terrugem, os cortes v\u00e3o decorrer entre as 06h00 e as 11h00, afetando v\u00e1rios arruamentos, como o Caminho Casal, Caminho da Azenha da Laje, Estrada da Lage, Estrada Principal Cruz\/Fontanela, Rua de Baixo e Rua do Cabe\u00e7o da Moucheira.\n<\/p>\n<p>A E-Redes garante que procura reduzir ao m\u00e1ximo a dura\u00e7\u00e3o das interrup\u00e7\u00f5es, refor\u00e7ando que estas interven\u00e7\u00f5es s\u00e3o essenciais para prevenir falhas inesperadas no fornecimento de eletricidade.<\/p>\n","protected":false},"excerpt":{"rendered":"Este domingo, 16 de novembro, v\u00e1rias zonas do pa\u00eds v\u00e3o voltar a sofrer cortes de eletricidade programados. A&hellip;\n","protected":false},"author":2,"featured_media":152657,"comment_status":"","ping_status":"","sticky":false,"template":"","format":"standard","meta":{"footnotes":""},"categories":[8],"tags":[783,778,779,774,27,28,764,769,767,772,782,15,16,784,14,222,771,25,26,773,21,22,149,12,768,13,19,20,777,32,23,24,33,766,781,765,763,775,780,776,770,17,18,29,30,31],"class_list":{"0":"post-152656","1":"post","2":"type-post","3":"status-publish","4":"format-standard","5":"has-post-thumbnail","7":"category-principais-noticias","8":"tag-6pm","9":"tag-80s-rfm","10":"tag-80srfm","11":"tag-90s","12":"tag-breaking-news","13":"tag-breakingnews","14":"tag-bruno-mars","15":"tag-cafe-da-manha","16":"tag-comedia","17":"tag-dance-it","18":"tag-emissao-online","19":"tag-featured-news","20":"tag-featurednews","21":"tag-fridayboyz","22":"tag-headlines","23":"tag-humor","24":"tag-jazzy","25":"tag-latest-news","26":"tag-latestnews","27":"tag-latinas","28":"tag-main-news","29":"tag-mainnews","30":"tag-music","31":"tag-news","32":"tag-nilton","33":"tag-noticias","34":"tag-noticias-principais","35":"tag-noticiasprincipais","36":"tag-oceano-pacifico","37":"tag-portugal","38":"tag-principais-noticias","39":"tag-principaisnoticias","40":"tag-pt","41":"tag-radio","42":"tag-radio-online","43":"tag-rfm","44":"tag-rock-in-rio","45":"tag-rocks","46":"tag-somnii","47":"tag-toca-portugal","48":"tag-top-25","49":"tag-top-stories","50":"tag-topstories","51":"tag-ultimas","52":"tag-ultimas-noticias","53":"tag-ultimasnoticias"},"share_on_mastodon":{"url":"","error":"Validation failed: Text character limit of 500 exceeded"},"_links":{"self":[{"href":"https:\/\/www.europesays.com\/pt\/wp-json\/wp\/v2\/posts\/152656","targetHints":{"allow":["GET"]}}],"collection":[{"href":"https:\/\/www.europesays.com\/pt\/wp-json\/wp\/v2\/posts"}],"about":[{"href":"https:\/\/www.europesays.com\/pt\/wp-json\/wp\/v2\/types\/post"}],"author":[{"embeddable":true,"href":"https:\/\/www.europesays.com\/pt\/wp-json\/wp\/v2\/users\/2"}],"replies":[{"embeddable":true,"href":"https:\/\/www.europesays.com\/pt\/wp-json\/wp\/v2\/comments?post=152656"}],"version-history":[{"count":0,"href":"https:\/\/www.europesays.com\/pt\/wp-json\/wp\/v2\/posts\/152656\/revisions"}],"wp:featuredmedia":[{"embeddable":true,"href":"https:\/\/www.europesays.com\/pt\/wp-json\/wp\/v2\/media\/152657"}],"wp:attachment":[{"href":"https:\/\/www.europesays.com\/pt\/wp-json\/wp\/v2\/media?parent=152656"}],"wp:term":[{"taxonomy":"category","embeddable":true,"href":"https:\/\/www.europesays.com\/pt\/wp-json\/wp\/v2\/categories?post=152656"},{"taxonomy":"post_tag","embeddable":true,"href":"https:\/\/www.europesays.com\/pt\/wp-json\/wp\/v2\/tags?post=152656"}],"curies":[{"name":"wp","href":"https:\/\/api.w.org\/{rel}","templated":true}]}}