{"id":152660,"date":"2025-11-15T11:27:20","date_gmt":"2025-11-15T11:27:20","guid":{"rendered":"https:\/\/www.europesays.com\/pt\/152660\/"},"modified":"2025-11-15T11:27:20","modified_gmt":"2025-11-15T11:27:20","slug":"jessica-rabbit-pode-ganhar-um-filme-focado-na-personagem","status":"publish","type":"post","link":"https:\/\/www.europesays.com\/pt\/152660\/","title":{"rendered":"Jessica Rabbit pode ganhar um filme focado na personagem"},"content":{"rendered":"<p>  <img width=\"76\" height=\"40\"   alt=\"Capa da Publica\u00e7\u00e3o\" class=\"article-cover__image\"\/><\/p>\n<p class=\"post__tagline\">Mais uma cilada para Roger Rabbit?<\/p>\n<p>O criador de <strong>Uma Cilada para Roger Rabbit<\/strong>, <strong>Gary K. Wolf<\/strong>, est\u00e1 novamente com os direitos do filme e parece que j\u00e1 tem planos do que fazer!<\/p>\n<p>Em entrevista ao <a href=\"https:\/\/www.imnotbad.com\/2025\/11\/roger-rabbit-copyright-reverts-to.html?m=1\" target=\"_blank\" rel=\"noopener nofollow\">ImNotBadTV<\/a>, ele falou sobre ter recuperado os direitos de sua obra e que j\u00e1 est\u00e1 trabalhando em uma nova adapta\u00e7\u00e3o dos seus livros.<\/p>\n<blockquote>\n<p>Agora eu tenho de volta os direitos de todos os meus personagens, todos os meus livros. Eu posso, basicamente, fazer meus pr\u00f3prios projetos de Roger Rabbit. Qualquer sequ\u00eancia [do filme] que fizermos tem que, no m\u00ednimo, ter a mesma qualidade do original. Em valor de produ\u00e7\u00e3o, em tom, em conte\u00fado de roteiro, empatia, desenvolvimento de personagem. Tem que ser t\u00e3o bom, ou melhro que, o que fizemos antes. \u00c9 o que os f\u00e3s querem, e eu prometi que \u00e9 isso que eu daria a eles. <\/p>\n<p>O [projeto] mais proeminente\u2026 \u00e9 um live-action da Jessica Rabbit baseado no livro Jessica Rabbit: Xerious Business. Esse foi o primeiro projeto que n\u00f3s olhamos e come\u00e7amos a desenvolver. \u00c9 provavelmente o que est\u00e1 mais avan\u00e7ado agora.<\/p>\n<\/blockquote>\n<p>Anteriormente, os direitos das obras estavam com a Disney, e ano passado Wolf falou que uma sequ\u00eancia de Uma Cilada para Roger Rabbit nunca seria feita pelo est\u00fadio, justamente por culpa de Jessica. \u201cA Disney de hoje nunca faria Roger Rabbit atualmente. Eles n\u00e3o podem fazer um filme com Jessica\u201d disse ao podcast <a href=\"https:\/\/podcasts.apple.com\/us\/podcast\/robert-zemeckis\/id827905050?i=1000675185020\" target=\"_blank\" rel=\"noopener nofollow\">Happy Sad Confused<\/a>.<\/p>\n<p>Mas, por enquanto, ele n\u00e3o deu nenhuma previs\u00e3o de quando o filme focado em <strong>Jessica Rabbit<\/strong> deve ser lan\u00e7ado.<\/p>\n","protected":false},"excerpt":{"rendered":"Mais uma cilada para Roger Rabbit? O criador de Uma Cilada para Roger Rabbit, Gary K. Wolf, est\u00e1&hellip;\n","protected":false},"author":2,"featured_media":152661,"comment_status":"","ping_status":"","sticky":false,"template":"","format":"standard","meta":{"footnotes":""},"categories":[140],"tags":[32994,114,115,147,148,146,32,33,32993],"class_list":{"0":"post-152660","1":"post","2":"type-post","3":"status-publish","4":"format-standard","5":"has-post-thumbnail","7":"category-filmes","8":"tag-brian-skiba","9":"tag-entertainment","10":"tag-entretenimento","11":"tag-film","12":"tag-filmes","13":"tag-movies","14":"tag-portugal","15":"tag-pt","16":"tag-thelma-e-louise"},"share_on_mastodon":{"url":"https:\/\/pubeurope.com\/@pt\/115553477874137746","error":""},"_links":{"self":[{"href":"https:\/\/www.europesays.com\/pt\/wp-json\/wp\/v2\/posts\/152660","targetHints":{"allow":["GET"]}}],"collection":[{"href":"https:\/\/www.europesays.com\/pt\/wp-json\/wp\/v2\/posts"}],"about":[{"href":"https:\/\/www.europesays.com\/pt\/wp-json\/wp\/v2\/types\/post"}],"author":[{"embeddable":true,"href":"https:\/\/www.europesays.com\/pt\/wp-json\/wp\/v2\/users\/2"}],"replies":[{"embeddable":true,"href":"https:\/\/www.europesays.com\/pt\/wp-json\/wp\/v2\/comments?post=152660"}],"version-history":[{"count":0,"href":"https:\/\/www.europesays.com\/pt\/wp-json\/wp\/v2\/posts\/152660\/revisions"}],"wp:featuredmedia":[{"embeddable":true,"href":"https:\/\/www.europesays.com\/pt\/wp-json\/wp\/v2\/media\/152661"}],"wp:attachment":[{"href":"https:\/\/www.europesays.com\/pt\/wp-json\/wp\/v2\/media?parent=152660"}],"wp:term":[{"taxonomy":"category","embeddable":true,"href":"https:\/\/www.europesays.com\/pt\/wp-json\/wp\/v2\/categories?post=152660"},{"taxonomy":"post_tag","embeddable":true,"href":"https:\/\/www.europesays.com\/pt\/wp-json\/wp\/v2\/tags?post=152660"}],"curies":[{"name":"wp","href":"https:\/\/api.w.org\/{rel}","templated":true}]}}