{"id":152667,"date":"2025-11-15T11:34:14","date_gmt":"2025-11-15T11:34:14","guid":{"rendered":"https:\/\/www.europesays.com\/pt\/152667\/"},"modified":"2025-11-15T11:34:14","modified_gmt":"2025-11-15T11:34:14","slug":"casas-submersas-apos-noite-de-chuva-forte-em-modivas-jornal-de-noticias","status":"publish","type":"post","link":"https:\/\/www.europesays.com\/pt\/152667\/","title":{"rendered":"Casas submersas ap\u00f3s noite de chuva forte em Modivas &#8211; Jornal de Not\u00edcias"},"content":{"rendered":"<ol>\n<li><a href=\"https:\/\/news.google.com\/rss\/articles\/CBMilgFBVV95cUxNSjB5dG14VGRzbU15TlYyUDVleGU5WU5WclYwbDhTcjdxMFFNcWI1SS1VUkVJaDRXX3J6eDhqdS1zaEY0a0EyT3JOQkNMRU9RRWd5MlZrYnp4ZHg5empoa1JVTXVTSzNRa2REQW1CLWxMdmpqeDB2SmtKUmZIcl8yTU84Rl9WaExyMGhzVFZ3cnIyeFEydnfSAYsBQVVfeXFMUFJod2M2RER5VnFCNVZOOXphSjFJdVZidDgwRXhSWldzZEhrMkJIUUEzalRaQjNGR0RUUlBHNW9SWlRUd29oaTBHb09GaF9URXVXSEo1bm1vcUdYZ0VTZGFidDJrT0c5NmQxYnNKTEM3aUFMLUhsal9hWTNEZEktcHk1S1ZQME9EZ0o4cw?oc=5\" target=\"_blank\" rel=\"nofollow noopener\">Casas submersas ap\u00f3s noite de chuva forte em Modivas<\/a>&nbsp;&nbsp;Jornal de Not\u00edcias<\/li>\n<li><a href=\"https:\/\/news.google.com\/rss\/articles\/CBMipwFBVV95cUxOVWc4elVHbWl3VWRBZ2RUX0E0YmVjajZpNGhYWE1yeWpfUllzRnZ0SGdOUnFyZnAtUWlSMXBNVVhjMV81NWZIT3FpeDh1RGVzZWlncU9INlJFNGxDYW42UjB1SXQxeXZVdDZvMnB0cmNXZTZPLXBQajA5YjdSdkZVSWlyekRKZjZ0MFRsWFV1cHMtSmcwWlNuV3YwSnQxQkx3NnJ4Vnh2QQ?oc=5\" target=\"_blank\" rel=\"nofollow noopener\">Inunda\u00e7\u00f5es em Modivas deixam casas submersas e estradas cortadas (v\u00eddeo e fotos)<\/a>&nbsp;&nbsp;MAIS\/Seman\u00e1rio<\/li>\n<li><a href=\"https:\/\/news.google.com\/rss\/articles\/CBMirAFBVV95cUxOUFV0bVpXOHFkYW40MTVndUc0VHhJRDkwSmJ4cHFXeTlLMEN2UXhFQlRBUS00QWxIVHhXU04yYXRyN1N1a2pmeTBiVkdvMjFreHlDa3BlUWJwSWk2ODUwa0JvT3RIZ2xMYmZKelRjM2NwM2lNaEVvZVJCQXIyVFIwMXhJX0xyVVhxanJuWGJOZV9DcVpIWFozNzF6YlByMFpyUHdZT1BwRjNyTWxi?oc=5\" target=\"_blank\" rel=\"nofollow noopener\">Mau Tempo. Norte \u00e9 a regi\u00e3o mais afetada este s\u00e1bado pela passagem da \u2018Depress\u00e3o Cl\u00e1udia\u2019<\/a>&nbsp;&nbsp;O Amarense<\/li>\n<li><a href=\"https:\/\/news.google.com\/rss\/articles\/CBMinwFBVV95cUxQcFVVSDl5aGtVSVN4ZHhyXzFFMTJnWXItZUlGM2ZNcGNpQnFzeldnOFlPVW1WVll4aW0tM3loU3pWTG9vVjZOOFhET2xpVTQwb2hXbkdjNElmWnBkOHFEaEp2dmp3M3hxZ1d4eDg4ODdlWGU1OVNzbzl3eWJWWUw1eWluRXVaTVF4dFFlQ3YyTHdQdFd3RXVXZGlSRHQ3N2c?oc=5\" target=\"_blank\" rel=\"nofollow noopener\">Alerta (Regi\u00e3o). Casas submersas ap\u00f3s noite de chuva forte em Vila do Conde<\/a>&nbsp;&nbsp;O Vilaverdense \u2013 Jornal<\/li>\n<\/ol>\n","protected":false},"excerpt":{"rendered":"Casas submersas ap\u00f3s noite de chuva forte em Modivas&nbsp;&nbsp;Jornal de Not\u00edcias Inunda\u00e7\u00f5es em Modivas deixam casas submersas e&hellip;\n","protected":false},"author":2,"featured_media":152668,"comment_status":"","ping_status":"","sticky":false,"template":"","format":"standard","meta":{"footnotes":""},"categories":[10],"tags":[27,28,2139,21398,32282,15,16,14,9412,25,26,21,22,8532,32995,12,13,19,20,32,23,24,33,17,18,29,30,31],"class_list":{"0":"post-152667","1":"post","2":"type-post","3":"status-publish","4":"format-standard","5":"has-post-thumbnail","7":"category-portugal","8":"tag-breaking-news","9":"tag-breakingnews","10":"tag-chuva","11":"tag-concelho-vila-do-conde","12":"tag-depressao-claudia","13":"tag-featured-news","14":"tag-featurednews","15":"tag-headlines","16":"tag-inundacoes","17":"tag-latest-news","18":"tag-latestnews","19":"tag-main-news","20":"tag-mainnews","21":"tag-mau-tempo","22":"tag-modivas","23":"tag-news","24":"tag-noticias","25":"tag-noticias-principais","26":"tag-noticiasprincipais","27":"tag-portugal","28":"tag-principais-noticias","29":"tag-principaisnoticias","30":"tag-pt","31":"tag-top-stories","32":"tag-topstories","33":"tag-ultimas","34":"tag-ultimas-noticias","35":"tag-ultimasnoticias"},"share_on_mastodon":{"url":"https:\/\/pubeurope.com\/@pt\/115553505499456319","error":""},"_links":{"self":[{"href":"https:\/\/www.europesays.com\/pt\/wp-json\/wp\/v2\/posts\/152667","targetHints":{"allow":["GET"]}}],"collection":[{"href":"https:\/\/www.europesays.com\/pt\/wp-json\/wp\/v2\/posts"}],"about":[{"href":"https:\/\/www.europesays.com\/pt\/wp-json\/wp\/v2\/types\/post"}],"author":[{"embeddable":true,"href":"https:\/\/www.europesays.com\/pt\/wp-json\/wp\/v2\/users\/2"}],"replies":[{"embeddable":true,"href":"https:\/\/www.europesays.com\/pt\/wp-json\/wp\/v2\/comments?post=152667"}],"version-history":[{"count":0,"href":"https:\/\/www.europesays.com\/pt\/wp-json\/wp\/v2\/posts\/152667\/revisions"}],"wp:featuredmedia":[{"embeddable":true,"href":"https:\/\/www.europesays.com\/pt\/wp-json\/wp\/v2\/media\/152668"}],"wp:attachment":[{"href":"https:\/\/www.europesays.com\/pt\/wp-json\/wp\/v2\/media?parent=152667"}],"wp:term":[{"taxonomy":"category","embeddable":true,"href":"https:\/\/www.europesays.com\/pt\/wp-json\/wp\/v2\/categories?post=152667"},{"taxonomy":"post_tag","embeddable":true,"href":"https:\/\/www.europesays.com\/pt\/wp-json\/wp\/v2\/tags?post=152667"}],"curies":[{"name":"wp","href":"https:\/\/api.w.org\/{rel}","templated":true}]}}