{"id":152670,"date":"2025-11-15T11:37:13","date_gmt":"2025-11-15T11:37:13","guid":{"rendered":"https:\/\/www.europesays.com\/pt\/152670\/"},"modified":"2025-11-15T11:37:13","modified_gmt":"2025-11-15T11:37:13","slug":"o-veu-da-noiva-o-bolo-de-casamento-e-o-beijo-so-se-fala-no-anuncio-de-cristina-ferreira-e-joao-monteiro","status":"publish","type":"post","link":"https:\/\/www.europesays.com\/pt\/152670\/","title":{"rendered":"O v\u00e9u da noiva, o bolo de casamento e o beijo! S\u00f3 se fala no an\u00fancio de Cristina Ferreira e Jo\u00e3o Monteiro"},"content":{"rendered":"<p>Numa campanha em conjunto com o namorado, o treinador de t\u00e9nis Jo\u00e3o Monteiro, <a href=\"https:\/\/selfie.iol.pt\/famosos\/cristina-ferreira\/cristina-ferreira-faz-anuncio-comeca-hoje-uma-nova-historia-de-amor\/20251114\/691766dfd34e3caad84b4db3\" target=\"_blank\" rel=\"nofollow noopener\">Cristina Ferreira<\/a> acaba de lan\u00e7ar os perfumes We: uma fragr\u00e2ncia para homem e outra para mulher.<\/p>\n<p>O an\u00fancio foi feito, esta sexta-feira, dia 14, num evento organizado pela apresentadora e Diretora de Entretenimento e Fic\u00e7\u00e3o da <a href=\"https:\/\/tvi.iol.pt\/\" target=\"_blank\" rel=\"nofollow noopener\">TVI<\/a>, no qual marcaram presen\u00e7a conhecidos rostos como Rita Pereira, Ana Guiomar, Marcia Soares, Fl\u00e1vio Furtado e Bernardo Sousa.<\/p>\n<p>No v\u00eddeo promocional, Cristina Ferreira e <a href=\"https:\/\/selfie.iol.pt\/famosos\/cristina-ferreira\/vestidos-de-noivos-cristina-ferreira-e-joao-monteiro-anunciam-surpresa-um-casamento-para-a-vida\/20251114\/6917828fd34e2bd5c6d40797\" target=\"_blank\" rel=\"nofollow noopener\">Jo\u00e3o Monteiro<\/a> surgem vestidos de noivos. O v\u00e9u, o bolo de casamento e o beijo do casal s\u00e3o pormenores que est\u00e3o a captar a aten\u00e7\u00e3o dos f\u00e3s.<\/p>\n<p>Veja, agora, o v\u00eddeo com o surpreendente an\u00fancio de Cristina Ferreira.<\/p>\n<blockquote class=\"instagram-media\" data-instgrm-captioned=\"\" data-instgrm-permalink=\"https:\/\/www.instagram.com\/reel\/DRDD5JrDPom\/?utm_source=ig_embed&amp;utm_campaign=loading\" data-instgrm-version=\"14\" style=\" background:#FFF; border:0; border-radius:3px; box-shadow:0 0 1px 0 rgba(0,0,0,0.5),0 1px 10px 0 rgba(0,0,0,0.15); margin: 1px; max-width:540px; min-width:326px; padding:0; width:99.375%; width:-webkit-calc(100% - 2px); width:calc(100% - 2px);\">\n<\/blockquote>\n<p>\u00a0<\/p>\n<p>                        <script async src=\"\/\/www.instagram.com\/embed.js\"><\/script><\/p>\n","protected":false},"excerpt":{"rendered":"Numa campanha em conjunto com o namorado, o treinador de t\u00e9nis Jo\u00e3o Monteiro, Cristina Ferreira acaba de lan\u00e7ar&hellip;\n","protected":false},"author":2,"featured_media":152671,"comment_status":"","ping_status":"","sticky":false,"template":"","format":"standard","meta":{"footnotes":""},"categories":[145],"tags":[3539,211,210,166,11829,114,115,980,1015,6470,619,11865,32996,32,33,1012,162,32997],"class_list":{"0":"post-152670","1":"post","2":"type-post","3":"status-publish","4":"format-standard","5":"has-post-thumbnail","7":"category-celebridades","8":"tag-apresentadora","9":"tag-celebridades","10":"tag-celebrities","11":"tag-cristina-ferreira","12":"tag-diretora-de-entretenimento-e-ficcao-da-tvi","13":"tag-entertainment","14":"tag-entretenimento","15":"tag-famosos","16":"tag-instagram","17":"tag-joao-monteiro","18":"tag-nacional","19":"tag-perfume","20":"tag-perfumes","21":"tag-portugal","22":"tag-pt","23":"tag-selfie","24":"tag-tvi","25":"tag-we"},"share_on_mastodon":{"url":"https:\/\/pubeurope.com\/@pt\/115553517117121526","error":""},"_links":{"self":[{"href":"https:\/\/www.europesays.com\/pt\/wp-json\/wp\/v2\/posts\/152670","targetHints":{"allow":["GET"]}}],"collection":[{"href":"https:\/\/www.europesays.com\/pt\/wp-json\/wp\/v2\/posts"}],"about":[{"href":"https:\/\/www.europesays.com\/pt\/wp-json\/wp\/v2\/types\/post"}],"author":[{"embeddable":true,"href":"https:\/\/www.europesays.com\/pt\/wp-json\/wp\/v2\/users\/2"}],"replies":[{"embeddable":true,"href":"https:\/\/www.europesays.com\/pt\/wp-json\/wp\/v2\/comments?post=152670"}],"version-history":[{"count":0,"href":"https:\/\/www.europesays.com\/pt\/wp-json\/wp\/v2\/posts\/152670\/revisions"}],"wp:featuredmedia":[{"embeddable":true,"href":"https:\/\/www.europesays.com\/pt\/wp-json\/wp\/v2\/media\/152671"}],"wp:attachment":[{"href":"https:\/\/www.europesays.com\/pt\/wp-json\/wp\/v2\/media?parent=152670"}],"wp:term":[{"taxonomy":"category","embeddable":true,"href":"https:\/\/www.europesays.com\/pt\/wp-json\/wp\/v2\/categories?post=152670"},{"taxonomy":"post_tag","embeddable":true,"href":"https:\/\/www.europesays.com\/pt\/wp-json\/wp\/v2\/tags?post=152670"}],"curies":[{"name":"wp","href":"https:\/\/api.w.org\/{rel}","templated":true}]}}