{"id":152674,"date":"2025-11-15T11:41:20","date_gmt":"2025-11-15T11:41:20","guid":{"rendered":"https:\/\/www.europesays.com\/pt\/152674\/"},"modified":"2025-11-15T11:41:20","modified_gmt":"2025-11-15T11:41:20","slug":"band-fm-promove-show-exclusivo-com-simone-mendes-em-celebracao-aos-50-anos-da-emissora","status":"publish","type":"post","link":"https:\/\/www.europesays.com\/pt\/152674\/","title":{"rendered":"Band FM promove show exclusivo com Simone Mendes em celebra\u00e7\u00e3o aos 50 anos da emissora"},"content":{"rendered":"<p>A <strong>Band FM 96.1 de S\u00e3o Paulo<\/strong> realiza nesta sexta-feira (14), \u00e0s 19h30, um show exclusivo com a cantora <strong>Simone Mendes<\/strong>, ao vivo para toda a rede. A apresenta\u00e7\u00e3o ocorre diretamente do <strong>Audit\u00f3rio Jo\u00e3o Jorge Saad<\/strong>, na sede do <strong>Grupo Bandeirantes de Comunica\u00e7\u00e3o<\/strong>, e integra as a\u00e7\u00f5es comemorativas pelos 50 anos da r\u00e1dio, celebrados oficialmente em 2025.<\/p>\n<p>O evento ter\u00e1 formato intimista e contar\u00e1 com a presen\u00e7a de <strong>50 ouvintes sorteados<\/strong> pela promo\u00e7\u00e3o <strong>&#8220;Band FM De Pertinho&#8221;<\/strong>, que poder\u00e3o acompanhar de perto a performance da artista e participar de um bate-papo conduzido pelos comunicadores <strong>Murillo Huada, Tat\u00e1 Lima e Kak\u00e1 Meyer<\/strong>.\u00a0Entre os destaques do repert\u00f3rio est\u00e3o sucessos como <strong>\u201cSaudade Proibida\u201d<\/strong>, <strong>\u201cErro Gostoso\u201d<\/strong>, <strong>\u201cDois Fugitivos\u201d<\/strong> e <strong>\u201cP de Pecado\u201d<\/strong>. A transmiss\u00e3o ser\u00e1 feita em multiplataforma, por meio das <strong>redes sociais<\/strong> da emissora, do <strong>YouTube<\/strong> e pelo aplicativo <strong>Bandplay<\/strong>.<\/p>\n<p>\u201cAo lado de Tat\u00e1, temos a miss\u00e3o de proporcionar momentos \u00fanicos aos nossos ouvintes, como fizemos em outubro com <strong>Maiara e Maraisa<\/strong>. Agora, receberemos <strong>Simone Mendes<\/strong>, uma das maiores estrelas da m\u00fasica brasileira, para uma noite especial que marca nossa trajet\u00f3ria de sucesso no r\u00e1dio brasileiro\u201d, destaca <strong>Murillo Huada<\/strong>, diretor art\u00edstico da Band FM e apresentador do programa <strong>\u201cQuem Ama N\u00e3o Esquece\u201d<\/strong>.<\/p>\n<p>A s\u00e9rie de shows segue com nova edi\u00e7\u00e3o j\u00e1 confirmada: <strong>Fernando e Sorocaba<\/strong> se apresentam no dia <strong>9 de dezembro<\/strong>, tamb\u00e9m dentro da campanha de celebra\u00e7\u00e3o dos <strong>50 anos da Band FM<\/strong>.<\/p>\n<p style=\"text-align: center;\"><img decoding=\"async\" alt=\"\" src=\"https:\/\/www.europesays.com\/pt\/wp-content\/uploads\/2025\/11\/691735f7c9ee8.jpg\" style=\"height:783px; width:652px\" \/><\/p>\n<p>Com presen\u00e7a nacional, a <strong>Band FM<\/strong>\u00a0segue mantendo-se entre as l\u00edderes\u00a0<strong>de audi\u00eancia na Grande S\u00e3o Paulo h\u00e1 10 anos<\/strong>, principal mercado de r\u00e1dio da Am\u00e9rica Latina. A rede conta atualmente com <strong>70 afiliadas<\/strong> em <strong>13 estados brasileiros<\/strong>, alcan\u00e7ando cerca de <strong>85 milh\u00f5es de ouvintes em potencial<\/strong> de Norte a Sul do pa\u00eds.<\/p>\n<p>No <strong><a href=\"https:\/\/tudoradio.com\/noticias\/ver\/34014-panorama-band-fm-reassume-lideranca-de-audiencia-nativa-fm-gazeta-e-kiss-fm-avancam-em-sao-paulo\" rel=\"nofollow noopener\" target=\"_blank\">\u00faitimo levantamento de audi\u00eancia divulgado pela Kantar IBOPE Media<\/a><\/strong>, e publicado\u00a0pelo <strong>tudoradio.com<\/strong>, a\u00a0<strong>Band FM<\/strong>\u00a0foi o principal destaque da\u00a0medi\u00e7\u00e3o em S\u00e3o Paulo. Isso porque a emissora reconquistou a lideran\u00e7a geral de audi\u00eancia nos principais per\u00edodos da pesquisa, o que inclui o 05h-00h (05h-00h\/FM+WEB\/todos os dias e locais\/trimestre agosto a outubro de 2025), ap\u00f3s um crescimento pr\u00f3ximo a 3,7% na compara\u00e7\u00e3o com os dados anteriores.\u00a0<\/p>\n<p>\n\t\t\t\tA reprodu\u00e7\u00e3o das not\u00edcias e das pautas \u00e9 autorizada desde que contenha a assinatura &#8216;tudoradio.com&#8217;<\/p>\n<p>&#13;<br \/>\n\t\t\t\tTags:&#13;<br \/>\n\t\t\t\tBand FM, Simone Mendes, show exclusivo, 50 anos Band FM, Grupo Bandeirantes, m\u00fasica sertaneja, r\u00e1dio ao vivo&#13;\n\t\t\t<\/p>\n","protected":false},"excerpt":{"rendered":"A Band FM 96.1 de S\u00e3o Paulo realiza nesta sexta-feira (14), \u00e0s 19h30, um show exclusivo com a&hellip;\n","protected":false},"author":2,"featured_media":152675,"comment_status":"","ping_status":"","sticky":false,"template":"","format":"standard","meta":{"footnotes":""},"categories":[141],"tags":[33001,32999,114,115,31617,149,150,19812,32,33,25023,33000,6788],"class_list":{"0":"post-152674","1":"post","2":"type-post","3":"status-publish","4":"format-standard","5":"has-post-thumbnail","7":"category-musica","8":"tag-50-anos-band-fm","9":"tag-band-fm","10":"tag-entertainment","11":"tag-entretenimento","12":"tag-grupo-bandeirantes","13":"tag-music","14":"tag-musica","15":"tag-musica-sertaneja","16":"tag-portugal","17":"tag-pt","18":"tag-radio-ao-vivo","19":"tag-show-exclusivo","20":"tag-simone-mendes"},"share_on_mastodon":{"url":"https:\/\/pubeurope.com\/@pt\/115553533155313330","error":""},"_links":{"self":[{"href":"https:\/\/www.europesays.com\/pt\/wp-json\/wp\/v2\/posts\/152674","targetHints":{"allow":["GET"]}}],"collection":[{"href":"https:\/\/www.europesays.com\/pt\/wp-json\/wp\/v2\/posts"}],"about":[{"href":"https:\/\/www.europesays.com\/pt\/wp-json\/wp\/v2\/types\/post"}],"author":[{"embeddable":true,"href":"https:\/\/www.europesays.com\/pt\/wp-json\/wp\/v2\/users\/2"}],"replies":[{"embeddable":true,"href":"https:\/\/www.europesays.com\/pt\/wp-json\/wp\/v2\/comments?post=152674"}],"version-history":[{"count":0,"href":"https:\/\/www.europesays.com\/pt\/wp-json\/wp\/v2\/posts\/152674\/revisions"}],"wp:featuredmedia":[{"embeddable":true,"href":"https:\/\/www.europesays.com\/pt\/wp-json\/wp\/v2\/media\/152675"}],"wp:attachment":[{"href":"https:\/\/www.europesays.com\/pt\/wp-json\/wp\/v2\/media?parent=152674"}],"wp:term":[{"taxonomy":"category","embeddable":true,"href":"https:\/\/www.europesays.com\/pt\/wp-json\/wp\/v2\/categories?post=152674"},{"taxonomy":"post_tag","embeddable":true,"href":"https:\/\/www.europesays.com\/pt\/wp-json\/wp\/v2\/tags?post=152674"}],"curies":[{"name":"wp","href":"https:\/\/api.w.org\/{rel}","templated":true}]}}