{"id":152680,"date":"2025-11-15T11:49:16","date_gmt":"2025-11-15T11:49:16","guid":{"rendered":"https:\/\/www.europesays.com\/pt\/152680\/"},"modified":"2025-11-15T11:49:16","modified_gmt":"2025-11-15T11:49:16","slug":"trump-retira-tarifas-alfandegarias-que-tinha-imposto-sobre-carne-de-vaca-cafe-e-bananas","status":"publish","type":"post","link":"https:\/\/www.europesays.com\/pt\/152680\/","title":{"rendered":"Trump retira tarifas alfandeg\u00e1rias que tinha imposto sobre carne de vaca, caf\u00e9 e bananas"},"content":{"rendered":"<p data-remotead-prev-elm=\"true\" data-remotead-elm-id=\"inread\">&#8220;Determinei que certos produtos agr\u00edcolas n\u00e3o deveriam estar sujeitos \u00e0s tarifas alfandeg\u00e1rias rec\u00edprocas&#8221; implementadas em abril, afirmou Donald Trump no decreto.<\/p>\n<p>O chefe de Estado tomou esta decis\u00e3o num momento em que a sua administra\u00e7\u00e3o est\u00e1 sob press\u00e3o para reduzir o custo de vida dos americanos.<\/p>\n<p>A lista integra produtos que os Estados Unidos n\u00e3o conseguem cultivar, ou produzem apenas em quantidade insuficiente face \u00e0s necessidades, como o caf\u00e9, o ch\u00e1, as bananas e outras frutas ex\u00f3ticas, ou ainda os pinh\u00f5es.<\/p>\n<p data-remotead-prev-elm=\"true\" data-remotead-elm-id=\"centro1\">Mas h\u00e1 tamb\u00e9m pe\u00e7as de carne de vaca, embora o pre\u00e7o desta carne tenha alcan\u00e7ado n\u00edveis recorde no pa\u00eds.<\/p>\n<p>Em abril, o presidente americano imp\u00f4s direitos aduaneiros ditos &#8220;rec\u00edprocos&#8221;, de pelo menos 10% sobre a maioria dos produtos que entram nos Estados Unidos, em nome da redu\u00e7\u00e3o do d\u00e9fice comercial do pa\u00eds e do apoio \u00e0 produ\u00e7\u00e3o local.<\/p>\n<p>Estes impostos abrangiam at\u00e9 produtos que n\u00e3o podem ser criados em solo americano.<\/p>\n<p data-remotead-prev-elm=\"true\" data-remotead-elm-id=\"centro2\">Ap\u00f3s uma derrota contundente nas elei\u00e7\u00f5es locais, a maioria republicana voltou a colocar a quest\u00e3o do custo de vida no topo das suas prioridades.<\/p>\n<p>Donald Trump tinha sido reeleito garantindo que melhoraria o poder de compra dos americanos. A Casa Branca quis salientar esta semana as medidas tomadas para reduzir os pre\u00e7os de produtos de primeira necessidade, como a gasolina e os ovos, bem como o an\u00fancio de um acordo para reduzir os pre\u00e7os de alguns medicamentos para emagrecer.<\/p>\n<p>  A Casa Branca tinha anunciou na quinta-feira a conclus\u00e3o de acordos comerciais com Argentina, Guatemala, Equador e El Salvador, prevendo taxas mais reduzidas para entrada de certas categorias de produtos destes pa\u00edses no mercado norte-americano.<\/p>\n<p data-remotead-prev-elm=\"true\" data-remotead-elm-id=\"centro3\">Em quatro comunicados separados publicados no seu site, a presid\u00eancia dos Estados Unidos refere que os referidos pa\u00edses latino-americanos beneficiar\u00e3o de tarifas de importa\u00e7\u00e3o reduzidas sobre certos produtos, como os agr\u00edcolas e t\u00eaxteis, em troca de uma s\u00e9rie de compromissos, incluindo abertura dos seus mercados aos produtos norte-americanos.<\/p>\n<p>Um alto respons\u00e1vel norte-americano citado pela AFP indicou que &#8220;se manteriam inalteradas&#8221; as tarifas gerais de 10% impostas aos produtos da Guatemala, El Salvador e Argentina, e de 15% aos do Equador, mas que haveria &#8220;uma redu\u00e7\u00e3o&#8221; em v\u00e1rios produtos.<\/p>\n<p>O alto funcion\u00e1rio, que pediu anonimato, citou como exemplo as bananas, de que a Guatemala \u00e9 um fornecedor de peso (41% do total das importa\u00e7\u00f5es pelos Estados Unidos), al\u00e9m do Equador (19%).<\/p>\n<p data-remotead-prev-elm=\"true\" data-remotead-elm-id=\"centro4\">Por outro lado, a Argentina comprometeu-se a abrir o seu mercado ao gado e \u00e0s aves norte-americanas, bem como a simplificar a entrada de carne de bovino.<\/p>\n<p>Alguns dos acordos anunciados hoje garantem tamb\u00e9m, segundo a referida fonte, o acesso dos Estados Unidos a minerais estrat\u00e9gicos.<\/p>\n","protected":false},"excerpt":{"rendered":"&#8220;Determinei que certos produtos agr\u00edcolas n\u00e3o deveriam estar sujeitos \u00e0s tarifas alfandeg\u00e1rias rec\u00edprocas&#8221; implementadas em abril, afirmou Donald&hellip;\n","protected":false},"author":2,"featured_media":152681,"comment_status":"","ping_status":"","sticky":false,"template":"","format":"standard","meta":{"footnotes":""},"categories":[50],"tags":[27,28,92,413,15,16,14,25,26,21,22,62,12,13,19,20,23,24,717,17,18,29,30,31,63,64,65],"class_list":{"0":"post-152680","1":"post","2":"type-post","3":"status-publish","4":"format-standard","5":"has-post-thumbnail","7":"category-mundo","8":"tag-breaking-news","9":"tag-breakingnews","10":"tag-donald-trump","11":"tag-eua","12":"tag-featured-news","13":"tag-featurednews","14":"tag-headlines","15":"tag-latest-news","16":"tag-latestnews","17":"tag-main-news","18":"tag-mainnews","19":"tag-mundo","20":"tag-news","21":"tag-noticias","22":"tag-noticias-principais","23":"tag-noticiasprincipais","24":"tag-principais-noticias","25":"tag-principaisnoticias","26":"tag-tarifas","27":"tag-top-stories","28":"tag-topstories","29":"tag-ultimas","30":"tag-ultimas-noticias","31":"tag-ultimasnoticias","32":"tag-world","33":"tag-world-news","34":"tag-worldnews"},"share_on_mastodon":{"url":"https:\/\/pubeurope.com\/@pt\/115553564505950814","error":""},"_links":{"self":[{"href":"https:\/\/www.europesays.com\/pt\/wp-json\/wp\/v2\/posts\/152680","targetHints":{"allow":["GET"]}}],"collection":[{"href":"https:\/\/www.europesays.com\/pt\/wp-json\/wp\/v2\/posts"}],"about":[{"href":"https:\/\/www.europesays.com\/pt\/wp-json\/wp\/v2\/types\/post"}],"author":[{"embeddable":true,"href":"https:\/\/www.europesays.com\/pt\/wp-json\/wp\/v2\/users\/2"}],"replies":[{"embeddable":true,"href":"https:\/\/www.europesays.com\/pt\/wp-json\/wp\/v2\/comments?post=152680"}],"version-history":[{"count":0,"href":"https:\/\/www.europesays.com\/pt\/wp-json\/wp\/v2\/posts\/152680\/revisions"}],"wp:featuredmedia":[{"embeddable":true,"href":"https:\/\/www.europesays.com\/pt\/wp-json\/wp\/v2\/media\/152681"}],"wp:attachment":[{"href":"https:\/\/www.europesays.com\/pt\/wp-json\/wp\/v2\/media?parent=152680"}],"wp:term":[{"taxonomy":"category","embeddable":true,"href":"https:\/\/www.europesays.com\/pt\/wp-json\/wp\/v2\/categories?post=152680"},{"taxonomy":"post_tag","embeddable":true,"href":"https:\/\/www.europesays.com\/pt\/wp-json\/wp\/v2\/tags?post=152680"}],"curies":[{"name":"wp","href":"https:\/\/api.w.org\/{rel}","templated":true}]}}