{"id":152687,"date":"2025-11-15T11:55:11","date_gmt":"2025-11-15T11:55:11","guid":{"rendered":"https:\/\/www.europesays.com\/pt\/152687\/"},"modified":"2025-11-15T11:55:11","modified_gmt":"2025-11-15T11:55:11","slug":"veja-imagens-projeto-retrato-solidario-realiza-ensaios-fotograficos-gratuitos-em-aldeia-indigena-de-vilhena","status":"publish","type":"post","link":"https:\/\/www.europesays.com\/pt\/152687\/","title":{"rendered":"VEJA IMAGENS: Projeto \u201cRetrato Solid\u00e1rio\u201d realiza ensaios fotogr\u00e1ficos gratuitos em aldeia ind\u00edgena de Vilhena"},"content":{"rendered":"<p>                    <img decoding=\"async\" src=\"https:\/\/www.europesays.com\/pt\/wp-content\/uploads\/2025\/11\/iessa.jpeg\" class=\"capa bordaRedonda\" alt=\"\"\/><\/p>\n<p>                15\/11\/2025 06:43:00<\/p>\n<p>                    \u00a0<br \/>&#13;<br \/>\n<strong>A iniciativa ocorreu na aldeia Sowainte, situada a aproximadamente 65 quil\u00f4metros da \u00e1rea urbana<\/strong><br \/>&#13;<br \/>\n\u00a0<br \/>&#13;<br \/>\nO gabinete da vereadora vilhenense Amanda Areval promoveu, no \u00faltimo fim de semana, uma edi\u00e7\u00e3o do projeto \u201cRetrato Solid\u00e1rio\u201d, a\u00e7\u00e3o que tem como objetivo registrar e valorizar a identidade cultural de comunidades ind\u00edgenas da regi\u00e3o. A iniciativa ocorreu na aldeia Sowainte, situada a aproximadamente 65 quil\u00f4metros da \u00e1rea urbana, e contou com a participa\u00e7\u00e3o volunt\u00e1ria de fot\u00f3grafos profissionais.<br \/>&#13;<br \/>\n\u00a0<br \/>&#13;<br \/>\nOs fot\u00f3grafos Israel Carvalho, Mateus Carvalho e Herbert Weil montaram um est\u00fadio improvisado na escola local da comunidade e realizaram ensaios fotogr\u00e1ficos gratuitos com dezenas de fam\u00edlias de diferentes etnias. A a\u00e7\u00e3o resultou em centenas de retratos, muitos deles representando as primeiras fotos profissionais que os moradores tiveram a oportunidade de obter.<br \/>&#13;<br \/>\n\u00a0<br \/>&#13;<br \/>\nDe acordo com lideran\u00e7as da aldeia, o projeto foi recebido como um momento significativo para a comunidade, oferecendo \u00e0s fam\u00edlias a chance de registrar ocasi\u00f5es especiais e fortalecendo o sentimento de identidade e preserva\u00e7\u00e3o cultural.<br \/>&#13;<br \/>\n\u00a0<br \/>&#13;<br \/>\nA vereadora Amanda Areval destacou que outras comunidades ind\u00edgenas manifestaram interesse em receber o projeto. Segundo ela, o gabinete j\u00e1 trabalha na organiza\u00e7\u00e3o de novas edi\u00e7\u00f5es para ampliar o alcance da iniciativa e beneficiar mais fam\u00edlias da regi\u00e3o.<br \/>&#13;<br \/>\n\u00a0<br \/>&#13;<br \/>\nO \u201cRetrato Solid\u00e1rio\u201d integra as a\u00e7\u00f5es sociais desenvolvidas pelo gabinete da parlamentar e busca promover inclus\u00e3o e valoriza\u00e7\u00e3o cultural por meio da fotografia, aproximando diferentes grupos e respeitando suas tradi\u00e7\u00f5es.<br \/>&#13;<br \/>\n\u00a0<br \/>&#13;<br \/>\nNovas edi\u00e7\u00f5es do projeto est\u00e3o previstas, refor\u00e7ando o compromisso com a promo\u00e7\u00e3o da cidadania e da diversidade cultural nas comunidades ind\u00edgenas de Vilhena e arredores.<br \/>&#13;<br \/>\n\u00a0\n                <\/p>\n<p><strong>Fonte: <\/strong>Folha do Sul<br \/><strong>Autor: <\/strong>Da reda\u00e7\u00e3o<\/p>\n","protected":false},"excerpt":{"rendered":"15\/11\/2025 06:43:00 \u00a0&#13; A iniciativa ocorreu na aldeia Sowainte, situada a aproximadamente 65 quil\u00f4metros da \u00e1rea urbana&#13; \u00a0&#13;&hellip;\n","protected":false},"author":2,"featured_media":152688,"comment_status":"","ping_status":"","sticky":false,"template":"","format":"standard","meta":{"footnotes":""},"categories":[144],"tags":[33005,207,205,206,203,201,202,1458,204,6154,14463,114,115,33003,33004,21994,21503,32,4108,33,12488,32636,33002,1547,33006],"class_list":{"0":"post-152687","1":"post","2":"type-post","3":"status-publish","4":"format-standard","5":"has-post-thumbnail","7":"category-arte-e-design","8":"tag-aldeia","9":"tag-arte","10":"tag-arte-e-design","11":"tag-artedesign","12":"tag-arts","13":"tag-arts-and-design","14":"tag-artsanddesign","15":"tag-de","16":"tag-design","17":"tag-em","18":"tag-ensaios","19":"tag-entertainment","20":"tag-entretenimento","21":"tag-fotograficos","22":"tag-gratuitos","23":"tag-imagens","24":"tag-indigena","25":"tag-portugal","26":"tag-projeto","27":"tag-pt","28":"tag-realiza","29":"tag-retrato","30":"tag-solidario","31":"tag-veja","32":"tag-vilhena"},"share_on_mastodon":{"url":"https:\/\/pubeurope.com\/@pt\/115553588156861310","error":""},"_links":{"self":[{"href":"https:\/\/www.europesays.com\/pt\/wp-json\/wp\/v2\/posts\/152687","targetHints":{"allow":["GET"]}}],"collection":[{"href":"https:\/\/www.europesays.com\/pt\/wp-json\/wp\/v2\/posts"}],"about":[{"href":"https:\/\/www.europesays.com\/pt\/wp-json\/wp\/v2\/types\/post"}],"author":[{"embeddable":true,"href":"https:\/\/www.europesays.com\/pt\/wp-json\/wp\/v2\/users\/2"}],"replies":[{"embeddable":true,"href":"https:\/\/www.europesays.com\/pt\/wp-json\/wp\/v2\/comments?post=152687"}],"version-history":[{"count":0,"href":"https:\/\/www.europesays.com\/pt\/wp-json\/wp\/v2\/posts\/152687\/revisions"}],"wp:featuredmedia":[{"embeddable":true,"href":"https:\/\/www.europesays.com\/pt\/wp-json\/wp\/v2\/media\/152688"}],"wp:attachment":[{"href":"https:\/\/www.europesays.com\/pt\/wp-json\/wp\/v2\/media?parent=152687"}],"wp:term":[{"taxonomy":"category","embeddable":true,"href":"https:\/\/www.europesays.com\/pt\/wp-json\/wp\/v2\/categories?post=152687"},{"taxonomy":"post_tag","embeddable":true,"href":"https:\/\/www.europesays.com\/pt\/wp-json\/wp\/v2\/tags?post=152687"}],"curies":[{"name":"wp","href":"https:\/\/api.w.org\/{rel}","templated":true}]}}