{"id":152689,"date":"2025-11-15T11:57:20","date_gmt":"2025-11-15T11:57:20","guid":{"rendered":"https:\/\/www.europesays.com\/pt\/152689\/"},"modified":"2025-11-15T11:57:20","modified_gmt":"2025-11-15T11:57:20","slug":"apos-descobrir-que-viviane-e-trans-leonardo-questiona-a-propria-sexualidade","status":"publish","type":"post","link":"https:\/\/www.europesays.com\/pt\/152689\/","title":{"rendered":"ap\u00f3s descobrir que Viviane \u00e9 trans, Leonardo questiona a pr\u00f3pria sexualidade"},"content":{"rendered":"\n<ul class=\"content-unordered-list\">\n<li><strong>Mais &#8216;Tr\u00eas Gra\u00e7as&#8217;:<\/strong> <a class=\"\" href=\"https:\/\/oglobo.globo.com\/play\/novelas\/noticia\/2025\/11\/11\/tres-gracas-comeca-o-grupo-de-discussao-sobre-a-novela-que-tera-a-entrada-de-viviane-araujo-no-nucleo-de-belo-saiba-o-que-esta-sendo-planejado.ghtml\" rel=\"nofollow noopener\" target=\"_blank\">come\u00e7a o grupo de discuss\u00e3o sobre a novela, que ter\u00e1 a entrada de Viviane Ara\u00fajo para contracenar com Belo. Saiba o que est\u00e1 sendo planejado<\/a><\/li>\n<li><strong>Leia tamb\u00e9m:<\/strong> <a class=\"\" href=\"https:\/\/oglobo.globo.com\/play\/novelas\/noticia\/2025\/11\/10\/tres-gracas-rogerio-aparece-para-josefa-em-visao.ghtml\" rel=\"nofollow noopener\" target=\"_blank\">Em &#8216;Tr\u00eas Gra\u00e7as&#8217;, Rog\u00e9rio, o ex-marido de Arminda, aparece para Josefa em vis\u00e3o<\/a><\/li>\n<\/ul>\n<p class=\" content-text__container \" data-track-category=\"Link no Texto\" data-track-links=\"\"> Desnorteado<a class=\"\" href=\"https:\/\/oglobo.globo.com\/play\/novelas\/noticia\/2025\/11\/14\/tres-gracas-apos-descobrir-que-viviane-e-trans-leonardo-acaba-preso-entenda.ghtml\" rel=\"nofollow noopener\" target=\"_blank\"> ap\u00f3s ficar sabendo a verdade sobre Viviane<\/a>, o filho de Ferette (<a class=\"\" href=\"https:\/\/oglobo.globo.com\/tudo-sobre\/personalidade\/murilo-benicio\" rel=\"nofollow noopener\" target=\"_blank\">Murilo Ben\u00edcio<\/a>) come\u00e7ar\u00e1 a faltar o trabalho e a parar de se arrumar e de tomar banho. Zenilda (<a class=\"\" href=\"https:\/\/oglobo.globo.com\/tudo-sobre\/personalidade\/andreia-horta\/\" rel=\"nofollow noopener\" target=\"_blank\">Andr\u00e9ia Horta<\/a>) e Lorena (<a class=\"\" href=\"https:\/\/oglobo.globo.com\/tudo-sobre\/personalidade\/alanis-guillen\/\" rel=\"nofollow noopener\" target=\"_blank\">Alanis Guillen<\/a>) ficar\u00e3o preocupadas e tentar\u00e3o anim\u00e1-lo. <\/p>\n<p class=\" content-text__container \" data-track-category=\"Link no Texto\" data-track-links=\"\"> Ap\u00f3s uma conversa com a irm\u00e3, Leonardo decidir\u00e1 pedir perd\u00e3o para Viviane, mas a conversa n\u00e3o sair\u00e1 como ele esperava. O rapaz dir\u00e1 que n\u00e3o h\u00e1 nada de errado com a farmac\u00eautica, e, sim, com ele. <\/p>\n<p class=\" content-text__container \" data-track-category=\"Link no Texto\" data-track-links=\"\"> \u2014 Deixa ver se eu explico. Se voc\u00ea n\u00e3o \u00e9 uma mulher no sentido b\u00edblico do termo e se, mesmo assim, eu me senti atra\u00eddo por voc\u00ea, ent\u00e3o sou eu quem est\u00e1 errado. <\/p>\n<p class=\" content-text__container \" data-track-category=\"Link no Texto\" data-track-links=\"\"> Viviane ficar\u00e1 confusa, e Leonardo afirmar\u00e1: <\/p>\n<p class=\" content-text__container \" data-track-category=\"Link no Texto\" data-track-links=\"\"> \u2014 Talvez eu me sinta atra\u00eddo por homens, mesmo sem saber. <\/p>\n<ul class=\"content-unordered-list\">\n<li><strong>TV e famosos:<\/strong> <a class=\"\" href=\"https:\/\/www.whatsapp.com\/channel\/0029Va3JQfiDTkJwvhCFGq1r\" target=\"_blank\" rel=\"nofollow noopener\">se inscreva no canal da coluna Play no WhatsApp<\/a><\/li>\n<\/ul>\n<p class=\" content-text__container \" data-track-category=\"Link no Texto\" data-track-links=\"\"> A farmac\u00eautica perguntar\u00e1 o que ele far\u00e1 sobre isso, mas a resposta de Leonardo n\u00e3o a agradar\u00e1. <\/p>\n<p class=\" content-text__container \" data-track-category=\"Link no Texto\" data-track-links=\"\"> \u2014 Vou ter que procurar um m\u00e9dico ou, sei l\u00e1, algum especialista neste assunto&#8230; Para me curar disso \u2014 responder\u00e1 o rapaz. <\/p>\n<p class=\" content-text__container \" data-track-category=\"Link no Texto\" data-track-links=\"\"> Viviane ficar\u00e1 furiosa e pedir\u00e1 para Leonardo sumir da sua vida de uma vez por todas. <\/p>\n<p>    Veja filhos de atores e atrizes que resolveram seguir a carreira dos pais           <img decoding=\"async\" id=\"image-id-tumb-c2064cbb-c0a4-4140-b736-c653e628554d\" alt=\"Pedro Novaes segue a carreira do pai, Marcello Novaes \u2014 Foto: Reprodu\u00e7\u00e3o\/Instagram\" src=\"https:\/\/www.europesays.com\/pt\/wp-content\/uploads\/2025\/11\/marcello-novaes-filho-pedro-novaes-widelg.jpg\" loading=\"lazy\" height=\"450\" width=\"800\" data-posicao=\"1\" role=\"button\" tabindex=\"0\"\/>    <img decoding=\"async\" id=\"image-id-c2064cbb-c0a4-4140-b736-c653e628554d\" class=\"gallery-photo\" alt=\"Pedro Novaes segue a carreira do pai, Marcello Novaes \u2014 Foto: Reprodu\u00e7\u00e3o\/Instagram\" src=\"https:\/\/www.europesays.com\/pt\/wp-content\/uploads\/2025\/11\/1763207834_657_marcello-novaes-filho-pedro-novaes-widelg.jpg\" loading=\"lazy\" height=\"450\" width=\"800\"\/>  <\/p>\n<p> 1 de 8 <br \/>&#13;Pedro Novaes segue a carreira do pai, Marcello Novaes \u2014 Foto: Reprodu\u00e7\u00e3o\/Instagram <\/p>\n<p>     <img decoding=\"async\" id=\"image-id-tumb-95b96f75-b012-4eae-a260-725317958bcc\" alt=\"Felipe Ricca, filho de Marco Ricca e Adriana Esteves, seguiu os passos dos pais e estar\u00e1 no remake de 'Vale tudo' \u2014 Foto: Reprodu\u00e7\u00e3o\/Instagram\" src=\"https:\/\/www.europesays.com\/pt\/wp-content\/uploads\/2025\/11\/21-01-2000-.jpg\" loading=\"lazy\" height=\"1350\" width=\"1080\" data-posicao=\"2\" role=\"button\" tabindex=\"0\"\/>    <img decoding=\"async\" id=\"image-id-95b96f75-b012-4eae-a260-725317958bcc\" class=\"gallery-photo\" alt=\"Felipe Ricca, filho de Marco Ricca e Adriana Esteves, seguiu os passos dos pais e estar\u00e1 no remake de 'Vale tudo' \u2014 Foto: Reprodu\u00e7\u00e3o\/Instagram\" src=\"https:\/\/www.europesays.com\/pt\/wp-content\/uploads\/2025\/11\/1763207836_58_21-01-2000-.jpg\" loading=\"lazy\" height=\"1350\" width=\"1080\"\/>  <\/p>\n<p> 2 de 8 <br \/>&#13;Felipe Ricca, filho de Marco Ricca e Adriana Esteves, seguiu os passos dos pais e estar\u00e1 no remake de &#8216;Vale tudo&#8217; \u2014 Foto: Reprodu\u00e7\u00e3o\/Instagram <\/p>\n<p>       <img decoding=\"async\" id=\"image-id-tumb-ed037325-0b1c-4081-a5b7-038283b5570e\" alt=\"Pedro Waddington, filho de Helena Ranaldi e Ricardo Waddington, tamb\u00e9m estar\u00e1 no remake de 'Vale tudo' \u2014 Foto: Reprodu\u00e7\u00e3o\/Instagram\" src=\"https:\/\/www.europesays.com\/pt\/wp-content\/uploads\/2025\/11\/meus-tracos-teus-sao-pistas-do-nosso-tao-forte-laco.-feliz-dia-das-maes-diadasmaes.jpg\" loading=\"lazy\" height=\"1080\" width=\"1080\" data-posicao=\"3\" role=\"button\" tabindex=\"0\"\/>    <img decoding=\"async\" id=\"image-id-ed037325-0b1c-4081-a5b7-038283b5570e\" class=\"gallery-photo\" alt=\"Pedro Waddington, filho de Helena Ranaldi e Ricardo Waddington, tamb\u00e9m estar\u00e1 no remake de 'Vale tudo' \u2014 Foto: Reprodu\u00e7\u00e3o\/Instagram\" src=\"https:\/\/www.europesays.com\/pt\/wp-content\/uploads\/2025\/11\/1763207837_893_meus-tracos-teus-sao-pistas-do-nosso-tao-forte-laco.-feliz-dia-das-maes-diadasmaes.jpg\" loading=\"lazy\" height=\"1080\" width=\"1080\"\/>  <\/p>\n<p> 3 de 8 <br \/>&#13;Pedro Waddington, filho de Helena Ranaldi e Ricardo Waddington, tamb\u00e9m estar\u00e1 no remake de &#8216;Vale tudo&#8217; \u2014 Foto: Reprodu\u00e7\u00e3o\/Instagram <\/p>\n<p>      <img decoding=\"async\" id=\"image-id-e62f9d85-3124-4de3-9068-fc77173d930c\" class=\"gallery-photo\" alt=\"Giulia Bertolli com a m\u00e3e, Lilia Cabral, em cena do filme 'A lista' \u2014 Foto: Manoella Mello\/TV Globo\/Divulga\u00e7\u00e3o\" src=\"https:\/\/www.europesays.com\/pt\/wp-content\/uploads\/2025\/11\/a-lista-amanda-giulia-bertolli-e-laurita-lilia-cabral-credito-manoella-mello-globo-4-.jpg\" loading=\"lazy\" height=\"2710\" width=\"3808\"\/>  <\/p>\n<p> 4 de 8 <br \/>&#13;Giulia Bertolli com a m\u00e3e, Lilia Cabral, em cena do filme &#8216;A lista&#8217; \u2014 Foto: Manoella Mello\/TV Globo\/Divulga\u00e7\u00e3o <\/p>\n<p>       <img decoding=\"async\" id=\"image-id-f4f02c8c-37b8-41a5-bcd4-8ec8370fa449\" class=\"gallery-photo\" alt=\"Agnes Brichta, filha de Vladimir Brichta, tamb\u00e9m seguiu a carreira do pai. Eles at\u00e9 atuaram juntos na novela 'Quanto mais vida, melhor' \u2014 Foto: Gabi Netto\/Divulga\u00e7\u00e3o\" src=\"https:\/\/www.europesays.com\/pt\/wp-content\/uploads\/2025\/11\/vladimir-e-agnes-brichta.webp.jpeg\" loading=\"lazy\" height=\"1193\" width=\"984\"\/>  <\/p>\n<p> 5 de 8 <br \/>&#13;Agnes Brichta, filha de Vladimir Brichta, tamb\u00e9m seguiu a carreira do pai. Eles at\u00e9 atuaram juntos na novela &#8216;Quanto mais vida, melhor&#8217; \u2014 Foto: Gabi Netto\/Divulga\u00e7\u00e3o <\/p>\n<p>      <img decoding=\"async\" id=\"image-id-4d60aa2d-eb4b-403c-bb17-76a6175c0231\" class=\"gallery-photo\" alt=\"Patrick Swarzenegger, filho de Arnold Swarzenegger, seguiu os passos do pai: ele est\u00e1 na nova temporada da s\u00e9rie 'White lotus' \u2014 Foto: Reprodu\u00e7\u00e3o\/Instagram\" src=\"https:\/\/www.europesays.com\/pt\/wp-content\/uploads\/2025\/11\/what-cant-you-do-love-you-arnold.-75.-damn.-happy-birthday-schwarzenegger.jpg\" loading=\"lazy\" height=\"1107\" width=\"1080\"\/>  <\/p>\n<p> 6 de 8 <br \/>&#13;Patrick Swarzenegger, filho de Arnold Swarzenegger, seguiu os passos do pai: ele est\u00e1 na nova temporada da s\u00e9rie &#8216;White lotus&#8217; \u2014 Foto: Reprodu\u00e7\u00e3o\/Instagram <\/p>\n<p>       <img decoding=\"async\" id=\"image-id-96a68576-ea6f-4c2e-8521-cdb8ee1d24e4\" class=\"gallery-photo\" alt=\"Margaret Qualley, do filme 'A subst\u00e2ncia', \u00e9 filha da atriz Andie MacDowell \u2014 Foto: Reprodu\u00e7\u00e3o\/Instagram\" src=\"https:\/\/www.europesays.com\/pt\/wp-content\/uploads\/2025\/11\/476619002-18488448577032816-3661821667752143665-n.jpg\" loading=\"lazy\" height=\"1080\" width=\"1080\"\/>  <\/p>\n<p> 7 de 8 <br \/>&#13;Margaret Qualley, do filme &#8216;A subst\u00e2ncia&#8217;, \u00e9 filha da atriz Andie MacDowell \u2014 Foto: Reprodu\u00e7\u00e3o\/Instagram <\/p>\n<p>      <img decoding=\"async\" id=\"image-id-197a3f8b-6028-4c36-938d-8bb32e2e5fda\" class=\"gallery-photo\" alt=\"A atriz Maya Hawke, de 'Stranger things', seguiu os passos da m\u00e3e, Uma Thurman, e do pai, Ethan Hawke \u2014 Foto: Reprodu\u00e7\u00e3o\/Instagram\" src=\"https:\/\/www.europesays.com\/pt\/wp-content\/uploads\/2025\/11\/uma.jfif.jpeg\" loading=\"lazy\" height=\"1200\" width=\"675\"\/>  <\/p>\n<p> 8 de 8 <br \/>&#13;A atriz Maya Hawke, de &#8216;Stranger things&#8217;, seguiu os passos da m\u00e3e, Uma Thurman, e do pai, Ethan Hawke \u2014 Foto: Reprodu\u00e7\u00e3o\/Instagram <\/p>\n<p>.<\/p>\n","protected":false},"excerpt":{"rendered":"Mais &#8216;Tr\u00eas Gra\u00e7as&#8217;: come\u00e7a o grupo de discuss\u00e3o sobre a novela, que ter\u00e1 a entrada de Viviane Ara\u00fajo&hellip;\n","protected":false},"author":2,"featured_media":152690,"comment_status":"","ping_status":"","sticky":false,"template":"","format":"standard","meta":{"footnotes":""},"categories":[142],"tags":[4386,2589,813,114,115,2313,4384,32,33,679,4376,151],"class_list":{"0":"post-152689","1":"post","2":"type-post","3":"status-publish","4":"format-standard","5":"has-post-thumbnail","7":"category-tv","8":"tag-alanis-guillen","9":"tag-andreia-horta","10":"tag-atriz","11":"tag-entertainment","12":"tag-entretenimento","13":"tag-murilo-benicio","14":"tag-pedro-novaes","15":"tag-portugal","16":"tag-pt","17":"tag-reportagem","18":"tag-tres-gracas","19":"tag-tv"},"share_on_mastodon":{"url":"https:\/\/pubeurope.com\/@pt\/115553596275785138","error":""},"_links":{"self":[{"href":"https:\/\/www.europesays.com\/pt\/wp-json\/wp\/v2\/posts\/152689","targetHints":{"allow":["GET"]}}],"collection":[{"href":"https:\/\/www.europesays.com\/pt\/wp-json\/wp\/v2\/posts"}],"about":[{"href":"https:\/\/www.europesays.com\/pt\/wp-json\/wp\/v2\/types\/post"}],"author":[{"embeddable":true,"href":"https:\/\/www.europesays.com\/pt\/wp-json\/wp\/v2\/users\/2"}],"replies":[{"embeddable":true,"href":"https:\/\/www.europesays.com\/pt\/wp-json\/wp\/v2\/comments?post=152689"}],"version-history":[{"count":0,"href":"https:\/\/www.europesays.com\/pt\/wp-json\/wp\/v2\/posts\/152689\/revisions"}],"wp:featuredmedia":[{"embeddable":true,"href":"https:\/\/www.europesays.com\/pt\/wp-json\/wp\/v2\/media\/152690"}],"wp:attachment":[{"href":"https:\/\/www.europesays.com\/pt\/wp-json\/wp\/v2\/media?parent=152689"}],"wp:term":[{"taxonomy":"category","embeddable":true,"href":"https:\/\/www.europesays.com\/pt\/wp-json\/wp\/v2\/categories?post=152689"},{"taxonomy":"post_tag","embeddable":true,"href":"https:\/\/www.europesays.com\/pt\/wp-json\/wp\/v2\/tags?post=152689"}],"curies":[{"name":"wp","href":"https:\/\/api.w.org\/{rel}","templated":true}]}}