{"id":15269,"date":"2025-08-04T09:31:28","date_gmt":"2025-08-04T09:31:28","guid":{"rendered":"https:\/\/www.europesays.com\/pt\/15269\/"},"modified":"2025-08-04T09:31:28","modified_gmt":"2025-08-04T09:31:28","slug":"ja-foi-resolvido-o-grande-problema-de-bateria-do-iphone","status":"publish","type":"post","link":"https:\/\/www.europesays.com\/pt\/15269\/","title":{"rendered":"j\u00e1 foi resolvido o grande problema de bateria do iPhone"},"content":{"rendered":"<p>&#13;<br \/>\n\t\t\t\t Users: 64&#13;\n\t\t\t<\/p>\n<p><strong>O novo sistema operativo da Apple, o iOS 26, traz finalmente uma nova funcionalidade para poupar bateria do iPhone.<\/strong><\/p>\n<p>A <a href=\"https:\/\/www.magazine-hd.com\/apps\/wp\/iphone-17-apple-lentes-amoviveis-camara-traseira\/\" target=\"_blank\" rel=\"noopener nofollow\">Apple<\/a> introduziu uma novidade no iOS 26 que promete ajudar a resolver um dos problemas mais frustrantes para utilizadores de <a href=\"https:\/\/www.magazine-hd.com\/apps\/wp\/grande-novidade-iphone-dobravel-ecra-apple\/\" target=\"_blank\" rel=\"noopener nofollow\">iPhone<\/a>: a descarga excessiva da bateria. Assim sendo a nova vers\u00e3o do <a href=\"https:\/\/www.magazine-hd.com\/apps\/wp\/google-chrome-adiciona-funcionalidade-troca-contas-iphone\/\" target=\"_blank\" rel=\"noopener nofollow\">sistema<\/a> operativo traz melhorias importantes ao ecr\u00e3 de defini\u00e7\u00f5es de bateria. Al\u00e9m disso o destaque vai para sugest\u00f5es inteligentes que identificam e alertam para consumos an\u00f3malos.<\/p>\n<p><a class=\"gcc-anchor\" id=\"1\"\/><br \/>\niOS 26 responde ao pedido dos utilizadores<br \/>\n<img loading=\"lazy\" decoding=\"async\" class=\"size-full wp-image-713648\" src=\"data:image\/svg+xml,%3Csvg%20xmlns=\" http:=\"\" alt=\"iphone 16 da apple iOS 19\" width=\"728\" height=\"385\" data-lazy- data-lazy- data-lazy-src=\"https:\/\/www.europesays.com\/pt\/wp-content\/uploads\/2025\/07\/iphone-16.webp.webp\"\/>iPhone 16 \u00a9 vfhnb12 via Shutterstock, ID 2591636917<\/p>\n<p>At\u00e9 agora, a sec\u00e7\u00e3o de Bateria nas Defini\u00e7\u00f5es oferecia dados detalhados, mas nem sempre claros, sobre o uso energ\u00e9tico do <a href=\"https:\/\/www.magazine-hd.com\/apps\/wp\/apple-ios-26-sistema-operativo-beta-iphone-chega-julho\/\" target=\"_blank\" rel=\"noopener nofollow\">dispositivo<\/a>. No entanto, o iOS 26 revoluciona esta abordagem com um design renovado e funcionalidade mais intuitiva. A nova interface destaca, de forma visual e clara, quando ocorre uma descarga fora do normal, oferecendo sugest\u00f5es diretas sobre poss\u00edveis causas.<\/p>\n<p>Uma das mudan\u00e7as mais \u00fateis \u00e9 o destaque a aplica\u00e7\u00f5es com consumo excessivo. O sistema assinala esses casos com uma cor laranja, tornando f\u00e1cil perceber quais as apps a consumir mais do que deveriam, tendo em conta o padr\u00e3o de utiliza\u00e7\u00e3o. Este alerta visual n\u00e3o depende apenas do total de energia gasta por uma <a href=\"https:\/\/www.magazine-hd.com\/apps\/wp\/iphone-17-tudo-sobre-lancamento-proximo-smartphone-apple\/\" target=\"_blank\" rel=\"noopener nofollow\">aplica\u00e7\u00e3o<\/a>, mas tamb\u00e9m da rela\u00e7\u00e3o entre consumo e tempo de uso.<\/p>\n<p>Por exemplo, se uma app de meteorologia consumir 4% da bateria durante a noite, mesmo sem grande utiliza\u00e7\u00e3o em primeiro plano ou segundo plano, o sistema destaca esse comportamento como an\u00f3malo. J\u00e1 uma aplica\u00e7\u00e3o como o Instagram, com maior tempo de <a href=\"https:\/\/www.magazine-hd.com\/apps\/wp\/sudoku-jogo-secreto-popular-escondido-iphone-apple\/\" target=\"_blank\" rel=\"noopener nofollow\">ecr\u00e3<\/a>, pode consumir mais energia sem ser considerada problem\u00e1tica, desde que o uso justifique o consumo.<\/p>\n<p><a class=\"gcc-anchor\" id=\"2\"\/><br \/>\niPhone j\u00e1 dura mais tempo para fazer o que quiseres<br \/>\n<img loading=\"lazy\" decoding=\"async\" class=\"size-full wp-image-702239\" src=\"data:image\/svg+xml,%3Csvg%20xmlns=\" http:=\"\" alt=\"Apple iPhone iOS 26\" width=\"728\" height=\"385\" data-lazy- data-lazy- data-lazy-src=\"https:\/\/www.europesays.com\/pt\/wp-content\/uploads\/2025\/07\/1753443432_144_iphone-16.webp.webp\"\/>\u00a9 Framesira via ShutterStock (ID: 2519350435)<\/p>\n<p>Esta nova funcionalidade do iOS 26, apesar de simples, oferece um impacto significativo na gest\u00e3o da autonomia. Ao facilitar a identifica\u00e7\u00e3o de aplica\u00e7\u00f5es mal otimizadas ou processos em segundo plano indesejados, ajuda a prolongar a carga da bateria e a melhorar o desempenho di\u00e1rio do iPhone.<\/p>\n<p>Al\u00e9m disso, o gr\u00e1fico comparativo entre o consumo atual e o consumo t\u00edpico permite uma an\u00e1lise mais precisa e personalizada dos h\u00e1bitos de utiliza\u00e7\u00e3o. Assim promove decis\u00f5es mais informadas sobre o que fechar ou desinstalar.<\/p>\n<p>Com esta atualiza\u00e7\u00e3o, a Apple d\u00e1 um passo importante no sentido de tornar o iPhone mais eficiente e adaptado ao dia a dia de quem depende do dispositivo para tarefas pessoais e <a href=\"https:\/\/www.magazine-hd.com\/apps\/wp\/ios-26-melhor-sistema-operativo-nao-funciona-iphone-antigo\/\" target=\"_blank\" rel=\"noopener nofollow\">profissionais<\/a>.<\/p>\n<p><strong>Tamb\u00e9m teinhas\u00a0<\/strong><\/p>\n<p>\t\tTamb\u00e9m do teu Interesse:<\/p>\n<p>About The Author<\/p>\n<p>                <a href=\"https:\/\/www.magazine-hd.com\/apps\/wp\/author\/dpassos\/\" rel=\"nofollow noopener\" target=\"_blank\"><img loading=\"lazy\" decoding=\"async\" width=\"150\" height=\"150\" src=\"data:image\/svg+xml,%3Csvg%20xmlns=\" http:=\"\" class=\"avatar avatar-150 photo\" alt=\"\" data-lazy- data-lazy- data-lazy-src=\"https:\/\/www.europesays.com\/pt\/wp-content\/uploads\/2025\/07\/dp-150x150.jpg\"\/><\/a><\/p>\n<p>                    <a href=\"https:\/\/www.magazine-hd.com\/apps\/wp\/author\/dpassos\/\" rel=\"nofollow noopener\" target=\"_blank\">David Passos<\/a><\/p>\n<p>Licenciado em Antropologia, Mestre em Gest\u00e3o da Cultural pelo ISCTE-IUL, e P\u00f3s-graduado em Estudos Visuais: Fotografia e P\u00f3s-Cinema na FCSH. \u00c9 fot\u00f3grafo e cineasta, tendo estreado a sua segunda curta-metragem, \u201cTraz Chuva\u201d, no Cinema S\u00e3o Jorge, em Lisboa. Faz parte da MHD desde 2022, sendo atualmente redator e Coordenador de M\u00fasica. Tem interesse numa grande variedade de assuntos, desde m\u00fasica, a gaming, cinema, literatura e televis\u00e3o. Especialista em LEGO e Senhor dos An\u00e9is.<\/p>\n<p>\t\t<\/p>\n","protected":false},"excerpt":{"rendered":"&#13; Users: 64&#13; O novo sistema operativo da Apple, o iOS 26, traz finalmente uma nova funcionalidade para&hellip;\n","protected":false},"author":2,"featured_media":15270,"comment_status":"","ping_status":"","sticky":false,"template":"","format":"standard","meta":{"footnotes":""},"categories":[84],"tags":[247,6059,109,107,108,6060,249,635,32,3475,33,105,103,104,106,110],"class_list":{"0":"post-15269","1":"post","2":"type-post","3":"status-publish","4":"format-standard","5":"has-post-thumbnail","7":"category-ciencia-e-tecnologia","8":"tag-apple","9":"tag-bateria","10":"tag-ciencia","11":"tag-ciencia-e-tecnologia","12":"tag-cienciaetecnologia","13":"tag-ios-26","14":"tag-iphone","15":"tag-novidade","16":"tag-portugal","17":"tag-problema","18":"tag-pt","19":"tag-science","20":"tag-science-and-technology","21":"tag-scienceandtechnology","22":"tag-technology","23":"tag-tecnologia"},"share_on_mastodon":{"url":"","error":""},"_links":{"self":[{"href":"https:\/\/www.europesays.com\/pt\/wp-json\/wp\/v2\/posts\/15269","targetHints":{"allow":["GET"]}}],"collection":[{"href":"https:\/\/www.europesays.com\/pt\/wp-json\/wp\/v2\/posts"}],"about":[{"href":"https:\/\/www.europesays.com\/pt\/wp-json\/wp\/v2\/types\/post"}],"author":[{"embeddable":true,"href":"https:\/\/www.europesays.com\/pt\/wp-json\/wp\/v2\/users\/2"}],"replies":[{"embeddable":true,"href":"https:\/\/www.europesays.com\/pt\/wp-json\/wp\/v2\/comments?post=15269"}],"version-history":[{"count":0,"href":"https:\/\/www.europesays.com\/pt\/wp-json\/wp\/v2\/posts\/15269\/revisions"}],"wp:featuredmedia":[{"embeddable":true,"href":"https:\/\/www.europesays.com\/pt\/wp-json\/wp\/v2\/media\/15270"}],"wp:attachment":[{"href":"https:\/\/www.europesays.com\/pt\/wp-json\/wp\/v2\/media?parent=15269"}],"wp:term":[{"taxonomy":"category","embeddable":true,"href":"https:\/\/www.europesays.com\/pt\/wp-json\/wp\/v2\/categories?post=15269"},{"taxonomy":"post_tag","embeddable":true,"href":"https:\/\/www.europesays.com\/pt\/wp-json\/wp\/v2\/tags?post=15269"}],"curies":[{"name":"wp","href":"https:\/\/api.w.org\/{rel}","templated":true}]}}