{"id":152691,"date":"2025-11-15T11:58:14","date_gmt":"2025-11-15T11:58:14","guid":{"rendered":"https:\/\/www.europesays.com\/pt\/152691\/"},"modified":"2025-11-15T11:58:14","modified_gmt":"2025-11-15T11:58:14","slug":"a-primeira-filial-fora-da-inglaterra-da-casa-de-estreia-dos-beatles-nexo-jornal","status":"publish","type":"post","link":"https:\/\/www.europesays.com\/pt\/152691\/","title":{"rendered":"A primeira filial fora da Inglaterra da casa de estreia dos Beatles &#8211; Nexo Jornal"},"content":{"rendered":"<ol>\n<li><a href=\"https:\/\/news.google.com\/rss\/articles\/CBMivwFBVV95cUxNM3QyX1QxVDc0UFdOclltX3JvcVVQblIxZ0x2b0hnaG1yX2ZMa3dtR2laWWtmM19zZ1VkalFqczItdmgtT3pWVDhRMXJCS2kyWlE3YnpDd0xXRHZ1VDI4RDJ5NXQxLXIxYTRmMjhlRm1Yelh4YndnbUhDU2dDOEE5VlA2ekdJYzhwaWx5SmI3WjdoenpGc05SUm5WU29TUklRUkFoajZodkJRekVWSGhlbXh0YUlpR1RYQnp5Q2RObw?oc=5\" target=\"_blank\" rel=\"nofollow noopener\">A primeira filial fora da Inglaterra da casa de estreia dos Beatles<\/a>&nbsp;&nbsp;Nexo Jornal<\/li>\n<li><a href=\"https:\/\/news.google.com\/rss\/articles\/CBMi5gFBVV95cUxOcEx3NnNWWkFyTm8xejgzRFhWWWNhc3ItWWY2Y0NVeTN3M1QwZlVsRVhhQU9kRGRfM3NsYzlNekpNNVVUeWppRk1MOTVNMk1IMXdYTHczdHhvcUpQeVY0UmVuYkVoUW9nYlhuQXA1NGQtSURPREJEZ2wwYTFoRmRMVGtYeHF1cmlBSUFreE1ZZ3kyWlNENUtCWDR1a242cUd2emJCWXdYT0RpR3E3TjNGZ1BWMzhPeW9UdmZKNURDa0xWd3pkV2F3WlRSZWEtQ2ZGdUJ3QlpXRHhqQmljLWQ4Q3NmVjdEQdIB9AFBVV95cUxORFI0cTRoWUxkclNVSTVYVWZWbGYyVEpnUkhfNm1BT1NDWVpNZ3ZOM0J0NW5XMl9XVHFLUzRBVmtyWlhYNk1aRVNhLUtiT0lUN29xOXhpdVJPb09CQ1pvdnN3U0lhTlljOHlxeU8xV0pHYURhNW52M0Nfdk4zbktEa21pZGlqM29WRTFhOEhveXNNcWoyVHpndkVDcml0VWw4aXd6Mlg0UmtvRWVmX2dza3RKUWNrdXBjNng5SlNXNVlSRm5lUFRwY3h1Mi1EY2xOVDNONkYwZEFCNVdWd2JRYlRsOGdvZjh1QjktbTBqLWllbnUt?oc=5\" target=\"_blank\" rel=\"nofollow noopener\">Cavern Club: bar onde os Beatles come\u00e7aram inaugura em SP primeira unidade fora da Inglaterra<\/a>&nbsp;&nbsp;G1<\/li>\n<li><a href=\"https:\/\/news.google.com\/rss\/articles\/CBMi_AFBVV95cUxQMmstZ1pqME90QlZITkk3UDkya01CWXV1LU9VMjRGbVFxM2xKaHVGZHlTdkZvZXJCSjU2WEw3R0tRU0hiSUNDZ0xrM2R4UXpTWEJUWERUV1RQdXJscmFEZGxkbUZ6Y3REVUJmOFBEQUNtYmNhZUpmODNUT3QySEFPVTNlaU11dm5TMVp6Y0xOUW1qbDJaa3NrM0xmR2tvdUJvamtKRHJwRXhGbkZaWmh4eGJ1R0NnaWh1LVp0WGpWMHg1SFZkUkZtbWdIY1NXMllOZUJncUpSb1NPU0o0NThILWxaQ0Utb1JlcExlcnUzVEZSS21GMUhvOTc5OGI?oc=5\" target=\"_blank\" rel=\"nofollow noopener\">Kiko Zambianchi fala sobre show no The Cavern Club S\u00e3o Paulo, casa que ser\u00e1 inaugurada neste s\u00e1bado (15)<\/a>&nbsp;&nbsp;Folha de S.Paulo<\/li>\n<li><a href=\"https:\/\/news.google.com\/rss\/articles\/CBMiekFVX3lxTE1PN182dy10LU96Undva25LZ0tNLTZDcmtLc1dMNzBYZ3g3LVdMWnNuWVRld1dla0w5RDIxOFl0bllsUkl0dUIzUmZZWmRPNDljR1hmaU1veTB3NWJJNTU4TGEzWEVSRUplNFJlNnoyZDV4ZUZNWUtUeTVn?oc=5\" target=\"_blank\" rel=\"nofollow noopener\">The Cavern Club! &#8220;Ber\u00e7o dos Beatles&#8221;, famoso pub ingl\u00eas vai abrir unidade no Brasil<\/a>&nbsp;&nbsp;Melhores Destinos<\/li>\n<li><a href=\"https:\/\/news.google.com\/rss\/articles\/CBMi1gFBVV95cUxNTG1Jel9NcVhHVExkdkN4V2trTW5mUTEwNjhyNUVya2ZrNjBwNXNwbXBDcmJVZHE5bjc2R04zS29HVnhqXzcyd1loNkZ4MHY0aVYwaGxhQlhTVUNabjdSOTBXWDR4bHlBVURqVno2TEFxclY2SU5PdWUxQlJ0ZjhnWHVfek4xczAzcC1tRHE4TWlSZ3ZHYWxabjJLZTNlMUpzNDdDY19nN0htTE82SF8zZmZsUzdmcmV3RURaQk1zRmdaWS1BdkFtU1Z3UHhDaHNjLWJUR2pB?oc=5\" target=\"_blank\" rel=\"nofollow noopener\">Cavern Club chega a SP: \u2018Agradar\u00e1 aos f\u00e3s mais radicais dos Beatles\u2019, aposta produtor<\/a>&nbsp;&nbsp;Estad\u00e3o<\/li>\n<\/ol>\n","protected":false},"excerpt":{"rendered":"A primeira filial fora da Inglaterra da casa de estreia dos Beatles&nbsp;&nbsp;Nexo Jornal Cavern Club: bar onde os&hellip;\n","protected":false},"author":2,"featured_media":152692,"comment_status":"","ping_status":"","sticky":false,"template":"","format":"standard","meta":{"footnotes":""},"categories":[141],"tags":[114,115,149,150,32,33],"class_list":{"0":"post-152691","1":"post","2":"type-post","3":"status-publish","4":"format-standard","5":"has-post-thumbnail","7":"category-musica","8":"tag-entertainment","9":"tag-entretenimento","10":"tag-music","11":"tag-musica","12":"tag-portugal","13":"tag-pt"},"share_on_mastodon":{"url":"https:\/\/pubeurope.com\/@pt\/115553599908742766","error":""},"_links":{"self":[{"href":"https:\/\/www.europesays.com\/pt\/wp-json\/wp\/v2\/posts\/152691","targetHints":{"allow":["GET"]}}],"collection":[{"href":"https:\/\/www.europesays.com\/pt\/wp-json\/wp\/v2\/posts"}],"about":[{"href":"https:\/\/www.europesays.com\/pt\/wp-json\/wp\/v2\/types\/post"}],"author":[{"embeddable":true,"href":"https:\/\/www.europesays.com\/pt\/wp-json\/wp\/v2\/users\/2"}],"replies":[{"embeddable":true,"href":"https:\/\/www.europesays.com\/pt\/wp-json\/wp\/v2\/comments?post=152691"}],"version-history":[{"count":0,"href":"https:\/\/www.europesays.com\/pt\/wp-json\/wp\/v2\/posts\/152691\/revisions"}],"wp:featuredmedia":[{"embeddable":true,"href":"https:\/\/www.europesays.com\/pt\/wp-json\/wp\/v2\/media\/152692"}],"wp:attachment":[{"href":"https:\/\/www.europesays.com\/pt\/wp-json\/wp\/v2\/media?parent=152691"}],"wp:term":[{"taxonomy":"category","embeddable":true,"href":"https:\/\/www.europesays.com\/pt\/wp-json\/wp\/v2\/categories?post=152691"},{"taxonomy":"post_tag","embeddable":true,"href":"https:\/\/www.europesays.com\/pt\/wp-json\/wp\/v2\/tags?post=152691"}],"curies":[{"name":"wp","href":"https:\/\/api.w.org\/{rel}","templated":true}]}}