{"id":1527,"date":"2025-07-25T20:30:04","date_gmt":"2025-07-25T20:30:04","guid":{"rendered":"https:\/\/www.europesays.com\/pt\/1527\/"},"modified":"2025-07-25T20:30:04","modified_gmt":"2025-07-25T20:30:04","slug":"uma-pessoa-a-cada-50-vive-com-hiv-no-rio-grande-do-sul-mostra-estudo-inedito","status":"publish","type":"post","link":"https:\/\/www.europesays.com\/pt\/1527\/","title":{"rendered":"Uma pessoa a cada 50 vive com HIV no Rio Grande do Sul, mostra estudo in\u00e9dito"},"content":{"rendered":"<p><img fetchpriority=\"high\" decoding=\"async\" class=\"w-fit lg:w-full\" loading=\"eager\" src=\"https:\/\/www.europesays.com\/pt\/wp-content\/uploads\/2025\/07\/1526981_9ae95bef184a40b.jpg\" title=\"jarun011 \/ stock.adobe.com\" alt=\"jarun011 \/ stock.adobe.com\" width=\"700\" height=\"477\"\/>Apesar de o levantamento estar concentrado no RS, os resultados indicam uma poss\u00edvel tend\u00eancia nacional.jarun011 \/ stock.adobe.com<\/p>\n<p>Um novo estudo realizado no Rio Grande do Sul mostra que o v\u00edrus da imunodefici\u00eancia humana (HIV) pode estar se disseminando de forma silenciosa pelo Brasil. O levantamento aponta que <strong>a preval\u00eancia de HIV na popula\u00e7\u00e3o testada alcan\u00e7ou 1,64%<\/strong>, superando em 64% o limite preconizado pela Organiza\u00e7\u00e3o Mundial da Sa\u00fade (OMS).<\/p>\n<p>A entidade estabelece uma preval\u00eancia de at\u00e9 1% da popula\u00e7\u00e3o geral com mais de 18 anos para considerar uma epidemia sob controle. Ou seja, em m\u00e9dia, a cada 100 pessoas no Estado, duas vivem com HIV \u2013 ou uma a cada 50. Conduzida pelo Hospital Moinhos de Vento, a pesquisa \u00e9 in\u00e9dita por ser <strong>a primeira testagem sorol\u00f3gica<\/strong> <strong>em grande escala<\/strong> realizada no Brasil.<\/p>\n<p>De acordo com a epidemiologista do Hospital Moinhos de Vento Eliana Wendland, uma das pesquisadoras que lidera o estudo, apesar de o levantamento estar concentrado no RS, os resultados indicam uma <strong>poss\u00edvel tend\u00eancia nacional<\/strong>.<\/p>\n<p>\u2014 N\u00e3o sab\u00edamos exatamente qual era o percentual da popula\u00e7\u00e3o vivendo com HIV no Estado. Temos <strong>uma pessoa a cada 50 vivendo com o v\u00edrus<\/strong>. \u00c9 um n\u00famero muito alto, que evidencia a necessidade de aumentar a testagem. H\u00e1 muitas pessoas soropositivas que n\u00e3o sabem disso e acabam perdendo a oportunidade de tratamento \u00a0\u2014 afirma a m\u00e9dica.<\/p>\n<p>Diferentemente das estat\u00edsticas oficiais, baseadas em notifica\u00e7\u00f5es de quem procura atendimento m\u00e9dico, os pesquisadores aplicaram testes diretamente em 8 mil pessoas com mais de 18 anos, em 56 munic\u00edpios ga\u00fachos. Com isso, revelaram um <strong>subdiagn\u00f3stico<\/strong>, identificando infec\u00e7\u00f5es ocultas pela aus\u00eancia de sintomas ou pela falta de testagem.<\/p>\n<p>As regi\u00f5es <strong>Metropolitana e Central <\/strong>do Estado apresentam maior preval\u00eancia do v\u00edrus, conforme a pesquisa. Executado no \u00e2mbito do Programa de Apoio ao Desenvolvimento Institucional do Sistema \u00danico de Sa\u00fade (PROADI-SUS), o estudo foi<a href=\"https:\/\/www.nature.com\/articles\/s41598-025-06764-6?fromPaywallRec=false\" rel=\"nofollow noopener\" target=\"_blank\"> <strong>publicado em julho no peri\u00f3dico <\/strong><strong>Scientific Reports<\/strong><\/a>, da Nature. Al\u00e9m dos 81 casos de HIV, o levantamento detectou 558 casos de s\u00edfilis, 26 de hepatite B e 56 de hepatite C.<\/p>\n<p>Sinal de alerta\u00a0<\/p>\n<p>Um estudo conduzido em 2023 j\u00e1 havia evidenciado que a Regi\u00e3o Metropolitana de Porto Alegre enfrenta <strong>uma epidemia generalizada de HIV<\/strong>. Desenvolvido pelo Hospital Moinhos de Vento no \u00e2mbito do Proadi-SUS, em parceria com a Secretaria Estadual da Sa\u00fade (SES), <a href=\"https:\/\/gauchazh.clicrbs.com.br\/saude\/noticia\/2024\/11\/mulheres-brancas-heterossexuais-com-mais-de-50-anos-o-perfil-de-quem-convive-com-hiv-no-rs-cm4052cii00rn0128pptchyul.html\" rel=\"nofollow noopener\" target=\"_blank\"><strong>o trabalho mapeou o comportamento<\/strong><\/a>, as pr\u00e1ticas e as atitudes da popula\u00e7\u00e3o em rela\u00e7\u00e3o \u00e0s infec\u00e7\u00f5es sexualmente transmiss\u00edveis (ISTs).<\/p>\n<p>Segundo a SES, <strong>Porto Alegre apresenta o maior coeficiente de mortalidade por aids <\/strong>entre as capitais brasileiras, com valor quase quatro vezes superior \u00e0 m\u00e9dia nacional. Dados da Divis\u00e3o de Doen\u00e7as e Condi\u00e7\u00f5es Cr\u00f4nicas da SES indicam que o Rio Grande do Sul \u00e9 o quinto Estado com as maiores taxas de infec\u00e7\u00e3o por HIV no Brasil.<\/p>\n<p>O \u00faltimo boletim epidemiol\u00f3gico da SES, baseado em dados do Minist\u00e9rio da Sa\u00fade, indica que foram registrados 1.184 novos diagn\u00f3sticos de HIV no RS em 2024, at\u00e9 16 de dezembro. Em 2023, foram 2.980, no total. No Brasil, em 2024, estima-se que havia 40,8 milh\u00f5es de pessoas vivendo com HIV. A <strong>preval\u00eancia global do HIV na popula\u00e7\u00e3o adulta \u00e9 de 0,7%<\/strong>, conforme dados do Programa Conjunto das Na\u00e7\u00f5es Unidas sobre HIV\/aids (UNAIDS).<\/p>\n<p>No RS, ainda n\u00e3o havia pesquisas de base populacional, com testagem sorol\u00f3gica em grande escala, analisando a preval\u00eancia do v\u00edrus. Por isso, a nova pesquisa do Moinhos acende um sinal de alerta.<\/p>\n<p>\u2014 Esses n\u00fameros s\u00e3o maiores do que os boletins normalmente indicam, porque n\u00f3s fomos de casa em casa fazer testagens. Parte dessas pessoas sabia que vivia com HIV, mas um ter\u00e7o n\u00e3o sabia \u2014 explica Eliana.<\/p>\n<p>Medidas e solu\u00e7\u00f5es<\/p>\n<p>Al\u00e9m de aumentar a testagem, a m\u00e9dica destaca que \u00e9 fundamental <strong>aumentar as campanhas para incentivar o sexo seguro<\/strong>, com uso de preservativo, bem como fortalecer outras formas de preven\u00e7\u00e3o, como o uso de profilaxia pr\u00e9-exposi\u00e7\u00e3o (PrEP).<\/p>\n<p>O v\u00edrus pode permanecer por anos no organismo sem manifestar sintomas, favorecendo sua transmiss\u00e3o. Com o diagn\u00f3stico precoce e o uso cont\u00ednuo de antirretrovirais, <strong>a infec\u00e7\u00e3o pode ser controlada<\/strong>, evitando a progress\u00e3o para a aids e interrompendo o cont\u00e1gio.<\/p>\n<p>Quais s\u00e3o as a\u00e7\u00f5es do Estado?\u00a0<\/p>\n<p>Em nota, a SES informa que os altos \u00edndices de infec\u00e7\u00e3o no RS s\u00e3o multifatoriais, incluindo aspectos culturais, sociais, educacionais e comportamentais. Entre as a\u00e7\u00f5es estaduais voltadas ao tema, a pasta destaca o <strong>Programa PrevineRS<\/strong>, norteado pelos eixos de elimina\u00e7\u00e3o da transmiss\u00e3o vertical, preven\u00e7\u00e3o de novas infec\u00e7\u00f5es, redu\u00e7\u00e3o da mortalidade e fortalecimento da sociedade civil.<\/p>\n<p>J\u00e1 o <strong>Programa Gera\u00e7\u00e3o Consciente: o Cuidado Transforma<\/strong> tem como objetivo \u201cefetivar a\u00e7\u00f5es de preven\u00e7\u00e3o e promo\u00e7\u00e3o em sa\u00fade por meio de jogos culturais e educativos, abrangendo temas pertinentes \u00e0 faixa et\u00e1ria e que est\u00e3o atrelados \u00e0 preven\u00e7\u00e3o combinada ao HIV e direitos sexuais e reprodutivos\u201d.<\/p>\n<p>A pasta tamb\u00e9m aponta que vem ampliando e qualificando as testagens r\u00e1pidas, ressaltando que os testes est\u00e3o dispon\u00edveis em todas as unidades b\u00e1sicas de sa\u00fade do Estado.<\/p>\n<p>Em rela\u00e7\u00e3o ao fortalecimento da sociedade civil, a SES informa que est\u00e1 aberto um edital voltado \u00e0 promo\u00e7\u00e3o da sa\u00fade e preven\u00e7\u00e3o de ISTs, do HIV e da aids. Para participar da sele\u00e7\u00e3o das propostas, as Organiza\u00e7\u00f5es da Sociedade Civil (OSCs) devem<a href=\"https:\/\/www.convenioseparcerias.rs.gov.br\/inicial\" rel=\"nofollow noopener\" target=\"_blank\"> <strong>realizar inscri\u00e7\u00f5es no site<\/strong><\/a>.<\/p>\n","protected":false},"excerpt":{"rendered":"Apesar de o levantamento estar concentrado no RS, os resultados indicam uma poss\u00edvel tend\u00eancia nacional.jarun011 \/ stock.adobe.com Um&hellip;\n","protected":false},"author":2,"featured_media":1528,"comment_status":"","ping_status":"","sticky":false,"template":"","format":"standard","meta":{"footnotes":""},"categories":[86],"tags":[1176,116,1175,1177,32,33,117],"class_list":{"0":"post-1527","1":"post","2":"type-post","3":"status-publish","4":"format-standard","5":"has-post-thumbnail","7":"category-saude","8":"tag-dados","9":"tag-health","10":"tag-hiv","11":"tag-hospital-moinhos-de-vento","12":"tag-portugal","13":"tag-pt","14":"tag-saude"},"share_on_mastodon":{"url":"","error":""},"_links":{"self":[{"href":"https:\/\/www.europesays.com\/pt\/wp-json\/wp\/v2\/posts\/1527","targetHints":{"allow":["GET"]}}],"collection":[{"href":"https:\/\/www.europesays.com\/pt\/wp-json\/wp\/v2\/posts"}],"about":[{"href":"https:\/\/www.europesays.com\/pt\/wp-json\/wp\/v2\/types\/post"}],"author":[{"embeddable":true,"href":"https:\/\/www.europesays.com\/pt\/wp-json\/wp\/v2\/users\/2"}],"replies":[{"embeddable":true,"href":"https:\/\/www.europesays.com\/pt\/wp-json\/wp\/v2\/comments?post=1527"}],"version-history":[{"count":0,"href":"https:\/\/www.europesays.com\/pt\/wp-json\/wp\/v2\/posts\/1527\/revisions"}],"wp:featuredmedia":[{"embeddable":true,"href":"https:\/\/www.europesays.com\/pt\/wp-json\/wp\/v2\/media\/1528"}],"wp:attachment":[{"href":"https:\/\/www.europesays.com\/pt\/wp-json\/wp\/v2\/media?parent=1527"}],"wp:term":[{"taxonomy":"category","embeddable":true,"href":"https:\/\/www.europesays.com\/pt\/wp-json\/wp\/v2\/categories?post=1527"},{"taxonomy":"post_tag","embeddable":true,"href":"https:\/\/www.europesays.com\/pt\/wp-json\/wp\/v2\/tags?post=1527"}],"curies":[{"name":"wp","href":"https:\/\/api.w.org\/{rel}","templated":true}]}}