{"id":152703,"date":"2025-11-15T12:06:15","date_gmt":"2025-11-15T12:06:15","guid":{"rendered":"https:\/\/www.europesays.com\/pt\/152703\/"},"modified":"2025-11-15T12:06:15","modified_gmt":"2025-11-15T12:06:15","slug":"proposta-atrasa-uma-hora-periodo-em-que-luz-e-mais-barata-observador","status":"publish","type":"post","link":"https:\/\/www.europesays.com\/pt\/152703\/","title":{"rendered":"Proposta atrasa uma hora per\u00edodo em que luz \u00e9 mais barata \u2013 Observador"},"content":{"rendered":"<p>O per\u00edodo de vazio no qual a eletricidade \u00e9 mais barata poder\u00e1 come\u00e7ar uma hora mais tarde do que no regime atualmente em vigor, passando para as 23 horas no caso dos clientes que t\u00eam <strong>tarifas bi e tri-hor\u00e1rias.<\/strong> Essa \u00e9 a proposta que o regulador colocou em consulta p\u00fablica, no contexto da atualiza\u00e7\u00e3o dos per\u00edodos hor\u00e1rios em vigor para os clientes em Portugal continental.<\/p>\n<p>O per\u00edodo de vazio corresponde \u00e0 fase em que os pre\u00e7os da eletricidade em mercado est\u00e3o mais baixos, e que tradicionalmente coincide com uma menor procura. Essa realidade \u00e9 transposta para as tarifas el\u00e9tricas dos consumidores que contrataram tarifas bi ou tri-hor\u00e1rias e que beneficiam de pre\u00e7os mais baixos nas horas de vazio, por oposi\u00e7\u00e3o \u00e0s horas de ponta onde os pre\u00e7os s\u00e3o mais altos. Essa diferencia\u00e7\u00e3o permite aos clientes empurrarem os maiores consumos de eletricidade, nomeadamente m\u00e1quinas de lavar roupa, para as horas em que pagam menos e que coincidem com o per\u00edodo noturno.<\/p>\n<p>Estes per\u00edodos hor\u00e1rios di\u00e1rios e semanais <a href=\"https:\/\/www.erse.pt\/comunicacao\/destaques\/erse-lanca-consulta-publica-para-atualizacao-dos-periodos-horarios-em-portugal-continental\/\" rel=\"nofollow noopener\" target=\"_blank\">v\u00e3o ser reajustados<\/a>, em resposta a \u201caltera\u00e7\u00f5es significativas nos padr\u00f5es de consumo e de utiliza\u00e7\u00e3o de redes que n\u00e3o est\u00e3o a ser corretamente ponderadas pelos per\u00edodos hor\u00e1rios vigentes\u201d, indica a Entidade Reguladora dos Servi\u00e7os Energ\u00e9ticos (ERSE) num documento explicativo divulgado esta sexta-feira. A consulta p\u00fablica decorre at\u00e9 26 de janeiro de 2026 e a entrada em vigor dos novos per\u00edodos hor\u00e1rios <strong>n\u00e3o ir\u00e1 decorrer antes de janeiro de 2027.<\/strong><\/p>\n<p>As propostas de altera\u00e7\u00e3o de per\u00edodos hor\u00e1rios t\u00eam impacto em mais de 500 mil consumidores dom\u00e9sticos que t\u00eam tarifas bi e tri-hor\u00e1ria, para al\u00e9m das empresas, e que representam cerca de 10% dos clientes totais de eletricidade. A maioria \u2014 quase 400 mil \u2014 est\u00e3o na tarifa bi-hor\u00e1ria. H\u00e1 110 mil na tarifa tri-hor\u00e1ria.<\/p>\n<p>Do lado do consumo, h\u00e1 uma eletrifica\u00e7\u00e3o crescente de equipamentos que antes eram a g\u00e1s e o carregamento de carros el\u00e9tricos. Do lado da produ\u00e7\u00e3o, o aumento de incorpora\u00e7\u00e3o de energia renov\u00e1vel, em particular a solar e a e\u00f3lica, est\u00e1 a alterar a forma\u00e7\u00e3o de pre\u00e7os ao longo do dia. Olhando para o mapa da evolu\u00e7\u00e3o di\u00e1ria verifica-se que os per\u00edodos de pre\u00e7os mais baixos acontecem ao final da manh\u00e3 e hora de almo\u00e7o que \u00e9 quando h\u00e1 mais produ\u00e7\u00e3o solar.<\/p>\n<p>Estes fatores est\u00e3o a mudar os tr\u00e2nsitos de energia na rede que refletem ainda uma produ\u00e7\u00e3o muito mais descentralizada\u00a0do que no passado. A proposta que entrou em consulta p\u00fablica pretende adequar os per\u00edodos hor\u00e1rios \u00e0 evolu\u00e7\u00e3o do consumo e produ\u00e7\u00e3o, promovendo uma utiliza\u00e7\u00e3o mais eficiente das redes e ajustando os incentivos, \u201cdeslocando o consumo para per\u00edodos em que a produ\u00e7\u00e3o \u00e9 mais barata e as redes s\u00e3o menos utilizadas\u201d.<\/p>\n<p>As altera\u00e7\u00f5es propostas pela ERSE implicam atrasar em uma hora \u2014 das 22 para as 23 horas \u2014 o in\u00edcio do per\u00edodo de vazio para quem tem um ciclo di\u00e1rio da tarifa bi-hor\u00e1ria. O per\u00edodo de vazio prolonga-se at\u00e9 \u00e0s 09hoo do dia seguinte. Para quem tem um ciclo semanal, o atraso \u00e9 de meia hora nos dias \u00fateis. Aos s\u00e1bados, o per\u00edodo de fora do vazio passa a ser s\u00f3 ao final do dia.<\/p>\n<p>Para a tarifa tri-hor\u00e1ria, a principal altera\u00e7\u00e3o vai no sentido de colocar as horas de ponta ao final do dia, eliminando-se as horas de ponta da manh\u00e3. Atualmente estes consumidores pagavam a tarifa mais alta (per\u00edodo de ponta) em dois per\u00edodos di\u00e1rios \u2014 entre as 9h30 e as 12h00 e entre e 18h30 e as 21h00 nos das \u00fateis. Passam agora a ter apenas um per\u00edodo di\u00e1rio de ponta \u2014 entre as 18horas e 22horas. E, tal, como os clientes da tarifa bi-hor\u00e1ria t\u00eam a tarifa mais baixa (hora de vazio) a partir das 23 horas e at\u00e9 \u00e0s 9 da manh\u00e3 do dia seguinte.<\/p>\n<p>A proposta elimina tamb\u00e9m a atual diferencia\u00e7\u00e3o que existe entre o inverno e o ver\u00e3o nos hor\u00e1rios aplic\u00e1veis \u00e0 tarifa tri-hor\u00e1ria.<\/p>\n<p>S\u00e3o tamb\u00e9m propostos ajustamentos para as empresas e para os clientes da baixa tens\u00e3o especial onde se incluem muitos pequenos neg\u00f3cios e estabelecimentos comerciais e que passar\u00e3o a ter uma estrutura tetra-hor\u00e1ria. Para estes, as horas de ponta, em que pagam mais, ficam concentradas no final do dia, sendo eliminadas as horas de ponta do in\u00edcio da manh\u00e3 e in\u00edcio da tarde.<\/p>\n<p>A atualiza\u00e7\u00e3o dos per\u00edodos hor\u00e1rios, diz a ERSE, pode ter impacto no fatura de todos os clientes que t\u00eam per\u00edodos diferenciados por hor\u00e1rios que, dependendo do perfil de consumo, podem ser positivos ou negativos.<\/p>\n","protected":false},"excerpt":{"rendered":"O per\u00edodo de vazio no qual a eletricidade \u00e9 mais barata poder\u00e1 come\u00e7ar uma hora mais tarde do&hellip;\n","protected":false},"author":2,"featured_media":152704,"comment_status":"","ping_status":"","sticky":false,"template":"","format":"standard","meta":{"footnotes":""},"categories":[10],"tags":[27,28,476,3118,2270,26634,15,16,14,25,26,21,22,12,13,19,20,32,23,24,33,17,18,29,30,31],"class_list":{"0":"post-152703","1":"post","2":"type-post","3":"status-publish","4":"format-standard","5":"has-post-thumbnail","7":"category-portugal","8":"tag-breaking-news","9":"tag-breakingnews","10":"tag-economia","11":"tag-eletricidade","12":"tag-energia","13":"tag-erse","14":"tag-featured-news","15":"tag-featurednews","16":"tag-headlines","17":"tag-latest-news","18":"tag-latestnews","19":"tag-main-news","20":"tag-mainnews","21":"tag-news","22":"tag-noticias","23":"tag-noticias-principais","24":"tag-noticiasprincipais","25":"tag-portugal","26":"tag-principais-noticias","27":"tag-principaisnoticias","28":"tag-pt","29":"tag-top-stories","30":"tag-topstories","31":"tag-ultimas","32":"tag-ultimas-noticias","33":"tag-ultimasnoticias"},"share_on_mastodon":{"url":"https:\/\/pubeurope.com\/@pt\/115553631518391437","error":""},"_links":{"self":[{"href":"https:\/\/www.europesays.com\/pt\/wp-json\/wp\/v2\/posts\/152703","targetHints":{"allow":["GET"]}}],"collection":[{"href":"https:\/\/www.europesays.com\/pt\/wp-json\/wp\/v2\/posts"}],"about":[{"href":"https:\/\/www.europesays.com\/pt\/wp-json\/wp\/v2\/types\/post"}],"author":[{"embeddable":true,"href":"https:\/\/www.europesays.com\/pt\/wp-json\/wp\/v2\/users\/2"}],"replies":[{"embeddable":true,"href":"https:\/\/www.europesays.com\/pt\/wp-json\/wp\/v2\/comments?post=152703"}],"version-history":[{"count":0,"href":"https:\/\/www.europesays.com\/pt\/wp-json\/wp\/v2\/posts\/152703\/revisions"}],"wp:featuredmedia":[{"embeddable":true,"href":"https:\/\/www.europesays.com\/pt\/wp-json\/wp\/v2\/media\/152704"}],"wp:attachment":[{"href":"https:\/\/www.europesays.com\/pt\/wp-json\/wp\/v2\/media?parent=152703"}],"wp:term":[{"taxonomy":"category","embeddable":true,"href":"https:\/\/www.europesays.com\/pt\/wp-json\/wp\/v2\/categories?post=152703"},{"taxonomy":"post_tag","embeddable":true,"href":"https:\/\/www.europesays.com\/pt\/wp-json\/wp\/v2\/tags?post=152703"}],"curies":[{"name":"wp","href":"https:\/\/api.w.org\/{rel}","templated":true}]}}