{"id":152705,"date":"2025-11-15T12:07:59","date_gmt":"2025-11-15T12:07:59","guid":{"rendered":"https:\/\/www.europesays.com\/pt\/152705\/"},"modified":"2025-11-15T12:07:59","modified_gmt":"2025-11-15T12:07:59","slug":"o-que-se-passou-na-casa-onde-morreu-um-casal","status":"publish","type":"post","link":"https:\/\/www.europesays.com\/pt\/152705\/","title":{"rendered":"o que se passou na casa onde morreu um casal"},"content":{"rendered":"<p class=\"wp-caption-text top\">Rui Minderico \/ LUSA<\/p>\n<p><img decoding=\"async\" loading=\"lazy\" class=\"size-kopa-image-size-3 wp-image-711480\" src=\"https:\/\/www.europesays.com\/pt\/wp-content\/uploads\/2025\/11\/5d6330f47696e7d7170577b07e7553a8-783x450.jpg\" alt=\"\" width=\"700\" height=\"402\"  \/><\/p>\n<p class=\"wp-caption-text bot\">Casa em Fern\u00e3o Ferro onde um casal morreu devido \u00e0s chuvas fortes<\/p>\n<p><strong>As duas v\u00edtimas mortais do mau tempo tinham 88 anos. Estavam numa casa que seria demolida. Fam\u00edlia n\u00e3o d\u00e1 o caso como encerrado.<\/strong><\/p>\n<p>Foi o desfecho mais tr\u00e1gico das horas complicadas que Portugal atravessou nesta quinta-feira, por causa da <a href=\"https:\/\/zap.aeiou.pt\/mau-tempo-portugal-eletricidade-falha-711226\" data-wpel-link=\"internal\" rel=\"nofollow noopener\" target=\"_blank\">depress\u00e3o Claudia<\/a>:<strong> duas pessoas morreram em Fern\u00e3o Ferro.<\/strong><\/p>\n<p>O casal era de idosos e estava em casa. Os dois tinham <strong>88 anos<\/strong> e estariam a <strong>dormir<\/strong> quando foram surpreendidos pela <strong>subida do n\u00edvel da \u00e1gua<\/strong>; n\u00e3o conseguiram escapar, ficaram encurralados. A mulher tinha um bot\u00e3o de p\u00e2nico mas n\u00e3o ter\u00e3o conseguido accionar.<\/p>\n<p>Segundo o comandante dos Bombeiros Mistos do Seixal, os operacionais entraram na casa inundada j\u00e1 \u201ccom a <strong>\u00e1gua pelo peito<\/strong>\u201d.<\/p>\n<p>\u201cQuando o nosso pessoal entrou, encontr\u00e1mos os corpos de ambos a <strong>boiar\u201d,<\/strong> descreveu Jos\u00e9 Mendes, aos jornalistas. Quando tiraram as v\u00edtimas do interior, ainda tentaram de imediato manobras de reanima\u00e7\u00e3o, mas nada resultou.<\/p>\n<p>A fam\u00edlia garante \u00e0 <a href=\"https:\/\/www.rtp.pt\/noticias\/pais\/morte-de-idosos-em-inundacao-gnr-entrou-em-casa-com-agua-pelo-peito_v1698062\" data-wpel-link=\"external\" target=\"_blank\" rel=\"nofollow external noopener noreferrer\" class=\"ext-link\">RTP<\/a> que o quintal da casa tinha <strong>escoamento.<\/strong> Os vizinhos \u2013 que chamaram os bombeiros antes das 9h da manh\u00e3 \u2013 alegam que as ruas \u00e0 volta n\u00e3o t\u00eam o escoamento necess\u00e1rio.<\/p>\n<p>Mas h\u00e1 uma quest\u00e3o \u00e0 volta da casa: era uma <strong>constru\u00e7\u00e3o ilegal.<\/strong> \u201cComo est\u00e3o tantas outras aqui da regi\u00e3o\u201d, indicou Joaquim Tavares, vereador da Protec\u00e7\u00e3o Civil da C\u00e2mara Municipal do Seixal.<\/p>\n<p>O casal vivia numa habita\u00e7\u00e3o situada no Pinhal de General \u2013 uma casa que foi constru\u00edda numa \u00c1rea Urbana de G\u00e9nese Ilegal <strong>junto a uma linha de \u00e1gua<\/strong>.<\/p>\n<p>Paulo Silva, presidente da C\u00e2mara Municipal do Seixal, disse \u00e0 ag\u00eancia Lusa que a casa foi <strong>\u201cconstru\u00edda clandestinamente,<\/strong> sem qualquer licenciamento camar\u00e1rio, no \u00e2mbito do loteamento clandestino do Pinhal do General, que come\u00e7ou nos anos 70\u201d.<\/p>\n<p>O processo para a constru\u00e7\u00e3o das infraestruturas e regulariza\u00e7\u00e3o das linhas de \u00e1gua est\u00e1 em curso, informou o autarca.<\/p>\n<p>A CMTV informa que a casa ia ser <strong>demolida<\/strong> para ser transformada num espa\u00e7o verde; os lares esperavam por uma vaga num lar. O vereador disse aos jornalistas que n\u00e3o conhece o processo, por isso n\u00e3o sabe se a casa seria demolida.<\/p>\n<p>Os familiares do casal falecido asseguram que todos os impostos da casa eram pagos. A CMTV indica que a fam\u00edlia quer levar o caso para os <strong>tribunais.<\/strong><\/p>\n<p>    <a href=\"https:\/\/zap.aeiou.pt\/subscrever-newsletter\" data-wpel-link=\"internal\" rel=\"nofollow noopener\" target=\"_blank\">&#13;<br \/>\n        <img loading=\"lazy\" decoding=\"async\" class=\"aligncenter size-full wp-image-575475\" src=\"https:\/\/www.europesays.com\/pt\/wp-content\/uploads\/2025\/11\/2d51fe4a0ba54894421ead1809309ed9-1-450x140.jpg\" alt=\"Subscreva a Newsletter ZAP\" width=\"450\" height=\"140\"\/>&#13;<br \/>\n    <\/a><\/p>\n<p>                <a href=\"https:\/\/whatsapp.com\/channel\/0029VaIC4EE2f3EJZPPSbR34\" data-wpel-link=\"external\" target=\"_blank\" rel=\"nofollow external noopener noreferrer\" class=\"ext-link\">&#13;<br \/>\n                    <img loading=\"lazy\" decoding=\"async\" class=\"aligncenter size-full wp-image-575475\" src=\"https:\/\/www.europesays.com\/pt\/wp-content\/uploads\/2025\/11\/c68c559d956d4ca20f435ed74a6e71e6.png\" alt=\"Siga-nos no WhatsApp\" width=\"175\" height=\"64\"\/>&#13;<br \/>\n                <\/a><\/p>\n<p>                <a href=\"https:\/\/news.google.com\/publications\/CAAiEHRwZondIV71PDjWNoqMduEqFAgKIhB0cGaJ3SFe9Tw41jaKjHbh?hl=en-US&amp;gl=US&amp;ceid=US%3Aen\" data-wpel-link=\"external\" target=\"_blank\" rel=\"nofollow external noopener noreferrer\" class=\"ext-link\">&#13;<br \/>\n                    <img loading=\"lazy\" decoding=\"async\" class=\"aligncenter size-full wp-image-575475\" src=\"https:\/\/www.europesays.com\/pt\/wp-content\/uploads\/2025\/11\/5123dd8b087b644fdb8f8603acd1bad4.png\" alt=\"Siga-nos no Google News\" width=\"176\" height=\"64\"\/>&#13;<br \/>\n                <\/a><\/p>\n","protected":false},"excerpt":{"rendered":"Rui Minderico \/ LUSA Casa em Fern\u00e3o Ferro onde um casal morreu devido \u00e0s chuvas fortes As duas&hellip;\n","protected":false},"author":2,"featured_media":152706,"comment_status":"","ping_status":"","sticky":false,"template":"","format":"standard","meta":{"footnotes":""},"categories":[8],"tags":[27,28,6934,15,16,14,25,26,21,22,1009,12,13,19,20,32,23,24,33,20028,605,17,18,29,30,31],"class_list":{"0":"post-152705","1":"post","2":"type-post","3":"status-publish","4":"format-standard","5":"has-post-thumbnail","7":"category-principais-noticias","8":"tag-breaking-news","9":"tag-breakingnews","10":"tag-construcao-civil","11":"tag-featured-news","12":"tag-featurednews","13":"tag-headlines","14":"tag-latest-news","15":"tag-latestnews","16":"tag-main-news","17":"tag-mainnews","18":"tag-natureza","19":"tag-news","20":"tag-noticias","21":"tag-noticias-principais","22":"tag-noticiasprincipais","23":"tag-portugal","24":"tag-principais-noticias","25":"tag-principaisnoticias","26":"tag-pt","27":"tag-seixal","28":"tag-tempo","29":"tag-top-stories","30":"tag-topstories","31":"tag-ultimas","32":"tag-ultimas-noticias","33":"tag-ultimasnoticias"},"share_on_mastodon":{"url":"https:\/\/pubeurope.com\/@pt\/115553639439704120","error":""},"_links":{"self":[{"href":"https:\/\/www.europesays.com\/pt\/wp-json\/wp\/v2\/posts\/152705","targetHints":{"allow":["GET"]}}],"collection":[{"href":"https:\/\/www.europesays.com\/pt\/wp-json\/wp\/v2\/posts"}],"about":[{"href":"https:\/\/www.europesays.com\/pt\/wp-json\/wp\/v2\/types\/post"}],"author":[{"embeddable":true,"href":"https:\/\/www.europesays.com\/pt\/wp-json\/wp\/v2\/users\/2"}],"replies":[{"embeddable":true,"href":"https:\/\/www.europesays.com\/pt\/wp-json\/wp\/v2\/comments?post=152705"}],"version-history":[{"count":0,"href":"https:\/\/www.europesays.com\/pt\/wp-json\/wp\/v2\/posts\/152705\/revisions"}],"wp:featuredmedia":[{"embeddable":true,"href":"https:\/\/www.europesays.com\/pt\/wp-json\/wp\/v2\/media\/152706"}],"wp:attachment":[{"href":"https:\/\/www.europesays.com\/pt\/wp-json\/wp\/v2\/media?parent=152705"}],"wp:term":[{"taxonomy":"category","embeddable":true,"href":"https:\/\/www.europesays.com\/pt\/wp-json\/wp\/v2\/categories?post=152705"},{"taxonomy":"post_tag","embeddable":true,"href":"https:\/\/www.europesays.com\/pt\/wp-json\/wp\/v2\/tags?post=152705"}],"curies":[{"name":"wp","href":"https:\/\/api.w.org\/{rel}","templated":true}]}}