{"id":152709,"date":"2025-11-15T12:10:14","date_gmt":"2025-11-15T12:10:14","guid":{"rendered":"https:\/\/www.europesays.com\/pt\/152709\/"},"modified":"2025-11-15T12:10:14","modified_gmt":"2025-11-15T12:10:14","slug":"pesquisa-sobre-arquitetura-da-ilha-do-ferro-sera-apresentada-a-comunidade-neste-sabado","status":"publish","type":"post","link":"https:\/\/www.europesays.com\/pt\/152709\/","title":{"rendered":"Pesquisa sobre arquitetura da Ilha do Ferro ser\u00e1 apresentada \u00e0 comunidade neste s\u00e1bado"},"content":{"rendered":"<p><img decoding=\"async\" src=\"https:\/\/www.europesays.com\/pt\/wp-content\/uploads\/2025\/11\/Pesquisa-sobre-arquitetura-da-Ilha-do-Ferro-sera-a-00856070-0c26bf66d7a1f103b422fadba8d40a35-7.webp\" alt=\"&#13;&#10;&#9;&#9;&#9;&#9;Pesquisa sobre arquitetura da Ilha do Ferro ser&#xE1; apresentada &#xE0; comunidade neste s&#xE1;bado&#13;&#10;&#9;&#9;&#9;&#13;&#10;&#9;&#9;&#9;\"\/>Pesquisa sobre arquitetura da Ilha do Ferro ser\u00e1 apresentada \u00e0 comunidade neste s\u00e1bado. &#8211; Divulga\u00e7\u00e3o<\/p>\n<p>A comunidade da Ilha do Ferro, em P\u00e3o de A\u00e7\u00facar, recebe neste s\u00e1bado, dia 15, o resultado de um ano de pesquisa dedicado a compreender, registrar e valorizar a arquitetura local. A devolutiva ser\u00e1 conduzida pelo professor Jo\u00e3o Paulo Omena, coordenador do curso de Arquitetura e Urbanismo do Centro Universit\u00e1rio Mario Pontes Juc\u00e1, acompanhado por alunos envolvidos no projeto.<\/p>\n<p>Tudo em um s\u00f3 lugar.<\/p>\n<p>Receba not\u00edcias da GazetaWeb no seu <b>WhatsApp<\/b> e fique por dentro de tudo!<\/p>\n<p><a href=\"https:\/\/chat.whatsapp.com\/Ift8Of86Q8CFaauG7hssKy\" rel=\"nofollow noopener\" target=\"_blank\">ACESSE O GRUPO &gt;<\/a><img decoding=\"async\" loading=\"lazy\" src=\"https:\/\/www.europesays.com\/pt\/wp-content\/uploads\/2025\/08\/canal_whatsapp.png\" alt=\"Aplicativo na whatsapp Store\"\/><\/p>\n<p>Ao longo dos \u00faltimos doze meses, a equipe realizou um invent\u00e1rio arquitet\u00f4nico que identificou 84 edifica\u00e7\u00f5es consideradas de interesse hist\u00f3rico, cultural e simb\u00f3lico para a regi\u00e3o. O material foi sistematizado em um livro que ser\u00e1 distribu\u00eddo \u00e0 comunidade. A vers\u00e3o em formato digital tamb\u00e9m ser\u00e1 disponibilizada para ampliar o acesso ao conte\u00fado.<\/p>\n<p>Leia tamb\u00e9m<\/p>\n<p>Segundo o professor Jo\u00e3o Paulo Omena, o trabalho representa um gesto de reconhecimento e cuidado com a mem\u00f3ria da Ilha do Ferro. \u201cA comunidade guarda um patrim\u00f4nio arquitet\u00f4nico de enorme valor para Alagoas. Nosso objetivo foi registrar essa riqueza e devolver esse conhecimento \u00e0s pessoas que mant\u00eam viva a hist\u00f3ria do lugar\u201d, afirma.<\/p>\n<p>A pesquisa teve financiamento do Minist\u00e9rio da Cultura, por meio da Lei Paulo Gustavo, e do Governo de Alagoas. A iniciativa refor\u00e7a o papel das pol\u00edticas p\u00fablicas na preserva\u00e7\u00e3o do patrim\u00f4nio e na valoriza\u00e7\u00e3o da identidade local.<\/p>\n<p>A apresenta\u00e7\u00e3o deste s\u00e1bado conclui uma etapa de estudo e devolu\u00e7\u00e3o do conhecimento \u00e0 comunidade, fortalecendo o v\u00ednculo entre a universidade e o territ\u00f3rio e reconhecendo a singularidade arquitet\u00f4nica da Ilha do Ferro.<\/p>\n<p>App <b>+Gazeta<\/b><\/p>\n<p>Confira not\u00edcias no app, ou\u00e7a a r\u00e1dio, leia a edi\u00e7\u00e3o digital e acesse outros recursos<\/p>\n<p><a aria-label=\"baixar aplicativo na google play\" href=\"https:\/\/play.google.com\/store\/apps\/details?id=br.com.gazetadealagoas.plus.app&amp;pcampaignid=web_share\" rel=\"nofollow noopener\" target=\"_blank\"><img decoding=\"async\" loading=\"lazy\" style=\"object-fit:cover\" src=\"https:\/\/www.europesays.com\/pt\/wp-content\/uploads\/2025\/08\/google-play-original.webp.webp\" width=\"120\" height=\"35\" alt=\"Aplicativo na Google Play\"\/><\/a> <a aria-label=\"baixar aplicativo na app store\" href=\"https:\/\/apps.apple.com\/br\/app\/gazeta\/id6479646633\" rel=\"nofollow noopener\" target=\"_blank\"><img decoding=\"async\" loading=\"lazy\" style=\"object-fit:cover\" src=\"https:\/\/www.europesays.com\/pt\/wp-content\/uploads\/2025\/08\/app-store-original.webp.webp\" width=\"120\" height=\"35\" alt=\"Aplicativo na App Store\"\/><\/a><img decoding=\"async\" loading=\"lazy\" src=\"https:\/\/www.europesays.com\/pt\/wp-content\/uploads\/2025\/08\/app_gazeta.png\" width=\"120\" height=\"35\" alt=\"Aplicativo na App Store\"\/><\/p>\n","protected":false},"excerpt":{"rendered":"Pesquisa sobre arquitetura da Ilha do Ferro ser\u00e1 apresentada \u00e0 comunidade neste s\u00e1bado. &#8211; Divulga\u00e7\u00e3o A comunidade da&hellip;\n","protected":false},"author":2,"featured_media":152710,"comment_status":"","ping_status":"","sticky":false,"template":"","format":"standard","meta":{"footnotes":""},"categories":[144],"tags":[207,205,206,203,201,202,204,114,115,32,33],"class_list":{"0":"post-152709","1":"post","2":"type-post","3":"status-publish","4":"format-standard","5":"has-post-thumbnail","7":"category-arte-e-design","8":"tag-arte","9":"tag-arte-e-design","10":"tag-artedesign","11":"tag-arts","12":"tag-arts-and-design","13":"tag-artsanddesign","14":"tag-design","15":"tag-entertainment","16":"tag-entretenimento","17":"tag-portugal","18":"tag-pt"},"share_on_mastodon":{"url":"https:\/\/pubeurope.com\/@pt\/115553647766704561","error":""},"_links":{"self":[{"href":"https:\/\/www.europesays.com\/pt\/wp-json\/wp\/v2\/posts\/152709","targetHints":{"allow":["GET"]}}],"collection":[{"href":"https:\/\/www.europesays.com\/pt\/wp-json\/wp\/v2\/posts"}],"about":[{"href":"https:\/\/www.europesays.com\/pt\/wp-json\/wp\/v2\/types\/post"}],"author":[{"embeddable":true,"href":"https:\/\/www.europesays.com\/pt\/wp-json\/wp\/v2\/users\/2"}],"replies":[{"embeddable":true,"href":"https:\/\/www.europesays.com\/pt\/wp-json\/wp\/v2\/comments?post=152709"}],"version-history":[{"count":0,"href":"https:\/\/www.europesays.com\/pt\/wp-json\/wp\/v2\/posts\/152709\/revisions"}],"wp:featuredmedia":[{"embeddable":true,"href":"https:\/\/www.europesays.com\/pt\/wp-json\/wp\/v2\/media\/152710"}],"wp:attachment":[{"href":"https:\/\/www.europesays.com\/pt\/wp-json\/wp\/v2\/media?parent=152709"}],"wp:term":[{"taxonomy":"category","embeddable":true,"href":"https:\/\/www.europesays.com\/pt\/wp-json\/wp\/v2\/categories?post=152709"},{"taxonomy":"post_tag","embeddable":true,"href":"https:\/\/www.europesays.com\/pt\/wp-json\/wp\/v2\/tags?post=152709"}],"curies":[{"name":"wp","href":"https:\/\/api.w.org\/{rel}","templated":true}]}}