{"id":152725,"date":"2025-11-15T12:23:22","date_gmt":"2025-11-15T12:23:22","guid":{"rendered":"https:\/\/www.europesays.com\/pt\/152725\/"},"modified":"2025-11-15T12:23:22","modified_gmt":"2025-11-15T12:23:22","slug":"vizinha-alertou-filha-dos-idosos-que-morreram-em-inundacao-enquanto-dormiam","status":"publish","type":"post","link":"https:\/\/www.europesays.com\/pt\/152725\/","title":{"rendered":"Vizinha alertou filha dos idosos que morreram em inunda\u00e7\u00e3o enquanto dormiam"},"content":{"rendered":"<p>Ra\u00fal e Edvige Sim\u00f5es, os dois idosos que morreram, na madrugada desta quinta-feira, numa inunda\u00e7\u00e3o, em casa, na zona do Pinhal do General, Fern\u00e3o Ferro, no concelho do Seixal, n\u00e3o se ter\u00e3o apercebido da entrada da \u00e1gua na moradia t\u00e9rrea. O casal tinha um bot\u00e3o de p\u00e2nico que n\u00e3o foi acionado. Ao que o JN apurou, uma das filhas que ia visit\u00e1-los esta manh\u00e3 foi alertada por uma vizinha de que a \u00e1gua teria entrado em casa dos pais.<\/p>\n","protected":false},"excerpt":{"rendered":"Ra\u00fal e Edvige Sim\u00f5es, os dois idosos que morreram, na madrugada desta quinta-feira, numa inunda\u00e7\u00e3o, em casa, na&hellip;\n","protected":false},"author":2,"featured_media":152726,"comment_status":"","ping_status":"","sticky":false,"template":"","format":"standard","meta":{"footnotes":""},"categories":[8],"tags":[27,28,20997,15,16,14,33011,25,26,21,22,8532,12,13,19,20,32,23,24,33,17,18,29,30,31],"class_list":{"0":"post-152725","1":"post","2":"type-post","3":"status-publish","4":"format-standard","5":"has-post-thumbnail","7":"category-principais-noticias","8":"tag-breaking-news","9":"tag-breakingnews","10":"tag-concelho-seixal","11":"tag-featured-news","12":"tag-featurednews","13":"tag-headlines","14":"tag-inundacao","15":"tag-latest-news","16":"tag-latestnews","17":"tag-main-news","18":"tag-mainnews","19":"tag-mau-tempo","20":"tag-news","21":"tag-noticias","22":"tag-noticias-principais","23":"tag-noticiasprincipais","24":"tag-portugal","25":"tag-principais-noticias","26":"tag-principaisnoticias","27":"tag-pt","28":"tag-top-stories","29":"tag-topstories","30":"tag-ultimas","31":"tag-ultimas-noticias","32":"tag-ultimasnoticias"},"share_on_mastodon":{"url":"https:\/\/pubeurope.com\/@pt\/115553698105220127","error":""},"_links":{"self":[{"href":"https:\/\/www.europesays.com\/pt\/wp-json\/wp\/v2\/posts\/152725","targetHints":{"allow":["GET"]}}],"collection":[{"href":"https:\/\/www.europesays.com\/pt\/wp-json\/wp\/v2\/posts"}],"about":[{"href":"https:\/\/www.europesays.com\/pt\/wp-json\/wp\/v2\/types\/post"}],"author":[{"embeddable":true,"href":"https:\/\/www.europesays.com\/pt\/wp-json\/wp\/v2\/users\/2"}],"replies":[{"embeddable":true,"href":"https:\/\/www.europesays.com\/pt\/wp-json\/wp\/v2\/comments?post=152725"}],"version-history":[{"count":0,"href":"https:\/\/www.europesays.com\/pt\/wp-json\/wp\/v2\/posts\/152725\/revisions"}],"wp:featuredmedia":[{"embeddable":true,"href":"https:\/\/www.europesays.com\/pt\/wp-json\/wp\/v2\/media\/152726"}],"wp:attachment":[{"href":"https:\/\/www.europesays.com\/pt\/wp-json\/wp\/v2\/media?parent=152725"}],"wp:term":[{"taxonomy":"category","embeddable":true,"href":"https:\/\/www.europesays.com\/pt\/wp-json\/wp\/v2\/categories?post=152725"},{"taxonomy":"post_tag","embeddable":true,"href":"https:\/\/www.europesays.com\/pt\/wp-json\/wp\/v2\/tags?post=152725"}],"curies":[{"name":"wp","href":"https:\/\/api.w.org\/{rel}","templated":true}]}}