{"id":152729,"date":"2025-11-15T12:27:28","date_gmt":"2025-11-15T12:27:28","guid":{"rendered":"https:\/\/www.europesays.com\/pt\/152729\/"},"modified":"2025-11-15T12:27:28","modified_gmt":"2025-11-15T12:27:28","slug":"barbara-parada-da-alcunha-peculiar-a-francisco-monteiro-a-partilha-que-incendiou-a-internet-secret-story","status":"publish","type":"post","link":"https:\/\/www.europesays.com\/pt\/152729\/","title":{"rendered":"B\u00e1rbara Parada d\u00e1 &#8216;alcunha&#8217; peculiar a Francisco Monteiro: a partilha que incendiou a Internet &#8211; Secret Story"},"content":{"rendered":"<p>\n                    A forma como B\u00e1rbara Parada se referiu a Francisco Monteiro incendiou as redes sociais.\n                <\/p>\n<p style=\"margin-bottom:11px\">A mais recente publica\u00e7\u00e3o de <strong>B\u00e1rbara Parada voltou a colocar a ex-concorrente no centro das aten\u00e7\u00f5es<\/strong>. <a href=\"https:\/\/tvi.iol.pt\/secretstory\/search?pagina=1&amp;pesquisa=barbara+parada\" rel=\"nofollow noopener\" target=\"_blank\">A jovem surpreendeu <\/a>ao partilhar, na quarta-feira, 12 de novembro, um carrossel de imagens captadas ao longo do m\u00eas de outubro, entre elas, <strong>dois registos ao lado de Francisco Monteiro.<\/strong> Foi precisamente uma dessas fotografias que acabou por <strong>incendiar a Internet.<\/strong><\/p>\n<p>Na imagem em que surge com o namorado,<strong> B\u00e1rbara recorreu a uma alcunha inesperada para se referir a Francisco Monteiro<\/strong>: a legenda escolhida foi \u00abEu e o meu gato\u00bb. Embora a publica\u00e7\u00e3o mencionasse um gato, <a href=\"https:\/\/tvi.iol.pt\/secretstory\/barbara-parada\/novidade\/vai-ser-muito-amado-barbara-parada-anuncia-novidade-sobre-a-familia-que-esta-a-deixar-os-fas-em-extase\" rel=\"nofollow noopener\" target=\"_blank\">n\u00e3o estava em causa a ado\u00e7\u00e3o de outro animal<\/a>, mas sim <strong>uma nova alcunha para o namorado<\/strong>.<\/p>\n<p>A escolha do termo peculiar <strong>gerou uma forte rea\u00e7\u00e3o por parte dos seguidores<\/strong>, que inundaram a caixa de coment\u00e1rios com elogios, <strong>mensagens de apoio e muitas interpreta\u00e7\u00f5es.<\/strong><\/p>\n<p><strong>Veja agora a galeria de fotos que prepar\u00e1mos para si.<\/strong><\/p>\n","protected":false},"excerpt":{"rendered":"A forma como B\u00e1rbara Parada se referiu a Francisco Monteiro incendiou as redes sociais. A mais recente publica\u00e7\u00e3o&hellip;\n","protected":false},"author":2,"featured_media":152730,"comment_status":"","ping_status":"","sticky":false,"template":"","format":"standard","meta":{"footnotes":""},"categories":[142],"tags":[2151,18706,114,115,18705,2071,32,33,151,18704],"class_list":{"0":"post-152729","1":"post","2":"type-post","3":"status-publish","4":"format-standard","5":"has-post-thumbnail","7":"category-tv","8":"tag-barbara-parada","9":"tag-bastidores-secret-story","10":"tag-entertainment","11":"tag-entretenimento","12":"tag-entrevistas-concorrentes-tvi","13":"tag-francisco-monteiro","14":"tag-portugal","15":"tag-pt","16":"tag-tv","17":"tag-vida-fora-da-casa"},"share_on_mastodon":{"url":"https:\/\/pubeurope.com\/@pt\/115553713893412694","error":""},"_links":{"self":[{"href":"https:\/\/www.europesays.com\/pt\/wp-json\/wp\/v2\/posts\/152729","targetHints":{"allow":["GET"]}}],"collection":[{"href":"https:\/\/www.europesays.com\/pt\/wp-json\/wp\/v2\/posts"}],"about":[{"href":"https:\/\/www.europesays.com\/pt\/wp-json\/wp\/v2\/types\/post"}],"author":[{"embeddable":true,"href":"https:\/\/www.europesays.com\/pt\/wp-json\/wp\/v2\/users\/2"}],"replies":[{"embeddable":true,"href":"https:\/\/www.europesays.com\/pt\/wp-json\/wp\/v2\/comments?post=152729"}],"version-history":[{"count":0,"href":"https:\/\/www.europesays.com\/pt\/wp-json\/wp\/v2\/posts\/152729\/revisions"}],"wp:featuredmedia":[{"embeddable":true,"href":"https:\/\/www.europesays.com\/pt\/wp-json\/wp\/v2\/media\/152730"}],"wp:attachment":[{"href":"https:\/\/www.europesays.com\/pt\/wp-json\/wp\/v2\/media?parent=152729"}],"wp:term":[{"taxonomy":"category","embeddable":true,"href":"https:\/\/www.europesays.com\/pt\/wp-json\/wp\/v2\/categories?post=152729"},{"taxonomy":"post_tag","embeddable":true,"href":"https:\/\/www.europesays.com\/pt\/wp-json\/wp\/v2\/tags?post=152729"}],"curies":[{"name":"wp","href":"https:\/\/api.w.org\/{rel}","templated":true}]}}