{"id":152731,"date":"2025-11-15T12:28:14","date_gmt":"2025-11-15T12:28:14","guid":{"rendered":"https:\/\/www.europesays.com\/pt\/152731\/"},"modified":"2025-11-15T12:28:14","modified_gmt":"2025-11-15T12:28:14","slug":"radio-educadora-90-3-fm-previsao-do-tempo-para-os-proximos-5-dias-em-santa-catarina-86","status":"publish","type":"post","link":"https:\/\/www.europesays.com\/pt\/152731\/","title":{"rendered":"R\u00e1dio Educadora 90.3 FM \u00bb Previs\u00e3o do tempo para os pr\u00f3ximos 5 dias em Santa Catarina"},"content":{"rendered":"<p>                                <a href=\"\" title=\"Previs\u00e3o do tempo para os pr\u00f3ximos 5 dias em Santa Catarina\">&#13;<br \/>\n                                    <img decoding=\"async\" src=\"https:\/\/www.europesays.com\/pt\/wp-content\/uploads\/2025\/11\/1763209689_235_whatsapp-image-2024-07-11-at-17-35-22.jpeg\" title=\"Previs\u00e3o do tempo para os pr\u00f3ximos 5 dias em Santa Catarina\" alt=\"Previs\u00e3o do tempo para os pr\u00f3ximos 5 dias em Santa Catarina\"\/>&#13;<br \/>\n                                <\/a><\/p>\n<p class=\"has-text-align-center\" style=\"text-align: center;\" data-raofz=\"16\"><strong>Elaborado em:<\/strong>\u00a015\/11\/2025 \u00e0s 05:00 \u2013 N\u00b0 319\/2025<\/p>\n<p style=\"text-align: center;\" data-raofz=\"16\">\u00a0<\/p>\n<p class=\"has-text-align-center\" style=\"text-align: center;\" data-raofz=\"16\"><strong>Meteorologista:\u00a0<\/strong>Fernando Rafael<\/p>\n<p style=\"text-align: center;\" data-raofz=\"16\">\u00a0<\/p>\n<p class=\"has-text-align-center\" style=\"text-align: center;\" data-raofz=\"16\"><strong>S\u00c1BADO (15)<\/strong><\/p>\n<p style=\"text-align: center;\" data-raofz=\"16\">\u00a0<\/p>\n<p class=\"has-text-align-left\" data-raofz=\"16\">O\u00a0<strong>s\u00e1bado (15)<\/strong>\u00a0come\u00e7a com predom\u00ednio de sol na maior parte do estado. No Grande Oeste e em parte dos Planaltos, a instabilidade retorna a partir da tarde, na forma de pancadas de chuva e temporais isolados.\u00a0<strong>O risco \u00e9 baixo a moderado para ocorr\u00eancias relacionadas a alagamentos pontuais, queda de galhos e \u00e1rvores e danos na rede el\u00e9trica.<\/strong>\u00a0No Litoral e Vale do Itaja\u00ed, a nebulosidade aumenta ao final do dia, quando n\u00e3o se descarta a ocorr\u00eancia de chuva fraca e isolada. No amanhecer, temperaturas m\u00ednimas entre 10\u00b0C e 14\u00b0C nos planaltos e de 14\u00b0C a 19\u00b0C nas demais regi\u00f5es. \u00c0 tarde, as m\u00e1ximas se aproximam dos 28\u00b0C\/30\u00b0C no Grande Oeste e Litoral Sul e variam de 23 a 27\u00b0C no restante do estado.\u00a0<\/p>\n<p class=\"has-text-align-left\" data-raofz=\"16\">\u00a0<\/p>\n<p><img decoding=\"async\" loading=\"lazy\" class=\"wp-image-14066 aligncenter\" title=\"Captura de tela 2025-11-14 015735.png\" src=\"https:\/\/www.europesays.com\/pt\/wp-content\/uploads\/2025\/11\/image-203-1024x699.png\"   alt=\"\" width=\"557\" height=\"380\"\/><\/p>\n<p data-raofz=\"16\">\u00a0<\/p>\n<p class=\"has-text-align-center\" style=\"text-align: center;\" data-raofz=\"16\"><strong>DOMINGO (16)<\/strong><\/p>\n<p data-raofz=\"16\">\u00a0<\/p>\n<p class=\"has-text-align-left\" data-raofz=\"16\">No<strong>\u00a0domingo (16)<\/strong>\u00a0o tempo muda no estado, com a forma\u00e7\u00e3o e avan\u00e7o de uma frente fria. No decorrer da manh\u00e3, a nebulosidade aumenta em todas as regi\u00f5es e a chuva acompanhada por temporais com raios, rajadas de vento e granizo retorna pelo Oeste, alcan\u00e7ando as demais regi\u00f5es no decorrer da tarde e noite. Apesar da previs\u00e3o de instabilidade, ainda haver\u00e1 per\u00edodos de melhoria com sol.\u00a0<strong>O risco \u00e9 moderado a alto para ocorr\u00eancias associadas a alagamentos, enxurradas, destelhamentos, queda de galhos e \u00e1rvores e danos da rede el\u00e9trica.\u00a0<\/strong>As temperaturas m\u00e1ximas se aproximam dos 34\u00b0C no Litoral Sul e variam entre 24\u00b0C e 31\u00b0C nas demais regi\u00f5es.\u00a0 Os ventos de nordeste se intensificam ao longo do dia com rajadas pr\u00f3ximas dos 70 km\/h no Litoral Sul.<\/p>\n<p class=\"has-text-align-left\" data-raofz=\"16\">\u00a0<\/p>\n<p><img decoding=\"async\" loading=\"lazy\" class=\"wp-image-14068 aligncenter\" title=\"Captura de tela 2025-11-14 015757.png\" src=\"https:\/\/www.europesays.com\/pt\/wp-content\/uploads\/2025\/11\/image-204-1024x699.png\"   alt=\"\" width=\"552\" height=\"377\"\/><\/p>\n<p data-raofz=\"16\">\u00a0<\/p>\n<p class=\"has-text-align-center\" style=\"text-align: center;\" data-raofz=\"16\"><strong>SEGUNDA-FEIRA (17)<\/strong><\/p>\n<p data-raofz=\"16\">\u00a0<\/p>\n<p class=\"has-text-align-left\" data-raofz=\"16\"><strong>Na segunda-feira (17),\u00a0<\/strong>a passagem da frente fria segue mantendo o tempo inst\u00e1vel na maior parte do estado, especialmente entre a madrugada e manh\u00e3, quando ainda haver\u00e1 condi\u00e7\u00e3o para temporais isolados. Entre o Meio-Oeste e o Litoral, a condi\u00e7\u00e3o para chuva ainda permanece ao longo de todo dia.\u00a0<strong>O risco \u00e9 baixo a moderado para ocorr\u00eancias associadas, principalmente a alagamentos e enxurradas pontuais<\/strong>. Al\u00e9m disso, a forma\u00e7\u00e3o de um Ciclone Extratropical em alto mar, distante da costa, favorece a intensifica\u00e7\u00e3o dos ventos do quadrante sul ao longo da costa com rajadas entre 50 e 60 km\/h. Com o avan\u00e7o do ar frio, as temperaturas m\u00ednimas ser\u00e3o registradas ao final do dia, com marcas pr\u00f3ximas dos 8\u00b0C nos pontos mais altos da Serra e dos 13\/15\u00b0C entre o Litoral Sul e a Grd. Florian\u00f3polis Litor\u00e2nea.<\/p>\n<p class=\"has-text-align-left\" data-raofz=\"16\">\u00a0<\/p>\n<p><img decoding=\"async\" loading=\"lazy\" class=\"wp-image-14069 aligncenter\" src=\"https:\/\/www.europesays.com\/pt\/wp-content\/uploads\/2025\/11\/image-205-1024x696.png\"   alt=\"\" width=\"555\" height=\"377\"\/><\/p>\n<p data-raofz=\"16\">\u00a0<\/p>\n<p class=\"has-text-align-center\" style=\"text-align: center;\" data-raofz=\"16\"><strong>TEND\u00caNCIA PARA OS PR\u00d3XIMOS DIAS<\/strong><\/p>\n<p data-raofz=\"16\">\u00a0<\/p>\n<p class=\"has-text-align-left\" data-raofz=\"16\">Na\u00a0<strong>ter\u00e7a-feira (18)<\/strong>, a frente fria ainda mant\u00e9m tempo inst\u00e1vel com condi\u00e7\u00f5es para pancadas de chuva e temporais isolados na maior parte do estado.<strong>\u00a0Na quarta-feira (19)<\/strong>, o sistema se afasta de SC e o ingresso de ar seco favorece o retorno das condi\u00e7\u00f5es de tempo mais est\u00e1vel com predom\u00ednio de sol em todas as regi\u00f5es.\u00a0<\/p>\n<p class=\"has-text-align-left\" data-raofz=\"16\">\u00a0<\/p>\n<p><img decoding=\"async\" loading=\"lazy\" class=\"wp-image-2894 aligncenter\" src=\"https:\/\/www.europesays.com\/pt\/wp-content\/uploads\/2025\/11\/rodape-1024x195.png\"   alt=\"\" width=\"551\" height=\"105\"\/><\/p>\n<p>\u00a0<\/p>\n<p>                Fonte: Secretaria de Estado de Prote\u00e7\u00e3o e Defesa Civil                <\/p>\n","protected":false},"excerpt":{"rendered":"&#13; &#13; Elaborado em:\u00a015\/11\/2025 \u00e0s 05:00 \u2013 N\u00b0 319\/2025 \u00a0 Meteorologista:\u00a0Fernando Rafael \u00a0 S\u00c1BADO (15) \u00a0 O\u00a0s\u00e1bado (15)\u00a0come\u00e7a&hellip;\n","protected":false},"author":2,"featured_media":88836,"comment_status":"","ping_status":"","sticky":false,"template":"","format":"standard","meta":{"footnotes":""},"categories":[141],"tags":[114,115,149,150,32,33],"class_list":{"0":"post-152731","1":"post","2":"type-post","3":"status-publish","4":"format-standard","5":"has-post-thumbnail","7":"category-musica","8":"tag-entertainment","9":"tag-entretenimento","10":"tag-music","11":"tag-musica","12":"tag-portugal","13":"tag-pt"},"share_on_mastodon":{"url":"https:\/\/pubeurope.com\/@pt\/115553718609219993","error":""},"_links":{"self":[{"href":"https:\/\/www.europesays.com\/pt\/wp-json\/wp\/v2\/posts\/152731","targetHints":{"allow":["GET"]}}],"collection":[{"href":"https:\/\/www.europesays.com\/pt\/wp-json\/wp\/v2\/posts"}],"about":[{"href":"https:\/\/www.europesays.com\/pt\/wp-json\/wp\/v2\/types\/post"}],"author":[{"embeddable":true,"href":"https:\/\/www.europesays.com\/pt\/wp-json\/wp\/v2\/users\/2"}],"replies":[{"embeddable":true,"href":"https:\/\/www.europesays.com\/pt\/wp-json\/wp\/v2\/comments?post=152731"}],"version-history":[{"count":0,"href":"https:\/\/www.europesays.com\/pt\/wp-json\/wp\/v2\/posts\/152731\/revisions"}],"wp:featuredmedia":[{"embeddable":true,"href":"https:\/\/www.europesays.com\/pt\/wp-json\/wp\/v2\/media\/88836"}],"wp:attachment":[{"href":"https:\/\/www.europesays.com\/pt\/wp-json\/wp\/v2\/media?parent=152731"}],"wp:term":[{"taxonomy":"category","embeddable":true,"href":"https:\/\/www.europesays.com\/pt\/wp-json\/wp\/v2\/categories?post=152731"},{"taxonomy":"post_tag","embeddable":true,"href":"https:\/\/www.europesays.com\/pt\/wp-json\/wp\/v2\/tags?post=152731"}],"curies":[{"name":"wp","href":"https:\/\/api.w.org\/{rel}","templated":true}]}}