{"id":152732,"date":"2025-11-15T12:29:10","date_gmt":"2025-11-15T12:29:10","guid":{"rendered":"https:\/\/www.europesays.com\/pt\/152732\/"},"modified":"2025-11-15T12:29:10","modified_gmt":"2025-11-15T12:29:10","slug":"papa-leao-indica-4-filmes-descubra-quais-sao","status":"publish","type":"post","link":"https:\/\/www.europesays.com\/pt\/152732\/","title":{"rendered":"Papa Le\u00e3o indica 4 filmes. Descubra quais s\u00e3o"},"content":{"rendered":"<p>A Felicidade N\u00e3o Se Compra (1946)<\/p>\n<p>Frank Capra<\/p>\n<p>O cl\u00e1ssico de Capra acompanha George Bailey, um homem que, \u00e0s voltas com problemas financeiros e emocionais, considera tirar a pr\u00f3pria vida, at\u00e9 ser surpreendido por Clarence, um anjo enviado para mostrar o valor de sua exist\u00eancia.<\/p>\n<p>Para o pont\u00edfice, a trajet\u00f3ria de Bailey ecoa a confian\u00e7a em Deus e o impacto silencioso que boas a\u00e7\u00f5es t\u00eam sobre os outros. \u00c9 um filme sobre caridade, responsabilidade e sentido da vida.<\/p>\n<p>A Novi\u00e7a Rebelde (1965)<\/p>\n<p>Robert Wise<\/p>\n<p>Ambientado pouco antes da Segunda Guerra, o musical acompanha Maria, a novi\u00e7a que deixa o convento para trabalhar como governanta dos sete filhos do capit\u00e3o Von Trapp.<\/p>\n<p>Le\u00e3o XIV cita o filme como exemplo de alegria crist\u00e3. A jornada de Maria, dividida entre a voca\u00e7\u00e3o religiosa e o amor familiar, \u00e9 apresentada como um ato de discernimento e coragem.<\/p>\n<p>Gente Como a Gente (1980)<\/p>\n<p>Robert Redford<\/p>\n<p>O drama acompanha uma fam\u00edlia de classe m\u00e9dia-alta tentando se recompor ap\u00f3s a morte de um dos filhos.<\/p>\n<p>Enquanto o adolescente Conrad luta para superar a culpa, seus pais enfrentam o luto de maneiras opostas.<\/p>\n<p>A escolha do papa destaca a for\u00e7a do perd\u00e3o e da reconcilia\u00e7\u00e3o. O filme, vencedor do Oscar de Melhor Filme, retrata com sobriedade as rupturas emocionais que se acumulam quando o sofrimento n\u00e3o \u00e9 tratado.<\/p>\n<p>A Vida \u00c9 Bela (1997)<\/p>\n<p>Roberto Benigni<\/p>\n<p>Em um dos filmes mais marcantes dos anos 1990, Guido usa a imagina\u00e7\u00e3o para proteger o filho dos horrores de um campo de concentra\u00e7\u00e3o nazista.<\/p>\n<p>Transformando o terror em jogo, ele cria uma bolha de esperan\u00e7a onde aparentemente n\u00e3o h\u00e1 nenhuma.<\/p>\n<p>O papa v\u00ea no gesto de Guido uma imagem do amor que resiste ao mal. A hist\u00f3ria combina ternura e trag\u00e9dia, ressaltando como a bondade humana pode atravessar as piores circunst\u00e2ncias.<\/p>\n<p>O Vaticano quer se aproximar de Hollywood<\/p>\n<p>O an\u00fancio dos filmes favoritos faz parte da prepara\u00e7\u00e3o para o evento \u201cWorld of Cinema\u201d, que integra as celebra\u00e7\u00f5es do Jubileu, realizado pela Igreja a cada 25 anos.<\/p>\n<p>A iniciativa refor\u00e7a o interesse do Papa Le\u00e3o XIV em dialogar com artistas e discutir como o cinema pode compartilhar valores espirituais, humanos e culturais.<\/p>\n<p>Em comunicado, o Vaticano afirmou que o pont\u00edfice deseja \u201caprofundar a rela\u00e7\u00e3o entre f\u00e9 e criatividade\u201d e destacar o papel da arte na forma\u00e7\u00e3o moral das sociedades.<\/p>\n<p>Num momento em que a cultura pop molda comportamentos e imagin\u00e1rios, o papa aposta que o cinema, quando bem utilizado, pode se tornar uma ponte poderosa entre a mensagem da Igreja e o mundo contempor\u00e2neo.<\/p>\n<p>Onde assistir bons filmes?<\/p>\n<p>Na <a href=\"https:\/\/go.brasilparalelo.com.br\/campaign\/venda-portal-black-november-2025?utm_source=portal&amp;utm_campaign=ppt_bno25_black_november&amp;utm_content=noticias\" rel=\"nofollow noopener\" target=\"_blank\">\u00e1rea de membros da Brasil Paralelo voc\u00ea encontra:<\/a><\/p>\n<ul role=\"list\">\n<li>Filmes consagrados de Hollywood e do cinema mundial sem ideologias;<\/li>\n<li>An\u00e1lise exclusiva de cada filme;<\/li>\n<li>Document\u00e1rios Originais da BP, como Entre Lobos, Crise dos 3 Poderes, A Direita no Brasil, Brasil &#8211; \u00daltima Cruzada e document\u00e1rios internacionais prestigiados, como Dunkirk, Putin vs Ucr\u00e2nia, From the river to the sea e muito mais;<\/li>\n<li>Programas como o podcast Conversa Paralela, Rasta News, Contraponto, Panorama e muito mais;<\/li>\n<li>Cursos sobre pol\u00edtica, filosofia, literatura, hist\u00f3ria e muitas outras disciplinas.<\/li>\n<\/ul>\n<p>Assine agora e tenha acesso a todos esses benef\u00edcios pelo menor valor da nossa hist\u00f3ria, com at\u00e9 70% de desconto durante a Black November. &#8211; <a href=\"https:\/\/go.brasilparalelo.com.br\/campaign\/venda-portal-black-november-2025?utm_source=portal&amp;utm_campaign=ppt_bno25_black_november&amp;utm_content=noticias\" rel=\"nofollow noopener\" target=\"_blank\">toque aqui<\/a><\/p>\n","protected":false},"excerpt":{"rendered":"A Felicidade N\u00e3o Se Compra (1946) Frank Capra O cl\u00e1ssico de Capra acompanha George Bailey, um homem que,&hellip;\n","protected":false},"author":2,"featured_media":152733,"comment_status":"","ping_status":"","sticky":false,"template":"","format":"standard","meta":{"footnotes":""},"categories":[140],"tags":[114,115,147,148,146,32,33],"class_list":{"0":"post-152732","1":"post","2":"type-post","3":"status-publish","4":"format-standard","5":"has-post-thumbnail","7":"category-filmes","8":"tag-entertainment","9":"tag-entretenimento","10":"tag-film","11":"tag-filmes","12":"tag-movies","13":"tag-portugal","14":"tag-pt"},"share_on_mastodon":{"url":"https:\/\/pubeurope.com\/@pt\/115553721614115927","error":""},"_links":{"self":[{"href":"https:\/\/www.europesays.com\/pt\/wp-json\/wp\/v2\/posts\/152732","targetHints":{"allow":["GET"]}}],"collection":[{"href":"https:\/\/www.europesays.com\/pt\/wp-json\/wp\/v2\/posts"}],"about":[{"href":"https:\/\/www.europesays.com\/pt\/wp-json\/wp\/v2\/types\/post"}],"author":[{"embeddable":true,"href":"https:\/\/www.europesays.com\/pt\/wp-json\/wp\/v2\/users\/2"}],"replies":[{"embeddable":true,"href":"https:\/\/www.europesays.com\/pt\/wp-json\/wp\/v2\/comments?post=152732"}],"version-history":[{"count":0,"href":"https:\/\/www.europesays.com\/pt\/wp-json\/wp\/v2\/posts\/152732\/revisions"}],"wp:featuredmedia":[{"embeddable":true,"href":"https:\/\/www.europesays.com\/pt\/wp-json\/wp\/v2\/media\/152733"}],"wp:attachment":[{"href":"https:\/\/www.europesays.com\/pt\/wp-json\/wp\/v2\/media?parent=152732"}],"wp:term":[{"taxonomy":"category","embeddable":true,"href":"https:\/\/www.europesays.com\/pt\/wp-json\/wp\/v2\/categories?post=152732"},{"taxonomy":"post_tag","embeddable":true,"href":"https:\/\/www.europesays.com\/pt\/wp-json\/wp\/v2\/tags?post=152732"}],"curies":[{"name":"wp","href":"https:\/\/api.w.org\/{rel}","templated":true}]}}