{"id":152734,"date":"2025-11-15T12:30:16","date_gmt":"2025-11-15T12:30:16","guid":{"rendered":"https:\/\/www.europesays.com\/pt\/152734\/"},"modified":"2025-11-15T12:30:16","modified_gmt":"2025-11-15T12:30:16","slug":"boavista-vai-ter-equipa-de-ciclismo-renovada-e-com-novo-patrocinador","status":"publish","type":"post","link":"https:\/\/www.europesays.com\/pt\/152734\/","title":{"rendered":"Boavista vai ter equipa de ciclismo renovada e com novo patrocinador"},"content":{"rendered":"<p data-remotead-prev-elm=\"true\" data-remotead-elm-id=\"inread\">O Boavista prepara-se para viver uma nova era no ciclismo, depois de selar uma importante parceria com a Feira dos Sof\u00e1s, o novo patrocinador principal que promete revolucionar a vis\u00e3o desportiva da equipa. O cargo de diretor-desportivo ser\u00e1 desempenhado por Andr\u00e9 Cardoso, antigo ciclista internacional, passando Jos\u00e9 Santos a assumir fun\u00e7\u00f5es de supervisor da estrutura, ap\u00f3s um trabalho de quatro d\u00e9cadas dedicado \u00e0 estrat\u00e9gia da equipa no terreno.<\/p>\n<p>Como parte do plano do crescimento, a Feira dos Sof\u00e1s &#8211; Boavista Cycling Team ir\u00e1 inaugurar novas instala\u00e7\u00f5es de apoio na cidade de Paredes, que funcionar\u00e3o como centro log\u00edstico e operacional de treino para que a equipa possa competir ao mais alto n\u00edvel na pr\u00f3xima \u00e9poca.<\/p>\n<p>Esta nova era no ciclismo do Boavista coincide com um per\u00edodo de turbul\u00eancia a envolver o clube axadrezado, com a equipa de futebol a disputar os campeonatos distritais da A. F. Porto e depois da sec\u00e7\u00e3o de andebol ter sido extinta. Nas estradas, este projeto pretende participar nas principais provas nacionais e tamb\u00e9m competir no estrangeiro. Nas pr\u00f3ximas semanas, ser\u00e3o divulgados os nomes dos novos ciclistas da equipa e tamb\u00e9m ser\u00e3o anunciados os objetivos desportivos.<\/p>\n","protected":false},"excerpt":{"rendered":"O Boavista prepara-se para viver uma nova era no ciclismo, depois de selar uma importante parceria com a&hellip;\n","protected":false},"author":2,"featured_media":152735,"comment_status":"","ping_status":"","sticky":false,"template":"","format":"standard","meta":{"footnotes":""},"categories":[87],"tags":[1302,1342,135,32,33,134],"class_list":{"0":"post-152734","1":"post","2":"type-post","3":"status-publish","4":"format-standard","5":"has-post-thumbnail","7":"category-desporto","8":"tag-boavista","9":"tag-ciclismo","10":"tag-desporto","11":"tag-portugal","12":"tag-pt","13":"tag-sports"},"share_on_mastodon":{"url":"https:\/\/pubeurope.com\/@pt\/115553725519306142","error":""},"_links":{"self":[{"href":"https:\/\/www.europesays.com\/pt\/wp-json\/wp\/v2\/posts\/152734","targetHints":{"allow":["GET"]}}],"collection":[{"href":"https:\/\/www.europesays.com\/pt\/wp-json\/wp\/v2\/posts"}],"about":[{"href":"https:\/\/www.europesays.com\/pt\/wp-json\/wp\/v2\/types\/post"}],"author":[{"embeddable":true,"href":"https:\/\/www.europesays.com\/pt\/wp-json\/wp\/v2\/users\/2"}],"replies":[{"embeddable":true,"href":"https:\/\/www.europesays.com\/pt\/wp-json\/wp\/v2\/comments?post=152734"}],"version-history":[{"count":0,"href":"https:\/\/www.europesays.com\/pt\/wp-json\/wp\/v2\/posts\/152734\/revisions"}],"wp:featuredmedia":[{"embeddable":true,"href":"https:\/\/www.europesays.com\/pt\/wp-json\/wp\/v2\/media\/152735"}],"wp:attachment":[{"href":"https:\/\/www.europesays.com\/pt\/wp-json\/wp\/v2\/media?parent=152734"}],"wp:term":[{"taxonomy":"category","embeddable":true,"href":"https:\/\/www.europesays.com\/pt\/wp-json\/wp\/v2\/categories?post=152734"},{"taxonomy":"post_tag","embeddable":true,"href":"https:\/\/www.europesays.com\/pt\/wp-json\/wp\/v2\/tags?post=152734"}],"curies":[{"name":"wp","href":"https:\/\/api.w.org\/{rel}","templated":true}]}}