{"id":152738,"date":"2025-11-15T12:34:09","date_gmt":"2025-11-15T12:34:09","guid":{"rendered":"https:\/\/www.europesays.com\/pt\/152738\/"},"modified":"2025-11-15T12:34:09","modified_gmt":"2025-11-15T12:34:09","slug":"a-solucao-para-habitacao-acessivel-casa-pre-fabricada-da-amazon-em-aco-oferece-tres-quartos-e-terraco-por-menos-de-33-mil-euros","status":"publish","type":"post","link":"https:\/\/www.europesays.com\/pt\/152738\/","title":{"rendered":"A solu\u00e7\u00e3o para habita\u00e7\u00e3o acess\u00edvel? Casa pr\u00e9-fabricada da Amazon em a\u00e7o oferece tr\u00eas quartos e terra\u00e7o por menos de 33 mil euros"},"content":{"rendered":"<p>A press\u00e3o crescente sobre o mercado habitacional em Espanha tem levado milhares de fam\u00edlias a procurar alternativas mais acess\u00edveis \u00e0 compra ou ao arrendamento tradicionais. Entre essas solu\u00e7\u00f5es est\u00e3o as casas pr\u00e9-fabricadas, que se t\u00eam consolidado como op\u00e7\u00f5es sustent\u00e1veis, r\u00e1pidas de instalar e com custos significativamente inferiores aos da constru\u00e7\u00e3o convencional. Neste contexto, a Amazon passou a disponibilizar um novo modelo modular que promete juntar pre\u00e7o baixo, facilidade de montagem e caracter\u00edsticas adequadas para uso permanente.<\/p>\n<p>Trata-se de uma casa pr\u00e9-fabricada da marca Generic, constru\u00edda em estrutura de a\u00e7o e concebida para ser transportada como um contentor padr\u00e3o de 40 p\u00e9s \u2014 uma unidade com 11,78 metros de comprimento. A inova\u00e7\u00e3o surge no sistema expans\u00edvel que, uma vez no local de instala\u00e7\u00e3o, permite que a largura da estrutura aumente at\u00e9 6,3 metros. No total, a habita\u00e7\u00e3o oferece 86 metros quadrados \u2014 74 metros de \u00e1rea interior e mais 12 metros de terra\u00e7o exterior.<\/p>\n<p>Segundo a descri\u00e7\u00e3o disponibilizada pelo fabricante na Amazon, esta solu\u00e7\u00e3o modular est\u00e1 pensada \u201cpara um uso quase imediato\u201d, uma vez que os sistemas de eletricidade e canaliza\u00e7\u00e3o chegam pr\u00e9-instalados, reduzindo de forma significativa a necessidade de obras ou m\u00e3o-de-obra especializada.<\/p>\n<p>O modelo pode ser adquirido em duas vers\u00f5es, com dois ou tr\u00eas quartos, e inclui ainda casa de banho e uma cozinha totalmente equipada. A versatilidade permite que seja utilizada tanto como resid\u00eancia permanente como para estadias de f\u00e9rias. As imagens disponibilizadas pela marca mostram uma distribui\u00e7\u00e3o interior funcional, com espa\u00e7os amplos e preparados para uso di\u00e1rio.<\/p>\n<p>O terra\u00e7o de 12 metros quadrados funciona como extens\u00e3o natural da \u00e1rea habit\u00e1vel, tornando-se uma zona \u00fatil para lazer ou refei\u00e7\u00f5es ao ar livre, seja num jardim, numa parcela destinada a f\u00e9rias ou at\u00e9 como anexo num terreno j\u00e1 existente.<\/p>\n<p>A estrutura em a\u00e7o foi desenhada para resistir \u00e0 intemp\u00e9rie e garantir durabilidade a longo prazo, mantendo-se est\u00e1vel mesmo em uso exterior intensivo. A marca destaca ainda o elevado grau de personaliza\u00e7\u00e3o: o comprador pode ajustar o design interior, a escolha de materiais, o isolamento t\u00e9rmico, o estilo de acabamento e at\u00e9 a posi\u00e7\u00e3o de portas, janelas e revestimentos do ch\u00e3o.<\/p>\n<p>Um dos grandes argumentos de venda \u00e9 a facilidade de instala\u00e7\u00e3o. O design dobr\u00e1vel permite um processo de montagem r\u00e1pido, reduzindo os tempos de espera associados \u00e0 constru\u00e7\u00e3o tradicional. O fabricante refere tamb\u00e9m a utiliza\u00e7\u00e3o de pain\u00e9is isolados nas paredes, pensados para manter um ambiente interior confort\u00e1vel ao longo de todo o ano.<\/p>\n<p>O pre\u00e7o final pode variar de acordo com a configura\u00e7\u00e3o escolhida, mas, segundo a descri\u00e7\u00e3o do produto, o custo base situa-se abaixo dos 33 mil euros \u2014 um valor substancialmente inferior ao de qualquer constru\u00e7\u00e3o convencional de dimens\u00f5es semelhantes. Esta proposta coloca a nova casa pr\u00e9-fabricada da Amazon entre as op\u00e7\u00f5es mais econ\u00f3micas do mercado modular atual, refor\u00e7ando o interesse crescente por solu\u00e7\u00f5es habitacionais flex\u00edveis e acess\u00edveis.<\/p>\n","protected":false},"excerpt":{"rendered":"A press\u00e3o crescente sobre o mercado habitacional em Espanha tem levado milhares de fam\u00edlias a procurar alternativas mais&hellip;\n","protected":false},"author":2,"featured_media":152739,"comment_status":"","ping_status":"","sticky":false,"template":"","format":"standard","meta":{"footnotes":""},"categories":[83],"tags":[88,89,90,32,33],"class_list":{"0":"post-152738","1":"post","2":"type-post","3":"status-publish","4":"format-standard","5":"has-post-thumbnail","7":"category-empresas","8":"tag-business","9":"tag-economy","10":"tag-empresas","11":"tag-portugal","12":"tag-pt"},"share_on_mastodon":{"url":"https:\/\/pubeurope.com\/@pt\/115553741277797856","error":""},"_links":{"self":[{"href":"https:\/\/www.europesays.com\/pt\/wp-json\/wp\/v2\/posts\/152738","targetHints":{"allow":["GET"]}}],"collection":[{"href":"https:\/\/www.europesays.com\/pt\/wp-json\/wp\/v2\/posts"}],"about":[{"href":"https:\/\/www.europesays.com\/pt\/wp-json\/wp\/v2\/types\/post"}],"author":[{"embeddable":true,"href":"https:\/\/www.europesays.com\/pt\/wp-json\/wp\/v2\/users\/2"}],"replies":[{"embeddable":true,"href":"https:\/\/www.europesays.com\/pt\/wp-json\/wp\/v2\/comments?post=152738"}],"version-history":[{"count":0,"href":"https:\/\/www.europesays.com\/pt\/wp-json\/wp\/v2\/posts\/152738\/revisions"}],"wp:featuredmedia":[{"embeddable":true,"href":"https:\/\/www.europesays.com\/pt\/wp-json\/wp\/v2\/media\/152739"}],"wp:attachment":[{"href":"https:\/\/www.europesays.com\/pt\/wp-json\/wp\/v2\/media?parent=152738"}],"wp:term":[{"taxonomy":"category","embeddable":true,"href":"https:\/\/www.europesays.com\/pt\/wp-json\/wp\/v2\/categories?post=152738"},{"taxonomy":"post_tag","embeddable":true,"href":"https:\/\/www.europesays.com\/pt\/wp-json\/wp\/v2\/tags?post=152738"}],"curies":[{"name":"wp","href":"https:\/\/api.w.org\/{rel}","templated":true}]}}