{"id":152740,"date":"2025-11-15T12:38:47","date_gmt":"2025-11-15T12:38:47","guid":{"rendered":"https:\/\/www.europesays.com\/pt\/152740\/"},"modified":"2025-11-15T12:38:47","modified_gmt":"2025-11-15T12:38:47","slug":"guilherme-castelo-branco-fala-do-assalto-a-casa-de-simao-sabrosa-e-destaca-um-bocado-estranho","status":"publish","type":"post","link":"https:\/\/www.europesays.com\/pt\/152740\/","title":{"rendered":"Guilherme Castelo Branco fala do assalto \u00e0 casa de Sim\u00e3o Sabrosa e destaca: &#8220;Um bocado estranho&#8230;&#8221;"},"content":{"rendered":"<p>Tal como D\u00e2nia Neto e B\u00e1rbara Norton de Matos, Sim\u00e3o Sabrosa e Vanessa Rebelo foram v\u00edtimas de um assalto no ano passado. Em entrevista \u00e0 Nova Gente, a mulher do ex-futebolista contou que \u201c<strong>foi<\/strong> <strong>devastador<\/strong>\u201d e \u201c<strong>um momento muito dif\u00edcil<\/strong>\u201d para a fam\u00edlia.<\/p>\n<p>\u201c<strong>\u00c9 um assunto delicado. N\u00e3o gosto de falar sobre o tema.\u00a0Foram perdas muito, muito grandes em todos os sentidos\u2026 Enfim, foi devastador. Foi um momento muito dif\u00edcil para mim e para os meus filhos. O Sim\u00e3o n\u00e3o se encontrava em Portugal<\/strong>\u201c, afirmou Vanessa, que tamb\u00e9m sublinhou a falta de seguran\u00e7a na zona onde vive.<\/p>\n<p>No programa \u2018V+ Fama\u2019, transmitido no V+ TVI, desta sexta-feira, 14 de novembro, o tema foi alvo de coment\u00e1rio e Guilherme Castelo Branco come\u00e7ou por lamentar: \u201c<strong>\u00c9 muito chato. \u00c9 aquele sentimento de desprote\u00e7\u00e3o, chegarmos \u00e0 casa e vermos que pessoas estiveram a mexer nas nossas coisas. Mas, pelo menos, pela descri\u00e7\u00e3o que ela d\u00e1, n\u00e3o foi enquanto eles estavam dentro de casa. Isso deve ser traumatizante tanto para ela como depois para a crian\u00e7a ou para as crian\u00e7as. \u00c9 muito complicado<\/strong>\u201c.<\/p>\n<p>Ao falar desse epis\u00f3dio, o comentador destacou em direto: \u201c<strong>Isto \u00e9 um alerta tamb\u00e9m para terem bons sistemas de seguran\u00e7a. Portanto, uma casa daquelas n\u00e3o ter um bom sistema de seguran\u00e7a, acho um bocado estranho<\/strong>\u201c.<\/p>\n<p>Tamb\u00e9m presente no painel de comentadores, Isabel Figueira referiu: \u201c<strong>Mas h\u00e1 casas que t\u00eam sistemas de seguran\u00e7a e eles conseguem j\u00e1 furar. Portanto, n\u00e3o \u00e9 assim t\u00e3o linear<\/strong>\u201c.<\/p>\n<p>Por sua vez, Guilherme Castelo Branco completou a sua explica\u00e7\u00e3o: \u201c<strong>Claro que h\u00e1, mas quanto mais prote\u00e7\u00e3o n\u00f3s tivermos, mais seguros n\u00f3s estamos. H\u00e1 sistemas de seguran\u00e7a antigos, h\u00e1 sistemas de seguran\u00e7a atuais. Quanto mais evolu\u00eddos eles forem, mais f\u00e1cil \u00e9 apanhar as pessoas. E depois tamb\u00e9m os pr\u00f3prios ladr\u00f5es v\u00e3o aprendendo, mas tamb\u00e9m n\u00e3o acompanham tudo<\/strong>\u201c.<\/p>\n","protected":false},"excerpt":{"rendered":"Tal como D\u00e2nia Neto e B\u00e1rbara Norton de Matos, Sim\u00e3o Sabrosa e Vanessa Rebelo foram v\u00edtimas de um&hellip;\n","protected":false},"author":2,"featured_media":152741,"comment_status":"","ping_status":"","sticky":false,"template":"","format":"standard","meta":{"footnotes":""},"categories":[145],"tags":[2446,2019,211,210,114,115,224,33012,32,33,30828],"class_list":{"0":"post-152740","1":"post","2":"type-post","3":"status-publish","4":"format-standard","5":"has-post-thumbnail","7":"category-celebridades","8":"tag-assalto","9":"tag-casa","10":"tag-celebridades","11":"tag-celebrities","12":"tag-entertainment","13":"tag-entretenimento","14":"tag-estranho","15":"tag-guilherme-castelo-branco","16":"tag-portugal","17":"tag-pt","18":"tag-simu00e3o-sabrosa"},"share_on_mastodon":{"url":"https:\/\/pubeurope.com\/@pt\/115553756988596623","error":""},"_links":{"self":[{"href":"https:\/\/www.europesays.com\/pt\/wp-json\/wp\/v2\/posts\/152740","targetHints":{"allow":["GET"]}}],"collection":[{"href":"https:\/\/www.europesays.com\/pt\/wp-json\/wp\/v2\/posts"}],"about":[{"href":"https:\/\/www.europesays.com\/pt\/wp-json\/wp\/v2\/types\/post"}],"author":[{"embeddable":true,"href":"https:\/\/www.europesays.com\/pt\/wp-json\/wp\/v2\/users\/2"}],"replies":[{"embeddable":true,"href":"https:\/\/www.europesays.com\/pt\/wp-json\/wp\/v2\/comments?post=152740"}],"version-history":[{"count":0,"href":"https:\/\/www.europesays.com\/pt\/wp-json\/wp\/v2\/posts\/152740\/revisions"}],"wp:featuredmedia":[{"embeddable":true,"href":"https:\/\/www.europesays.com\/pt\/wp-json\/wp\/v2\/media\/152741"}],"wp:attachment":[{"href":"https:\/\/www.europesays.com\/pt\/wp-json\/wp\/v2\/media?parent=152740"}],"wp:term":[{"taxonomy":"category","embeddable":true,"href":"https:\/\/www.europesays.com\/pt\/wp-json\/wp\/v2\/categories?post=152740"},{"taxonomy":"post_tag","embeddable":true,"href":"https:\/\/www.europesays.com\/pt\/wp-json\/wp\/v2\/tags?post=152740"}],"curies":[{"name":"wp","href":"https:\/\/api.w.org\/{rel}","templated":true}]}}