{"id":152744,"date":"2025-11-15T12:43:17","date_gmt":"2025-11-15T12:43:17","guid":{"rendered":"https:\/\/www.europesays.com\/pt\/152744\/"},"modified":"2025-11-15T12:43:17","modified_gmt":"2025-11-15T12:43:17","slug":"chadwick-boseman-sera-homenageado-na-calcada-da-fama","status":"publish","type":"post","link":"https:\/\/www.europesays.com\/pt\/152744\/","title":{"rendered":"Chadwick Boseman ser\u00e1 homenageado na Cal\u00e7ada da Fama"},"content":{"rendered":"<p>  <img width=\"76\" height=\"40\"   alt=\"Capa da Publica\u00e7\u00e3o\" class=\"article-cover__image\"\/><\/p>\n<p class=\"post__tagline\">O Pantera Negra do MCU ser\u00e1 eternizado em Los Angeles<\/p>\n<p data-start=\"0\" data-end=\"239\"><strong>Chadwick Boseman<\/strong>, eternizado como o rei <strong>T\u2019Challa<\/strong> em <strong>Pantera Negra<\/strong>, ser\u00e1 homenageado com uma estrela na famosa <strong>Cal\u00e7ada da Fama de Hollywood<\/strong>.<\/p>\n<p data-start=\"0\" data-end=\"239\">O tributo p\u00f3stumo reconhece a contribui\u00e7\u00e3o marcante do ator para o cinema e para a cultura pop, cinco anos ap\u00f3s sua morte, causada por um c\u00e2ncer colorretal.<\/p>\n<p data-start=\"241\" data-end=\"528\">A cerim\u00f4nia, marcada para o dia 20 de novembro, ser\u00e1 organizada pela <strong>C\u00e2mara de Com\u00e9rcio de Hollywood<\/strong>, institui\u00e7\u00e3o respons\u00e1vel pela tradicional honraria.<\/p>\n<p data-start=\"241\" data-end=\"528\">A homenagem refor\u00e7a o impacto duradouro de Boseman, que faleceu em 2020, deixando um legado de for\u00e7a, representatividade e talento.<\/p>\n<p data-start=\"530\" data-end=\"845\" data-is-last-node=\"\" data-is-only-node=\"\">Al\u00e9m de seu papel no MCU, Boseman brilhou em produ\u00e7\u00f5es como <strong>A Voz Suprema do Blues<\/strong>, <strong>Marshall: Igualdade e Justi\u00e7a<\/strong> e <strong>42 \u2013 A Hist\u00f3ria de uma Lenda<\/strong>.<\/p>\n","protected":false},"excerpt":{"rendered":"O Pantera Negra do MCU ser\u00e1 eternizado em Los Angeles Chadwick Boseman, eternizado como o rei T\u2019Challa em&hellip;\n","protected":false},"author":2,"featured_media":152745,"comment_status":"","ping_status":"","sticky":false,"template":"","format":"standard","meta":{"footnotes":""},"categories":[140],"tags":[114,115,147,148,33013,22222,146,32,33],"class_list":{"0":"post-152744","1":"post","2":"type-post","3":"status-publish","4":"format-standard","5":"has-post-thumbnail","7":"category-filmes","8":"tag-entertainment","9":"tag-entretenimento","10":"tag-film","11":"tag-filmes","12":"tag-gardevoir","13":"tag-lex-luthor","14":"tag-movies","15":"tag-portugal","16":"tag-pt"},"share_on_mastodon":{"url":"https:\/\/pubeurope.com\/@pt\/115553776840693804","error":""},"_links":{"self":[{"href":"https:\/\/www.europesays.com\/pt\/wp-json\/wp\/v2\/posts\/152744","targetHints":{"allow":["GET"]}}],"collection":[{"href":"https:\/\/www.europesays.com\/pt\/wp-json\/wp\/v2\/posts"}],"about":[{"href":"https:\/\/www.europesays.com\/pt\/wp-json\/wp\/v2\/types\/post"}],"author":[{"embeddable":true,"href":"https:\/\/www.europesays.com\/pt\/wp-json\/wp\/v2\/users\/2"}],"replies":[{"embeddable":true,"href":"https:\/\/www.europesays.com\/pt\/wp-json\/wp\/v2\/comments?post=152744"}],"version-history":[{"count":0,"href":"https:\/\/www.europesays.com\/pt\/wp-json\/wp\/v2\/posts\/152744\/revisions"}],"wp:featuredmedia":[{"embeddable":true,"href":"https:\/\/www.europesays.com\/pt\/wp-json\/wp\/v2\/media\/152745"}],"wp:attachment":[{"href":"https:\/\/www.europesays.com\/pt\/wp-json\/wp\/v2\/media?parent=152744"}],"wp:term":[{"taxonomy":"category","embeddable":true,"href":"https:\/\/www.europesays.com\/pt\/wp-json\/wp\/v2\/categories?post=152744"},{"taxonomy":"post_tag","embeddable":true,"href":"https:\/\/www.europesays.com\/pt\/wp-json\/wp\/v2\/tags?post=152744"}],"curies":[{"name":"wp","href":"https:\/\/api.w.org\/{rel}","templated":true}]}}