{"id":152752,"date":"2025-11-15T12:50:07","date_gmt":"2025-11-15T12:50:07","guid":{"rendered":"https:\/\/www.europesays.com\/pt\/152752\/"},"modified":"2025-11-15T12:50:07","modified_gmt":"2025-11-15T12:50:07","slug":"tornado-causa-um-morto-e-21-feridos-em-albufeira","status":"publish","type":"post","link":"https:\/\/www.europesays.com\/pt\/152752\/","title":{"rendered":"Tornado causa um morto e 21 feridos em Albufeira"},"content":{"rendered":"<p data-remotead-prev-elm=\"true\" data-remotead-elm-id=\"inread\">Testemunhas relatam um fen\u00f3meno semelhante a um tornado, com uma forma\u00e7\u00e3o c\u00f3nica e com um v\u00e9rtice, que atingiu Albufeira e Olhos de \u00c1gua, no Algarve.<\/p>\n<p>Ao JN, o segundo comandante do Comando Regional de Emerg\u00eancia e Prote\u00e7\u00e3o Civil do Algarve, Abel Gomes, adiantou que o alerta foi dado poucos minutos depois das 10 horas. Um &#8220;fen\u00f3meno extremo de vento afetou duas unidades em Albufeira, uma unidade hoteleira e um parque de campismo&#8221;, confirmou.<\/p>\n<p>O impacto no hotel de quatro estrelas, Eden Resort, \u00e9 vis\u00edvel no exterior, com danos no telhado e na zona de refei\u00e7\u00f5es. Foram registas tamb\u00e9m quedas de \u00e1rvores e estruturas.<\/p>\n<p>No terreno encontram-se 62 operacionais dos Bombeiros, Cruz Vermelha, INEM e GNR, apoiados por 24 viaturas.<\/p>\n","protected":false},"excerpt":{"rendered":"Testemunhas relatam um fen\u00f3meno semelhante a um tornado, com uma forma\u00e7\u00e3o c\u00f3nica e com um v\u00e9rtice, que atingiu&hellip;\n","protected":false},"author":2,"featured_media":152753,"comment_status":"","ping_status":"","sticky":false,"template":"","format":"standard","meta":{"footnotes":""},"categories":[10],"tags":[27,28,33015,15,16,14,25,26,21,22,12,13,19,20,32,23,24,33,17,18,28180,29,30,31,9417],"class_list":{"0":"post-152752","1":"post","2":"type-post","3":"status-publish","4":"format-standard","5":"has-post-thumbnail","7":"category-portugal","8":"tag-breaking-news","9":"tag-breakingnews","10":"tag-concelho-albufeira","11":"tag-featured-news","12":"tag-featurednews","13":"tag-headlines","14":"tag-latest-news","15":"tag-latestnews","16":"tag-main-news","17":"tag-mainnews","18":"tag-news","19":"tag-noticias","20":"tag-noticias-principais","21":"tag-noticiasprincipais","22":"tag-portugal","23":"tag-principais-noticias","24":"tag-principaisnoticias","25":"tag-pt","26":"tag-top-stories","27":"tag-topstories","28":"tag-tornado","29":"tag-ultimas","30":"tag-ultimas-noticias","31":"tag-ultimasnoticias","32":"tag-vento"},"share_on_mastodon":{"url":"https:\/\/pubeurope.com\/@pt\/115553804878660985","error":""},"_links":{"self":[{"href":"https:\/\/www.europesays.com\/pt\/wp-json\/wp\/v2\/posts\/152752","targetHints":{"allow":["GET"]}}],"collection":[{"href":"https:\/\/www.europesays.com\/pt\/wp-json\/wp\/v2\/posts"}],"about":[{"href":"https:\/\/www.europesays.com\/pt\/wp-json\/wp\/v2\/types\/post"}],"author":[{"embeddable":true,"href":"https:\/\/www.europesays.com\/pt\/wp-json\/wp\/v2\/users\/2"}],"replies":[{"embeddable":true,"href":"https:\/\/www.europesays.com\/pt\/wp-json\/wp\/v2\/comments?post=152752"}],"version-history":[{"count":0,"href":"https:\/\/www.europesays.com\/pt\/wp-json\/wp\/v2\/posts\/152752\/revisions"}],"wp:featuredmedia":[{"embeddable":true,"href":"https:\/\/www.europesays.com\/pt\/wp-json\/wp\/v2\/media\/152753"}],"wp:attachment":[{"href":"https:\/\/www.europesays.com\/pt\/wp-json\/wp\/v2\/media?parent=152752"}],"wp:term":[{"taxonomy":"category","embeddable":true,"href":"https:\/\/www.europesays.com\/pt\/wp-json\/wp\/v2\/categories?post=152752"},{"taxonomy":"post_tag","embeddable":true,"href":"https:\/\/www.europesays.com\/pt\/wp-json\/wp\/v2\/tags?post=152752"}],"curies":[{"name":"wp","href":"https:\/\/api.w.org\/{rel}","templated":true}]}}