{"id":152760,"date":"2025-11-15T12:58:12","date_gmt":"2025-11-15T12:58:12","guid":{"rendered":"https:\/\/www.europesays.com\/pt\/152760\/"},"modified":"2025-11-15T12:58:12","modified_gmt":"2025-11-15T12:58:12","slug":"oficial-moises-conceicao-reforca-amarante","status":"publish","type":"post","link":"https:\/\/www.europesays.com\/pt\/152760\/","title":{"rendered":"OFICIAL: Mois\u00e9s Concei\u00e7\u00e3o refor\u00e7a Amarante"},"content":{"rendered":"<p style=\"margin-bottom:11px\">Mois\u00e9s Concei\u00e7\u00e3o, filho de S\u00e9rgio Concei\u00e7\u00e3o, foi anunciado no Amarante, depois de uma curta passagem pelo Cinf\u00e3es, clube que atua no Campeonato de Portugal e que representava desde agosto.<\/p>\n<p>Contratado no in\u00edcio da \u00e9poca, o extremo ganhou espa\u00e7o no Cinf\u00e3es, sendo titular nos dez jogos oficiais que cumpriu, com dois golos. Apesar da confian\u00e7a, o avan\u00e7ado pediu para sair.<\/p>\n<p>\u00abA dire\u00e7\u00e3o do Clube Desportivo Cinf\u00e3es informa que o atleta Mois\u00e9s Concei\u00e7\u00e3o a partir desta data e a pedido do mesmo, deixa de pertencer aos quadros do clube. N\u00e3o era vontade da dire\u00e7\u00e3o prescindir dos servi\u00e7os do Mois\u00e9s, mas n\u00e3o pod\u00edamos ficar insens\u00edveis ao pedido do atleta\u00bb, esclareceu o clube nas redes sociais.<\/p>\n<p>Assim, Mois\u00e9s refor\u00e7a o Amarante at\u00e9 ao final da temporada. Regressa \u00e0 Liga 3, onde representou o Anadia na \u00faltima temporada, com um golo e uma assist\u00eancia em 23 partidas.<\/p>\n<p>O Amarante \u00e9 oitavo e antepen\u00faltimo da S\u00e9rie A da Liga 3, com 12 pontos, a um dos lugares que permitem aceder \u00e0 fase de apuramento de campe\u00e3o.<\/p>\n","protected":false},"excerpt":{"rendered":"Mois\u00e9s Concei\u00e7\u00e3o, filho de S\u00e9rgio Concei\u00e7\u00e3o, foi anunciado no Amarante, depois de uma curta passagem pelo Cinf\u00e3es, clube&hellip;\n","protected":false},"author":2,"featured_media":152761,"comment_status":"","ping_status":"","sticky":false,"template":"","format":"standard","meta":{"footnotes":""},"categories":[87],"tags":[33018,135,2499,46,40,42,41,33017,729,32,33,47,5540,134,35],"class_list":{"0":"post-152760","1":"post","2":"type-post","3":"status-publish","4":"format-standard","5":"has-post-thumbnail","7":"category-desporto","8":"tag-amarante","9":"tag-desporto","10":"tag-liga-3","11":"tag-maisfutebol","12":"tag-maistransferencias","13":"tag-mercado","14":"tag-mercado-de-transferencias","15":"tag-moises-conceicao","16":"tag-oficial","17":"tag-portugal","18":"tag-pt","19":"tag-pura-paixao","20":"tag-sergio-conceicao","21":"tag-sports","22":"tag-transferencias"},"share_on_mastodon":{"url":"https:\/\/pubeurope.com\/@pt\/115553835614660515","error":""},"_links":{"self":[{"href":"https:\/\/www.europesays.com\/pt\/wp-json\/wp\/v2\/posts\/152760","targetHints":{"allow":["GET"]}}],"collection":[{"href":"https:\/\/www.europesays.com\/pt\/wp-json\/wp\/v2\/posts"}],"about":[{"href":"https:\/\/www.europesays.com\/pt\/wp-json\/wp\/v2\/types\/post"}],"author":[{"embeddable":true,"href":"https:\/\/www.europesays.com\/pt\/wp-json\/wp\/v2\/users\/2"}],"replies":[{"embeddable":true,"href":"https:\/\/www.europesays.com\/pt\/wp-json\/wp\/v2\/comments?post=152760"}],"version-history":[{"count":0,"href":"https:\/\/www.europesays.com\/pt\/wp-json\/wp\/v2\/posts\/152760\/revisions"}],"wp:featuredmedia":[{"embeddable":true,"href":"https:\/\/www.europesays.com\/pt\/wp-json\/wp\/v2\/media\/152761"}],"wp:attachment":[{"href":"https:\/\/www.europesays.com\/pt\/wp-json\/wp\/v2\/media?parent=152760"}],"wp:term":[{"taxonomy":"category","embeddable":true,"href":"https:\/\/www.europesays.com\/pt\/wp-json\/wp\/v2\/categories?post=152760"},{"taxonomy":"post_tag","embeddable":true,"href":"https:\/\/www.europesays.com\/pt\/wp-json\/wp\/v2\/tags?post=152760"}],"curies":[{"name":"wp","href":"https:\/\/api.w.org\/{rel}","templated":true}]}}