{"id":152764,"date":"2025-11-15T13:07:22","date_gmt":"2025-11-15T13:07:22","guid":{"rendered":"https:\/\/www.europesays.com\/pt\/152764\/"},"modified":"2025-11-15T13:07:22","modified_gmt":"2025-11-15T13:07:22","slug":"camiao-do-lixo-capota-apos-colisao-frontal-na-en103-na-povoa-de-lanhoso","status":"publish","type":"post","link":"https:\/\/www.europesays.com\/pt\/152764\/","title":{"rendered":"Cami\u00e3o do lixo capota ap\u00f3s colis\u00e3o frontal na EN103 na P\u00f3voa de Lanhoso"},"content":{"rendered":"<p data-remotead-prev-elm=\"true\" data-remotead-elm-id=\"inread\">O acidente ocorreu junto \u00e0 \u00c1rea de Servi\u00e7o da BP de Geraz do Minho, e envolveu um carro e um cami\u00e3o de recolha de lixo da C\u00e2mara da P\u00f3voa de Lanhoso, que logo capotou lateralmente. Foi necess\u00e1rio desencarcerar o camionista.<\/p>\n<p>Os Bombeiros da P\u00f3voa de Lanhoso prestaram socorro e transportaram os feridos para o Servi\u00e7o de Urg\u00eancia do Hospital Central de Braga. Na opera\u00e7\u00e3o estiveram 18 elementos, apoiados por seis ve\u00edculos.<\/p>\n<p><img decoding=\"async\" class=\"ngx-body\" guid=\"51262b95-f322-461d-a22c-925e798c8712\" src=\"https:\/\/www.europesays.com\/pt\/wp-content\/uploads\/2025\/11\/1763212042_554_image.jpg\" width=\"100%\"\/><\/p>\n<p data-remotead-prev-elm=\"true\" data-remotead-elm-id=\"centro1\">Foto: Direitos Reservados<\/p>\n<p>Segundo revelou ao JN o segundo-comandante dos Bombeiros da P\u00f3voa de Lanhoso, Nuno Rebelo, no cami\u00e3o seguiam tr\u00eas funcion\u00e1rios da c\u00e2mara municipal e no carro seguia um homem.<\/p>\n<p>A ocorr\u00eancia foi registada por tr\u00eas patrulhas do Destacamento de Tr\u00e2nsito da GNR de Braga, cujos militares regularizaram o tr\u00e2nsito.<\/p>\n","protected":false},"excerpt":{"rendered":"O acidente ocorreu junto \u00e0 \u00c1rea de Servi\u00e7o da BP de Geraz do Minho, e envolveu um carro&hellip;\n","protected":false},"author":2,"featured_media":152765,"comment_status":"","ping_status":"","sticky":false,"template":"","format":"standard","meta":{"footnotes":""},"categories":[10],"tags":[59,27,28,33019,24260,24379,15,16,14,25,26,21,22,12,13,19,20,32,23,24,33,17,18,29,30,31],"class_list":{"0":"post-152764","1":"post","2":"type-post","3":"status-publish","4":"format-standard","5":"has-post-thumbnail","7":"category-portugal","8":"tag-acidente","9":"tag-breaking-news","10":"tag-breakingnews","11":"tag-camiao","12":"tag-colisao","13":"tag-concelho-povoa-de-lanhoso","14":"tag-featured-news","15":"tag-featurednews","16":"tag-headlines","17":"tag-latest-news","18":"tag-latestnews","19":"tag-main-news","20":"tag-mainnews","21":"tag-news","22":"tag-noticias","23":"tag-noticias-principais","24":"tag-noticiasprincipais","25":"tag-portugal","26":"tag-principais-noticias","27":"tag-principaisnoticias","28":"tag-pt","29":"tag-top-stories","30":"tag-topstories","31":"tag-ultimas","32":"tag-ultimas-noticias","33":"tag-ultimasnoticias"},"share_on_mastodon":{"url":"https:\/\/pubeurope.com\/@pt\/115553871295133859","error":""},"_links":{"self":[{"href":"https:\/\/www.europesays.com\/pt\/wp-json\/wp\/v2\/posts\/152764","targetHints":{"allow":["GET"]}}],"collection":[{"href":"https:\/\/www.europesays.com\/pt\/wp-json\/wp\/v2\/posts"}],"about":[{"href":"https:\/\/www.europesays.com\/pt\/wp-json\/wp\/v2\/types\/post"}],"author":[{"embeddable":true,"href":"https:\/\/www.europesays.com\/pt\/wp-json\/wp\/v2\/users\/2"}],"replies":[{"embeddable":true,"href":"https:\/\/www.europesays.com\/pt\/wp-json\/wp\/v2\/comments?post=152764"}],"version-history":[{"count":0,"href":"https:\/\/www.europesays.com\/pt\/wp-json\/wp\/v2\/posts\/152764\/revisions"}],"wp:featuredmedia":[{"embeddable":true,"href":"https:\/\/www.europesays.com\/pt\/wp-json\/wp\/v2\/media\/152765"}],"wp:attachment":[{"href":"https:\/\/www.europesays.com\/pt\/wp-json\/wp\/v2\/media?parent=152764"}],"wp:term":[{"taxonomy":"category","embeddable":true,"href":"https:\/\/www.europesays.com\/pt\/wp-json\/wp\/v2\/categories?post=152764"},{"taxonomy":"post_tag","embeddable":true,"href":"https:\/\/www.europesays.com\/pt\/wp-json\/wp\/v2\/tags?post=152764"}],"curies":[{"name":"wp","href":"https:\/\/api.w.org\/{rel}","templated":true}]}}