{"id":152769,"date":"2025-11-15T13:12:51","date_gmt":"2025-11-15T13:12:51","guid":{"rendered":"https:\/\/www.europesays.com\/pt\/152769\/"},"modified":"2025-11-15T13:12:51","modified_gmt":"2025-11-15T13:12:51","slug":"capitulos-de-24-a-29-de-novembro","status":"publish","type":"post","link":"https:\/\/www.europesays.com\/pt\/152769\/","title":{"rendered":"cap\u00edtulos de 24 a 29 de novembro"},"content":{"rendered":"<p>                        <img width=\"944\" height=\"531\" src=\"https:\/\/www.europesays.com\/pt\/wp-content\/uploads\/2025\/11\/resumo-da-semana-de-tres-gracas-24-a-29-de-novembro-944x531.jpg\" class=\"attachment-custom-large size-custom-large article-featured-image\" alt=\"resumo da semana de tres gra\u00e7as 24 a 29 de novembro\" fetchpriority=\"high\" decoding=\"async\"  \/><\/p>\n<p>Plano de Arminda d\u00e1 errado e Gerluce precisa falar com pai de Jo\u00e9lly (Fotos: Reprodu\u00e7\u00e3o, TV Globo)<\/p>\n<p>O sumi\u00e7o de Claudia (Lorrana Moussinho) e a volta de Jorginho (Juliano Cazarr\u00e9) devem marcar os cap\u00edtulos da semana de 24 a 29 de novembro de Tr\u00eas Gra\u00e7as.<\/p>\n<p>Continua depois da publicidade<\/p>\n<p>Arminda (Grazi Massafera) e Ferette (Murilo Ben\u00edcio) v\u00e3o armar para matar a cuidadora de Josefa (Arlete Salles), mas o plano n\u00e3o sai como o esperado.<\/p>\n<p>A <strong>semana de Tr\u00eas Gra\u00e7as<\/strong> ainda ser\u00e1 marcada pela volta de Jorginho Ninja para a Chacrinha, para desespero de Gerluce (Sophie Charlotte) que ter\u00e1 que lidar com o pai de Jo\u00e9lly (<strong><a href=\"https:\/\/www.nsctotal.com.br\/noticias\/quem-e-alana-cabral-atriz-que-faz-a-joelly-de-tres-gracas\" target=\"_blank\" rel=\"noreferrer noopener nofollow\">Alana Cabral<\/a><\/strong>).<\/p>\n<p>Resumo da semana de Tr\u00eas Gra\u00e7as \u2013 cap\u00edtulos de 24 a 29 de novembro de 20251<\/p>\n<p>VoltarAvan\u00e7ar<\/p>\n<p><img loading=\"lazy\" decoding=\"async\" width=\"1200\" height=\"675\" data-id=\"7696065\" src=\"https:\/\/www.europesays.com\/pt\/wp-content\/uploads\/2025\/11\/1762575015_639_elenco-tres-gracas-2.jpg\" alt=\"elenco tr\u00eas gra\u00e7as\" class=\"wp-image-7696065\"  \/><\/p>\n<p>L\u00edgia Maria das Gra\u00e7as (Dira Paes) (Foto: Divulga\u00e7\u00e3o, Globo)<\/p>\n<p><img loading=\"lazy\" decoding=\"async\" width=\"1200\" height=\"675\" data-id=\"7696076\" src=\"https:\/\/www.europesays.com\/pt\/wp-content\/uploads\/2025\/11\/elenco-tres-gracas.jpg\" alt=\"elenco tr\u00eas gra\u00e7as\" class=\"wp-image-7696076\"  \/><\/p>\n<p>Gerluce Maria das Gra\u00e7as (Sophie Charlotte) (Foto: Divulga\u00e7\u00e3o, Globo)<\/p>\n<p><img loading=\"lazy\" decoding=\"async\" width=\"1200\" height=\"675\" data-id=\"7696072\" src=\"https:\/\/www.europesays.com\/pt\/wp-content\/uploads\/2025\/11\/elenco-tres-gracas-7.jpg\" alt=\"\" class=\"wp-image-7696072\"  \/><\/p>\n<p>Arminda de Melo Dantas (Grazi Massafera) (Foto: Divulga\u00e7\u00e3o, Globo)<\/p>\n<p><img loading=\"lazy\" decoding=\"async\" width=\"1200\" height=\"675\" data-id=\"7696036\" src=\"https:\/\/www.europesays.com\/pt\/wp-content\/uploads\/2025\/11\/elenco-tres-gracas-15.jpg\" alt=\"\" class=\"wp-image-7696036\"  \/><\/p>\n<p>Paulinho Reitz (Romulo Estrela) (Foto: Divulga\u00e7\u00e3o, Globo)<\/p>\n<p><img loading=\"lazy\" decoding=\"async\" width=\"1200\" height=\"675\" data-id=\"7696032\" src=\"https:\/\/www.europesays.com\/pt\/wp-content\/uploads\/2025\/11\/elenco-tres-gracas-11.jpg\" alt=\"elenco tr\u00eas gra\u00e7as\" class=\"wp-image-7696032\"  \/><\/p>\n<p>Santiago Ferette (Murilo Ben\u00edcio) (Foto: Divulga\u00e7\u00e3o, Globo)<\/p>\n<p><img loading=\"lazy\" decoding=\"async\" width=\"1200\" height=\"675\" data-id=\"7696067\" src=\"https:\/\/www.europesays.com\/pt\/wp-content\/uploads\/2025\/11\/elenco-tres-gracas-3.jpg\" alt=\"elenco tr\u00eas gra\u00e7as\" class=\"wp-image-7696067\"  \/><\/p>\n<p>Jo\u00e9lly Maria das Gra\u00e7as (Alana Cabral) (Foto: Divulga\u00e7\u00e3o, Globo)<\/p>\n<p><img loading=\"lazy\" decoding=\"async\" width=\"1200\" height=\"675\" data-id=\"7696033\" src=\"https:\/\/www.europesays.com\/pt\/wp-content\/uploads\/2025\/11\/elenco-tres-gracas-12.jpg\" alt=\"elenco tr\u00eas gra\u00e7as\" class=\"wp-image-7696033\"  \/><\/p>\n<p>Zenilda Ferette (Andr\u00e9ia Horta) (Foto: Divulga\u00e7\u00e3o, Globo)<\/p>\n<p><img loading=\"lazy\" decoding=\"async\" width=\"1200\" height=\"675\" data-id=\"7696073\" src=\"https:\/\/www.europesays.com\/pt\/wp-content\/uploads\/2025\/11\/elenco-tres-gracas-8.jpg\" alt=\"\" class=\"wp-image-7696073\"  \/><\/p>\n<p>Raul Dantas (Paulo Mendes) (Foto: Divulga\u00e7\u00e3o, Globo)<\/p>\n<p><img loading=\"lazy\" decoding=\"async\" width=\"1200\" height=\"675\" data-id=\"7696035\" src=\"https:\/\/www.europesays.com\/pt\/wp-content\/uploads\/2025\/11\/elenco-tres-gracas-14.jpg\" alt=\"\" class=\"wp-image-7696035\"  \/><\/p>\n<p>Leonardo Ferette (Pedro Novaes) (Foto: Divulga\u00e7\u00e3o, Globo)<\/p>\n<p><img loading=\"lazy\" decoding=\"async\" width=\"1200\" height=\"675\" data-id=\"7696069\" src=\"https:\/\/www.europesays.com\/pt\/wp-content\/uploads\/2025\/11\/elenco-tres-gracas-4.jpg\" alt=\"elenco tr\u00eas gra\u00e7as\" class=\"wp-image-7696069\"  \/><\/p>\n<p>Viviane (Gabriela Loran) (Foto: Divulga\u00e7\u00e3o, Globo)<\/p>\n<p><img loading=\"lazy\" decoding=\"async\" width=\"1200\" height=\"675\" data-id=\"7696074\" src=\"https:\/\/www.europesays.com\/pt\/wp-content\/uploads\/2025\/11\/elenco-tres-gracas-9.jpg\" alt=\"elenco tr\u00eas gra\u00e7as\" class=\"wp-image-7696074\"  \/><\/p>\n<p>Josefa Melo (Arlete Salles) (Foto: Divulga\u00e7\u00e3o, Globo)<\/p>\n<p><img loading=\"lazy\" decoding=\"async\" width=\"1200\" height=\"675\" data-id=\"7696034\" src=\"https:\/\/www.europesays.com\/pt\/wp-content\/uploads\/2025\/11\/elenco-tres-gracas-13.jpg\" alt=\"\" class=\"wp-image-7696034\"  \/><\/p>\n<p>Lorena Ferette (Alanis Guillen) (Foto: Divulga\u00e7\u00e3o, Globo)<\/p>\n<p><img loading=\"lazy\" decoding=\"async\" width=\"1200\" height=\"675\" data-id=\"7696070\" src=\"https:\/\/www.europesays.com\/pt\/wp-content\/uploads\/2025\/11\/elenco-tres-gracas-5.jpg\" alt=\"elenco tr\u00eas gra\u00e7as\" class=\"wp-image-7696070\"  \/><\/p>\n<p>Joaquim (Marcos Palmeira (Foto: Divulga\u00e7\u00e3o, Globo)<\/p>\n<p><img loading=\"lazy\" decoding=\"async\" width=\"1200\" height=\"675\" data-id=\"7696045\" src=\"https:\/\/www.europesays.com\/pt\/wp-content\/uploads\/2025\/11\/elenco-tres-gracas-18.jpg\" alt=\"\" class=\"wp-image-7696045\"  \/><\/p>\n<p>Samira (Fernanda Vasconcellos) (Foto: Divulga\u00e7\u00e3o, Globo)<\/p>\n<p><img loading=\"lazy\" decoding=\"async\" width=\"1200\" height=\"675\" data-id=\"7696050\" src=\"https:\/\/www.europesays.com\/pt\/wp-content\/uploads\/2025\/11\/elenco-tres-gracas-19.jpg\" alt=\"elenco tr\u00eas gra\u00e7as\" class=\"wp-image-7696050\"  \/><\/p>\n<p>X\u00eanica (Carla Marins) (Foto: Divulga\u00e7\u00e3o, Globo)<\/p>\n<p><img loading=\"lazy\" decoding=\"async\" width=\"1200\" height=\"675\" data-id=\"7696018\" src=\"https:\/\/www.europesays.com\/pt\/wp-content\/uploads\/2025\/11\/elenco-tres-gracas-35.jpg\" alt=\"elenco tr\u00eas gra\u00e7as\" class=\"wp-image-7696018\"  \/><\/p>\n<p>Bagd\u00e1 (Xam\u00e3) (Foto: Divulga\u00e7\u00e3o, Globo)<\/p>\n<p><img loading=\"lazy\" decoding=\"async\" width=\"1200\" height=\"675\" data-id=\"7696019\" src=\"https:\/\/www.europesays.com\/pt\/wp-content\/uploads\/2025\/11\/1762575027_364_elenco-tres-gracas-36.jpg\" alt=\"\" class=\"wp-image-7696019\"  \/><\/p>\n<p>Jorginho Ninja (Juliano Cazarr\u00e9) (Foto: Divulga\u00e7\u00e3o, Globo)<\/p>\n<p><img loading=\"lazy\" decoding=\"async\" width=\"1200\" height=\"675\" data-id=\"7696026\" src=\"https:\/\/www.europesays.com\/pt\/wp-content\/uploads\/2025\/11\/elenco-tres-gracas-27.jpg\" alt=\"\" class=\"wp-image-7696026\"  \/><\/p>\n<p>Kasper Damatta (Miguel Falabella) (Foto: Divulga\u00e7\u00e3o, Globo)<\/p>\n<p><img loading=\"lazy\" decoding=\"async\" width=\"1200\" height=\"675\" data-id=\"7696025\" src=\"https:\/\/www.europesays.com\/pt\/wp-content\/uploads\/2025\/11\/elenco-tres-gracas-26.jpg\" alt=\"elenco tr\u00eas gra\u00e7as\" class=\"wp-image-7696025\"  \/><\/p>\n<p>Jo\u00e3o Rubens (Samuel de Assis) (Foto: Divulga\u00e7\u00e3o, Globo)<\/p>\n<p><img loading=\"lazy\" decoding=\"async\" width=\"1200\" height=\"675\" data-id=\"7696027\" src=\"https:\/\/www.europesays.com\/pt\/wp-content\/uploads\/2025\/11\/elenco-tres-gracas-28.jpg\" alt=\"elenco tr\u00eas gra\u00e7as\" class=\"wp-image-7696027\"  \/><\/p>\n<p>Maggye (Mell Muzillo) (Foto: Divulga\u00e7\u00e3o, Globo)<\/p>\n<p><img loading=\"lazy\" decoding=\"async\" width=\"1200\" height=\"675\" data-id=\"7696020\" src=\"https:\/\/www.europesays.com\/pt\/wp-content\/uploads\/2025\/11\/elenco-tres-gracas-37.jpg\" alt=\"elenco tr\u00eas gra\u00e7as\" class=\"wp-image-7696020\"  \/><\/p>\n<p>Misael (Belo) (Foto: Divulga\u00e7\u00e3o, Globo)<\/p>\n<p><img loading=\"lazy\" decoding=\"async\" width=\"1200\" height=\"675\" data-id=\"7696029\" src=\"https:\/\/www.europesays.com\/pt\/wp-content\/uploads\/2025\/11\/elenco-tres-gracas-29.jpg\" alt=\"\" class=\"wp-image-7696029\"  \/><\/p>\n<p>Luc\u00e9lia (Daphne Bozaski) (Foto: Divulga\u00e7\u00e3o, Globo)<\/p>\n<p><img loading=\"lazy\" decoding=\"async\" width=\"1200\" height=\"675\" data-id=\"7696037\" src=\"https:\/\/www.europesays.com\/pt\/wp-content\/uploads\/2025\/11\/elenco-tres-gracas-16.jpg\" alt=\"elenco tr\u00eas gra\u00e7as\" class=\"wp-image-7696037\"  \/><\/p>\n<p>Eduarda Fragoso, a \u201cJuquinha\u201d (Gabriela Medvedovsky) (Foto: Divulga\u00e7\u00e3o, Globo)<\/p>\n<p><img loading=\"lazy\" decoding=\"async\" width=\"1200\" height=\"675\" data-id=\"7696071\" src=\"https:\/\/www.europesays.com\/pt\/wp-content\/uploads\/2025\/11\/elenco-tres-gracas-6.jpg\" alt=\"\" class=\"wp-image-7696071\"  \/><\/p>\n<p>Gilmar (Amaury Lorenzo) (Foto: Divulga\u00e7\u00e3o, Globo)<\/p>\n<p><img loading=\"lazy\" decoding=\"async\" width=\"1200\" height=\"675\" data-id=\"7696062\" src=\"https:\/\/www.europesays.com\/pt\/wp-content\/uploads\/2025\/11\/elenco-tres-gracas-22.jpg\" alt=\"elenco tr\u00eas gra\u00e7as\" class=\"wp-image-7696062\"  \/><\/p>\n<p>Herculano (Leandro Lima) e Lena (Barbara Reis) (Foto: Divulga\u00e7\u00e3o, Globo)<\/p>\n<p><img loading=\"lazy\" decoding=\"async\" width=\"1200\" height=\"675\" data-id=\"7696014\" src=\"https:\/\/www.europesays.com\/pt\/wp-content\/uploads\/2025\/11\/elenco-tres-gracas-32.jpg\" alt=\"elenco tr\u00eas gra\u00e7as\" class=\"wp-image-7696014\"  \/><\/p>\n<p>Pastor Alb\u00e9rico (Enrique Diaz) (Foto: Divulga\u00e7\u00e3o, Globo)<\/p>\n<p><img loading=\"lazy\" decoding=\"async\" width=\"1200\" height=\"675\" data-id=\"7696021\" src=\"https:\/\/www.europesays.com\/pt\/wp-content\/uploads\/2025\/11\/elenco-tres-gracas-38.jpg\" alt=\"\" class=\"wp-image-7696021\"  \/><\/p>\n<p>Jos\u00e9 Maria (T\u00falio Starling)  (Foto: Divulga\u00e7\u00e3o, Globo)<\/p>\n<p><img loading=\"lazy\" decoding=\"async\" width=\"1200\" height=\"675\" data-id=\"7696023\" src=\"https:\/\/www.europesays.com\/pt\/wp-content\/uploads\/2025\/11\/elenco-tres-gracas-24.jpg\" alt=\"elenco tr\u00eas gra\u00e7as\" class=\"wp-image-7696023\"  \/><\/p>\n<p>(Foto: Divulga\u00e7\u00e3o, Globo)<\/p>\n<p><img loading=\"lazy\" decoding=\"async\" width=\"1200\" height=\"675\" data-id=\"7696041\" src=\"https:\/\/www.europesays.com\/pt\/wp-content\/uploads\/2025\/11\/elenco-tres-gracas-17.jpg\" alt=\"\" class=\"wp-image-7696041\"  \/><\/p>\n<p>Jairo Barroso (Andr\u00e9 Mattos) (Foto: Divulga\u00e7\u00e3o, Globo)<\/p>\n<p><img loading=\"lazy\" decoding=\"async\" width=\"1200\" height=\"675\" data-id=\"7696058\" src=\"https:\/\/www.europesays.com\/pt\/wp-content\/uploads\/2025\/11\/elenco-tres-gracas-21.jpg\" alt=\"elenco tr\u00eas gra\u00e7as\" class=\"wp-image-7696058\"  \/><\/p>\n<p>Edilberto (Julio Rocha)  (Foto: Divulga\u00e7\u00e3o, Globo)<\/p>\n<p><img loading=\"lazy\" decoding=\"async\" width=\"1200\" height=\"675\" data-id=\"7696024\" src=\"https:\/\/www.europesays.com\/pt\/wp-content\/uploads\/2025\/11\/elenco-tres-gracas-25.jpg\" alt=\"elenco tr\u00eas gra\u00e7as\" class=\"wp-image-7696024\"  \/><\/p>\n<p>Chica (Rejane Faria)  e (C\u00e9lio (Ot\u00e1vio Muller) Foto: Divulga\u00e7\u00e3o, Globo)<\/p>\n<p><img loading=\"lazy\" decoding=\"async\" width=\"1200\" height=\"675\" data-id=\"7696022\" src=\"https:\/\/www.europesays.com\/pt\/wp-content\/uploads\/2025\/11\/elenco-tres-gracas-23.jpg\" alt=\"\" class=\"wp-image-7696022\"  \/><\/p>\n<p>Rivaldo (Augusto Madeira) (Foto: Divulga\u00e7\u00e3o, Globo)<\/p>\n<p><img loading=\"lazy\" decoding=\"async\" width=\"1200\" height=\"675\" data-id=\"7696054\" src=\"https:\/\/www.europesays.com\/pt\/wp-content\/uploads\/2025\/11\/elenco-tres-gracas-20.jpg\" alt=\"elenco tr\u00eas gra\u00e7as\" class=\"wp-image-7696054\"  \/><\/p>\n<p>Macedo (Rodrigo Garc\u00eda)  (Foto: Divulga\u00e7\u00e3o, Globo)<\/p>\n<p><img loading=\"lazy\" decoding=\"async\" width=\"1200\" height=\"675\" data-id=\"7696015\" src=\"https:\/\/www.europesays.com\/pt\/wp-content\/uploads\/2025\/11\/elenco-tres-gracas-33.jpg\" alt=\"\" class=\"wp-image-7696015\"  \/><\/p>\n<p>Kellen Cristina (Luiza Rosa) (Foto: Divulga\u00e7\u00e3o, Globo)<\/p>\n<p><img loading=\"lazy\" decoding=\"async\" width=\"1200\" height=\"675\" data-id=\"7696016\" src=\"https:\/\/www.europesays.com\/pt\/wp-content\/uploads\/2025\/11\/elenco-tres-gracas-34.jpg\" alt=\"elenco tr\u00eas gra\u00e7as\" class=\"wp-image-7696016\"  \/><\/p>\n<p>J\u00fanior (Guthierry Sotero) (Foto: Divulga\u00e7\u00e3o, Globo)<\/p>\n<p><img loading=\"lazy\" decoding=\"async\" width=\"1200\" height=\"675\" data-id=\"7696013\" src=\"https:\/\/www.europesays.com\/pt\/wp-content\/uploads\/2025\/11\/elenco-tres-gracas-31.jpg\" alt=\"elenco tr\u00eas gra\u00e7as\" class=\"wp-image-7696013\"  \/><\/p>\n<p>Alem\u00e3o (Lucas Righi)  (Foto: Divulga\u00e7\u00e3o, Globo)<\/p>\n<p><img loading=\"lazy\" decoding=\"async\" width=\"1200\" height=\"675\" data-id=\"7696031\" src=\"https:\/\/www.europesays.com\/pt\/wp-content\/uploads\/2025\/11\/elenco-tres-gracas-30.jpg\" alt=\"\" class=\"wp-image-7696031\"  \/><\/p>\n<p>Vand\u00edlson (Vinicius Teixeira) (Foto: Divulga\u00e7\u00e3o, Globo)<\/p>\n<p><img fetchpriority=\"high\" loading=\"lazy\" decoding=\"async\" width=\"1200\" height=\"675\" data-id=\"7696075\" src=\"https:\/\/www.europesays.com\/pt\/wp-content\/uploads\/2025\/11\/1762575050_313_elenco-tres-gracas-10.jpg\" alt=\"elenco tr\u00eas gra\u00e7as\" class=\"wp-image-7696075\"  \/><\/p>\n<p>Claudia (Lorrana Moussinho) (Foto: Divulga\u00e7\u00e3o, Globo)<\/p>\n<p>Cap\u00edtulo 31 \u2013 segunda-feira \u2013 24 de novembro de 2025<\/p>\n<ul class=\"wp-block-list\">\n<li>Leonardo observa Viviane e Gerluce deixando o local da reuni\u00e3o.<\/li>\n<li>Kellen conta a Gerluce que Bagd\u00e1 est\u00e1 conversando com Jorginho na igreja.<\/li>\n<li>Gerluce deixa claro que Jorginho n\u00e3o vai chegar perto de Jo\u00e9lly.<\/li>\n<li>Jorginho afirma para Bagd\u00e1 que n\u00e3o tem interesse em retomar o seu lugar na Chacrinha.<\/li>\n<li>Kellen avisa a Jorginho que Gerluce aceitou conversar com ele na igreja.<\/li>\n<li>Edilberto atropela Claudia propositalmente.<\/li>\n<li>Edilberto troca de carro e se assusta ao ver que n\u00e3o h\u00e1 sinal do corpo de Claudia na rua.<\/li>\n<li>Ferette manda Macedo dar um jeito de saber o que aconteceu com Claudia.<\/li>\n<li>Lorena chama Maggye para um encontro de meninas.<\/li>\n<li>Ferette diz a Arminda que Macedo e Edilberto foram \u00e0 casa de Claudia e n\u00e3o descobriram nada sobre o paradeiro da cuidadora.<\/li>\n<li>Arminda recebe uma liga\u00e7\u00e3o an\u00f4nima dizendo que Claudia sofreu um acidente e que n\u00e3o poder\u00e1 trabalhar durante um per\u00edodo.<\/li>\n<\/ul>\n<p>Continua depois da publicidade<\/p>\n<p>Cap\u00edtulo 32\u00a0\u2013 ter\u00e7a-feira \u2013 25 de novembro de 2025<\/p>\n<ul class=\"wp-block-list\">\n<li>Gerluce nega a oferta de Arminda para ficar \u00e0 noite com Josefa.<\/li>\n<li>Jos\u00e9 Maria conta a X\u00eanica que o pessoal da Chacrinha tem comentado que os rem\u00e9dios da Funda\u00e7\u00e3o s\u00e3o falsos.<\/li>\n<li>Leonardo espera a resposta de Viviane ao seu pedido de namoro.<\/li>\n<li>Leonardo se sente enganado por Viviane.<\/li>\n<li>Viviane expulsa Leonardo da farm\u00e1cia.<\/li>\n<li>Joelly se mostra incomodada com a presen\u00e7a constante de Paulinho.<\/li>\n<li>Leonardo se envolve em uma briga e acaba sendo espancado.<\/li>\n<\/ul>\n<p>Cap\u00edtulo 33 \u2013 quarta-feira \u2013 26 de novembro de 2025<\/p>\n<ul class=\"wp-block-list\">\n<li>Macedo e Edilberto d\u00e3o informa\u00e7\u00f5es a Ferette da nova cuidadora que vem de Minas Gerais para ficar com Josefa.<\/li>\n<li>Arminda escuta o desabafo de Raul com Josefa dizendo que sente saudades do pai.<\/li>\n<li>Arminda se lembra de como articulou a morte de Rog\u00e9rio com Ferette, depois que o ex-marido descobriu a Casa da Farinha.<\/li>\n<li>Leonardo se sente acuado ao chegar em casa e ser indagado por Zenilda sobre o motivo da briga que teve no bar.<\/li>\n<li>Leonardo diz a Zenilda que n\u00e3o quer falar sobre o que aconteceu.<\/li>\n<li>Gerluce deixa claro a Jorginho que nunca ir\u00e1 perdo\u00e1-lo, e que n\u00e3o permite que ele se aproxime de Jo\u00e9lly.<\/li>\n<li>Ferette avisa a Arminda que a nova cuidadora \u00e9 parente de Macedo.<\/li>\n<li>Jo\u00e9lly ouve Kellen contar a L\u00edgia que a conversa entre sua m\u00e3e e seu pai n\u00e3o foi boa.\u00a0<\/li>\n<\/ul>\n<p>Cap\u00edtulo 34 \u2013 quinta-feira \u2013 27 de novembro de 2025<\/p>\n<p>Jo\u00e9lly decide procurar Gerluce no trabalho. Arminda inventa para Gerluce que Claudia n\u00e3o vem mais porque foi ver a fam\u00edlia em Minas. Jo\u00e9lly passa mal no \u00f4nibus que Gilmar dirige, e o motorista leva a jovem para o hospital. Gilmar liga para Gerluce e avisa que a filha est\u00e1 no hospital, e a cuidadora reconhece a voz do motorista. Gerluce pede a Gilmar para falar com Jo\u00e9lly, e conclui que o motorista realmente ajudou a filha. Arminda se nega a dar um adiantamento para Gerluce ir ao hospital ver a filha, e Raul acaba ajudando a cuidadora. Raul fica desconfort\u00e1vel quando Josefa critica o pai do filho de Jo\u00e9lly. Zenilda diz a Ferette que est\u00e1 preocupada com Leonardo. J\u00fanior comenta com Misael e Joaquim que Gerluce nunca mais falou sobre o plano para ajudar os doentes da Chacrinha. Misael faz um discurso na Chacrinha, chamando a aten\u00e7\u00e3o das pessoas para a falsifica\u00e7\u00e3o dos medicamentos. Viviane, J\u00fanior e Joaquim det\u00eam Misael, que chama a aten\u00e7\u00e3o de Bagd\u00e1. A m\u00e9dica diz a Gerluce que Jo\u00e9lly teve apenas uma queda de press\u00e3o. Gilmar observa Gerluce e Jo\u00e9lly entrando no carro de Paulinho.<\/p>\n<p>Continua depois da publicidade<\/p>\n<p>Cap\u00edtulo 35 \u2013 sexta-feira \u2013 28 de novembro de 2025<\/p>\n<ul class=\"wp-block-list\">\n<li>Ferette comunica a Macedo que investigar\u00e1 Jos\u00e9 Maria.<\/li>\n<li>Samira alerta X\u00eanica sobre Ferette.<\/li>\n<li>Lorena tenta confortar Leonardo, se mostrando dispon\u00edvel para ajudar o irm\u00e3o.<\/li>\n<li>Juquinha se oferece para emprestar a casa de praia do pai para Paulinho ir com Gerluce.<\/li>\n<li>Jo\u00e9lly surpreende K\u00e9llen e o pastor ao entrar na igreja perguntando pelo pai.<\/li>\n<li>Jorginho percebe que Jo\u00e9lly est\u00e1 gr\u00e1vida e se v\u00ea obrigado a disfar\u00e7ar sua identidade para a filha. <\/li>\n<li>Gerluce pega a chave do quarto das Tr\u00eas Gra\u00e7as.<\/li>\n<li>Viviane expulsa Leonardo da farm\u00e1cia.<\/li>\n<li>Jorginho consegue deter Bagd\u00e1, que importunava Raul e Jo\u00e9lly.<\/li>\n<li>Viviane marca um encontro com J\u00fanior, Misael e Joaquim.<\/li>\n<li>Paulinho convida Gerluce para viajar.\u00a0<\/li>\n<\/ul>\n<p>Cap\u00edtulo 36 \u2013 s\u00e1bado \u2013 29 de novembro de 2025<\/p>\n<ul class=\"wp-block-list\">\n<li>Paulinho fica decepcionado quando Gerluce nega seu convite.<\/li>\n<li>Samira disfar\u00e7a a tens\u00e3o quando fica sabendo por Maggye que Juquinha \u00e9 policial.<\/li>\n<li>Jo\u00e9lly se recorda de ter visto Jorginho na igreja.<\/li>\n<li>Jorginho descobre que Raul \u00e9 o pai do filho de Jo\u00e9lly.<\/li>\n<li>Leonardo se sente acuado diante das perguntas de Ferette sobre os motivos de sua tristeza.<\/li>\n<li>Juquinha leva Lorena em casa. Pastor Alb\u00e9rico implora a Jorginho para n\u00e3o fazer nada contra Raul.<\/li>\n<li>Josefa incentiva Gerluce a viajar com Paulinho.<\/li>\n<li>Gerluce avisa a Paulinho que decidiu ir para a casa de praia com ele.<\/li>\n<li>Gerluce demonstra para Josefa que hesitou em aceitar o convite de Paulinho.<\/li>\n<li>Macedo diz a Ferette que ainda n\u00e3o sabe o que aconteceu com Claudia.<\/li>\n<li>Misael repreende Joaquim por evitar L\u00edgia.<\/li>\n<li>Jo\u00e9lly pergunta a Jorginho se ele \u00e9 seu pai.<\/li>\n<\/ul>\n<p>Voc\u00ea pode querer ver tamb\u00e9m o <strong><a href=\"https:\/\/www.nsctotal.com.br\/noticias\/resumo-de-eta-mundo-melhor-capitulos-da-semana-de-24-a-29-de-novembro\" target=\"_blank\" rel=\"noreferrer noopener nofollow\">Resumo de \u00cata Mundo Melhor: cap\u00edtulos da semana de 24 a 29 de novembro<\/a><\/strong>.<\/p>\n<p>Continua depois da publicidade<\/p>\n","protected":false},"excerpt":{"rendered":"Plano de Arminda d\u00e1 errado e Gerluce precisa falar com pai de Jo\u00e9lly (Fotos: Reprodu\u00e7\u00e3o, TV Globo) O&hellip;\n","protected":false},"author":2,"featured_media":152770,"comment_status":"","ping_status":"","sticky":false,"template":"","format":"standard","meta":{"footnotes":""},"categories":[142],"tags":[114,115,32,33,151,543],"class_list":{"0":"post-152769","1":"post","2":"type-post","3":"status-publish","4":"format-standard","5":"has-post-thumbnail","7":"category-tv","8":"tag-entertainment","9":"tag-entretenimento","10":"tag-portugal","11":"tag-pt","12":"tag-tv","13":"tag-ver-ouvir-ler"},"share_on_mastodon":{"url":"https:\/\/pubeurope.com\/@pt\/115553896400501174","error":""},"_links":{"self":[{"href":"https:\/\/www.europesays.com\/pt\/wp-json\/wp\/v2\/posts\/152769","targetHints":{"allow":["GET"]}}],"collection":[{"href":"https:\/\/www.europesays.com\/pt\/wp-json\/wp\/v2\/posts"}],"about":[{"href":"https:\/\/www.europesays.com\/pt\/wp-json\/wp\/v2\/types\/post"}],"author":[{"embeddable":true,"href":"https:\/\/www.europesays.com\/pt\/wp-json\/wp\/v2\/users\/2"}],"replies":[{"embeddable":true,"href":"https:\/\/www.europesays.com\/pt\/wp-json\/wp\/v2\/comments?post=152769"}],"version-history":[{"count":0,"href":"https:\/\/www.europesays.com\/pt\/wp-json\/wp\/v2\/posts\/152769\/revisions"}],"wp:featuredmedia":[{"embeddable":true,"href":"https:\/\/www.europesays.com\/pt\/wp-json\/wp\/v2\/media\/152770"}],"wp:attachment":[{"href":"https:\/\/www.europesays.com\/pt\/wp-json\/wp\/v2\/media?parent=152769"}],"wp:term":[{"taxonomy":"category","embeddable":true,"href":"https:\/\/www.europesays.com\/pt\/wp-json\/wp\/v2\/categories?post=152769"},{"taxonomy":"post_tag","embeddable":true,"href":"https:\/\/www.europesays.com\/pt\/wp-json\/wp\/v2\/tags?post=152769"}],"curies":[{"name":"wp","href":"https:\/\/api.w.org\/{rel}","templated":true}]}}