{"id":15277,"date":"2025-08-04T09:42:09","date_gmt":"2025-08-04T09:42:09","guid":{"rendered":"https:\/\/www.europesays.com\/pt\/15277\/"},"modified":"2025-08-04T09:42:09","modified_gmt":"2025-08-04T09:42:09","slug":"era-uma-promessa-do-futebol-tinha-milhoes-mas-perdeu-tudo-a-historia-marcante-de-fabio-paim-big-brother","status":"publish","type":"post","link":"https:\/\/www.europesays.com\/pt\/15277\/","title":{"rendered":"Era uma promessa do futebol, tinha milh\u00f5es, mas perdeu tudo. A hist\u00f3ria marcante de F\u00e1bio Paim &#8211; Big Brother"},"content":{"rendered":"<p style=\"margin-bottom:11px\">F\u00e1bio Paim tinha tudo. Talento para o futebol, dinheiro e reconhecimento, mas deixou tudo a perder devido a m\u00e1s escolhas. O concorrente do Big Brother apresentou a sua Curva da Vida na gala deste domingo, dia 3 de agosto, do Big brother Ver\u00e3o.<\/p>\n<p><a href=\"https:\/\/tvi.iol.pt\/bigbrother\/concorrente\/fabio-paim\/686ab169d34e3f0baea031a0\" rel=\"nofollow noopener\" target=\"_blank\">F\u00e1bio Pai<\/a>m come\u00e7ou por contar que teve uma inf\u00e2ncia \u00abboa e bonita\u00bb, apesar das dificuldades. \u00abCom tr\u00eas\/quatro anos comecei a dar os primeiros pontap\u00e9s com meias que enrolava numa bola. (\u2026) O meu pai deixou-me quando eu era muito novo. A minha m\u00e3e e o meu tio foram as pessoas que me criaram e deram todo o amor\u00bb, desvendou.<\/p>\n<p>Um torneio mudou-lhe a vida e aos sete anos entrou no Sporting. Virou uma estrela com ofertas de grades quantias de dinheiro. Os problemas vieram logo a seguir. \u00abCome\u00e7aram a aparecer familiares, o meu pr\u00f3prio pai (\u2026) pedidos para pagar rendas e emprestar dinheiro (\u2026) N\u00e3o quero meter a culpa no Sporting, mas deixou-me com uma pistola nas m\u00e3os\u00bb, declarou.<\/p>\n<p>Quando conheceu o mundo da noite, tudo piorou e a carreira de futebolista \u00abfoi por \u00e1gua abaixo\u00bb. \u00abDecidi que os amigos eram mais importantes, a festa, a noite e os copos. Um dia n\u00e3o me apresento mais no Chelsea, foi o fim (\u2026) Os amigos dos copos fizeram-me a cabe\u00e7a e deixei de jogar\u00bb, disse ainda.<\/p>\n<p>\u00abO dinheiro que tinha gastei em droga e na noite\u00bb, relatou ainda.<\/p>\n<p>Quando ficou sem nada, restou-lhe os mais pr\u00f3ximos, nomeadamente a m\u00e3e. \u00abTenho de pedir desculpa \u00e0 minha m\u00e3e\u00bb, declarou.<\/p>\n<p>F\u00e1bio envolveu-se no mundo dos v\u00edcios e da droga. Os filhos assistiram ao momento em que foi detido. \u00abEu tinha tudo, deram-me as oportunidades todas. Para sustentar a vida que eu tinha de v\u00edcios, comecei a vender droga. Sou detido. Entram por minha casa com os meus filhos a verem o pai algemado (\u2026) Fui preso, pensei que seria o meu fim, mas foi o ponto de viragem.\u00bb<\/p>\n<p>No final, F\u00e1bio Paim mostrou-se esperan\u00e7oso no futuro. \u00abEstou \u00e0 procura do meu caminho, estou muito orgulhoso por n\u00e3o ter posto um fim \u00e0 minha vida. Vou continuar a minha batalha\u00bb, finalizou.<\/p>\n<p><strong>VEJA TAMB\u00c9M:<\/strong>\u00a0<a href=\"https:\/\/tvi.iol.pt\/bigbrother\/fabio-paim\/verao\/era-melhor-futebolista-do-que-o-cristiano-ronaldo-e-foi-amigo-dele-agora-chega-ao-big-brother-verao\" rel=\"nofollow noopener\" target=\"_blank\">Era melhor futebolista do que o Cristiano Ronaldo e foi amigo dele. Agora chega ao Big Brother Ver\u00e3o\u00a0<\/a><\/p>\n","protected":false},"excerpt":{"rendered":"F\u00e1bio Paim tinha tudo. Talento para o futebol, dinheiro e reconhecimento, mas deixou tudo a perder devido a&hellip;\n","protected":false},"author":2,"featured_media":15278,"comment_status":"","ping_status":"","sticky":false,"template":"","format":"standard","meta":{"footnotes":""},"categories":[87],"tags":[331,48,329,333,328,335,4762,135,336,334,332,337,330,13,32,33,134,162,227],"class_list":{"0":"post-15277","1":"post","2":"type-post","3":"status-publish","4":"format-standard","5":"has-post-thumbnail","7":"category-desporto","8":"tag-big","9":"tag-big-brother","10":"tag-claudio-ramos","11":"tag-comentadores","12":"tag-concorrentes","13":"tag-confrontos","14":"tag-curva-da-vida","15":"tag-desporto","16":"tag-discussoes","17":"tag-exclusivos","18":"tag-expulso","19":"tag-fabio-paim","20":"tag-gala","21":"tag-noticias","22":"tag-portugal","23":"tag-pt","24":"tag-sports","25":"tag-tvi","26":"tag-videos"},"share_on_mastodon":{"url":"","error":""},"_links":{"self":[{"href":"https:\/\/www.europesays.com\/pt\/wp-json\/wp\/v2\/posts\/15277","targetHints":{"allow":["GET"]}}],"collection":[{"href":"https:\/\/www.europesays.com\/pt\/wp-json\/wp\/v2\/posts"}],"about":[{"href":"https:\/\/www.europesays.com\/pt\/wp-json\/wp\/v2\/types\/post"}],"author":[{"embeddable":true,"href":"https:\/\/www.europesays.com\/pt\/wp-json\/wp\/v2\/users\/2"}],"replies":[{"embeddable":true,"href":"https:\/\/www.europesays.com\/pt\/wp-json\/wp\/v2\/comments?post=15277"}],"version-history":[{"count":0,"href":"https:\/\/www.europesays.com\/pt\/wp-json\/wp\/v2\/posts\/15277\/revisions"}],"wp:featuredmedia":[{"embeddable":true,"href":"https:\/\/www.europesays.com\/pt\/wp-json\/wp\/v2\/media\/15278"}],"wp:attachment":[{"href":"https:\/\/www.europesays.com\/pt\/wp-json\/wp\/v2\/media?parent=15277"}],"wp:term":[{"taxonomy":"category","embeddable":true,"href":"https:\/\/www.europesays.com\/pt\/wp-json\/wp\/v2\/categories?post=15277"},{"taxonomy":"post_tag","embeddable":true,"href":"https:\/\/www.europesays.com\/pt\/wp-json\/wp\/v2\/tags?post=15277"}],"curies":[{"name":"wp","href":"https:\/\/api.w.org\/{rel}","templated":true}]}}