{"id":152771,"date":"2025-11-15T13:14:06","date_gmt":"2025-11-15T13:14:06","guid":{"rendered":"https:\/\/www.europesays.com\/pt\/152771\/"},"modified":"2025-11-15T13:14:06","modified_gmt":"2025-11-15T13:14:06","slug":"o-filho-de-mil-homens-netflix-nit-pt","status":"publish","type":"post","link":"https:\/\/www.europesays.com\/pt\/152771\/","title":{"rendered":"\u201cO Filho de Mil Homens\u201d, Netflix &#8211; nit.pt"},"content":{"rendered":"<ol>\n<li><a href=\"https:\/\/news.google.com\/rss\/articles\/CBMi-gFBVV95cUxNQkJMdW1xdzliYWdKN0NRMXhSbU14SDd6VVJVemY5VDJpYmtQUkxZdTBkb2lISDFhdEx5a2hDUzNwTDNOUlMwRHVkaEg2STRJZHpTNGxtbkdPMzZkWENNQ0hYUkJiR1ZPa0JVdkJDRkplVERmVkotb2lwd0Rka3IzYXF3YVR4NmE4SWw3cWl3TGxNV0swWHFlU1VndmV2WDlTZHVneXpIanZwZURqa0M0VFRRS1ZYZWNaU2pkSTJBTFpCejdveVZLYlA4SnVoNmsyWWQzMDVJYlFxZndISndfSkhkbDRRaDFseVNfN1Y1VTh4alFKQUFyLVRn?oc=5\" target=\"_blank\" rel=\"nofollow noopener\">\u201cO Filho de Mil Homens\u201d, Netflix<\/a>&nbsp;&nbsp;nit.pt<\/li>\n<li><a href=\"https:\/\/news.google.com\/rss\/articles\/CBMitAJBVV95cUxOSUNGUlBZSGNsSzYtbzJTQkdJdlV1YktIVktycVR1dC1NSDRVcVpYRnBneEI5UXhGcXZlbjRWVG5ySkdzd284NGxLY20wYXV4ZnRjQW9VQUJITDdhRUllMlhQM016MjktQUhKc290N3BBaXVxRGJxWm9FX3ZvQ1EyUXpCTWZkNUpCTW13b1c0dWdqdEdTeE9kcnl4STRmenNyMTJJSkFDc2htNHo2QjVhU3h5TzBCbXZnU1VJUFM3X25qLXdxQzVkMDkwY1JUcmhLaUZ0X1MwbjJPQ2dwWHRIVHd4U3FGRXNBRlNucVNjTnJ0dFFwOHdnTU5HalFSX2FMZ1V4Vl9BVWphQTA5a2lhTmhiNDV4b0ktNmo4R0R2RkFZdVNESjdKdDh5UHZSRHE1M01NUtIBwwJBVV95cUxNRFRnV2o3TTFnZXVyWkhMeWJUbS1Cb3FacUgwUjY1cklMdVczOE53RUs0RGNMSEZKb2hRS0VLbExGTmFfWnN0dm9zbkd1MkEySzI3aXlfcVprOW1NQzh6RWhLcHJfZkx2WFlkY0xqRjQ3U0N6TTlVZ1ZmaG51SE8xWE1aTTlocFJLT05ZRU03azRmUExhSkg3SFJhMWZFeUYzT1lnUTN3S3JBcnlvbzE3Y1ZxbGlwaXNWQndPN0VQRkJGY29lYjdOcjlGdkNrb01PUkxnVTRqUG9EY1FtcFBLUHpBdXRxOXV6T0NmSjBzNC14NjhsRWQ2TTBmWF8wTVNpR09UVlU4bzBwRmQ4djlJU1pvWkpmOHdYeTVSdXNYNkowdjNhLWQwYmxLVHNjdThLTUJxbzVfa0NLTkFtbURhLWQ3UQ?oc=5\" target=\"_blank\" rel=\"nofollow noopener\">Rodrigo Santoro diz que protagonista de filme baseado na obra de Valter Hugo M\u00e3e foi &#8216;mergulho na inf\u00e2ncia&#8217;: &#8216;Acessei lugares que est\u00e3o dentro de mim&#8217;<\/a>&nbsp;&nbsp;O Globo<\/li>\n<li><a href=\"https:\/\/news.google.com\/rss\/articles\/CBMixwFBVV95cUxPWjZIZFhqeThLamJaaGFyRHpaNFFvOFFuc3lTbDNzM1hZSmJ5VFNPMGIzT1lsOWNfU21JT2t1ZE1TQTNwalRKankwLU9ZZ1FuTE9SRk8tN0c2MUJnTkQ0OEZsZy1GVmZ5RnJuX0FsbU1mbUVVVGl5d1lMUkU3czB2SzdtWkRKV2diTE8yRnQxcWs4TTFWSTZvNnA2Yk5VRWUtX1VpUGtiYVVhWFZHem9vcUNwdzJWZE5DcVlIdnF2dG94ZHdGTmc40gHHAUFVX3lxTE9aNkhkWGp5OEtqYlpoYXJEelo0UW84UW5zeVNsM3MzWFlKYnlUU08wYjNPWWw5Y19TbUlPa3VkTVNBM3BqVEpqeTAtT1lnUW5MT1JGTy03RzYxQmdORDQ4RmxnLUZWZnlGcm5fQWxtTWZtRVVUaXl3WUxSRTdzMHZLN21aREpXZ2JMTzJGdDFxazhNMVZJNm82cDZiTlVFZS1fVWlQa2JhVWFYVkd6b29xQ3B3MlZkTkNxWUh2cXZ0b3hkd0ZOZzg?oc=5\" target=\"_blank\" rel=\"nofollow noopener\">Rodrigo Santoro fala sobre novo papel e paternidade<\/a>&nbsp;&nbsp;Correio Braziliense<\/li>\n<li><a href=\"https:\/\/news.google.com\/rss\/articles\/CBMipwFBVV95cUxNR00zZnhwOThWNkhIUzVTRFdRbDVlc19BRlc0LTl5MnZPdjg4aWJkaGIzZlBTZ3FIR2tjR21JNlBrVXlIT2luSVE0TTl3RFYySHZUdXI2dlJHNVk5U2VCUDdCS1MtX1FHUkdPVXdPSjRHNmdyMGNldlBVdlR6VWFhOVd2VDNzQ1ZHdWJtWWpMaHNyUUE4eXNVaVljS0w2cFQyR19scGhfOA?oc=5\" target=\"_blank\" rel=\"nofollow noopener\">\u201cFam\u00edlia \u00e9 um sentimento\u201d, diz diretor de \u2018O Filho de Mil Homens\u2019<\/a>&nbsp;&nbsp;VEJA<\/li>\n<li><a href=\"https:\/\/news.google.com\/rss\/articles\/CBMi_AFBVV95cUxOSXEzYXJjSE9MMWVKWjVnNm44NWZhdDRCSkhWamxtN0l3Z1o5QnlkUGNja3BmS0FYeDNMN0NoMDdaeUtXSVZoQnUtQ19wU2xpVEF3eW9DODluWFpTMjY4NVZIQWs5aXV6TmVkRGxMdFZRU2JXcWZJVmRndDFCUWZEb0tWTkF2UUR4OUc0TktwRDlrWGdNQXpfSUdtTG95ckdyajJINjZuMmdXaEp5YXdGN0xJNkR1V19qRU5SRHhNVGFZVjRNSHBZRFZaRng2Rnk1SzZsU2hwelFzcTQxaGUtekh4WWhfazdYaW1raDUyMWpkaENXQ3lubldOZXHSAYICQVVfeXFMT01tMTdmaVUxRDFmZnNjT1Q5cDNZQ0JEMWFWZWpETlBVMzlpby1zS0NFNTU4cjZ6anZJeWVaQVQ1T0NVUlF0eDlDbnFyZDh1TU1FV2dBU1AwODRadXAxVXFpNlZOeTBYdmRsblF1dEJVU2RXdG14ZF8yaFNxYlBKbzY4eHZqRUNnX2gyWnprVGs3ZmdEVkVxZW1VTnJLRlFmRWc3Tm8tcF92UlFfNE1Ndm9oTjBvWmtyQUtmM2RPWFJIQ093WkxjbGxYQlhwRnBiZjlXVmFmd3VDaWUwU1ZMVFpkUVphTXB4UXF1Z3ZOaW9nQVZ6X05ycm5ycWxJMHpMTjRR?oc=5\" target=\"_blank\" rel=\"nofollow noopener\">Exclusivo: Rodrigo Santoro se abre sobre \u201cO Filho de Mil Homens\u201d, e diz como filme pode ser uma esperan\u00e7a para a sociedade; assista<\/a>&nbsp;&nbsp;Hugo Gloss<\/li>\n<\/ol>\n","protected":false},"excerpt":{"rendered":"\u201cO Filho de Mil Homens\u201d, Netflix&nbsp;&nbsp;nit.pt Rodrigo Santoro diz que protagonista de filme baseado na obra de Valter&hellip;\n","protected":false},"author":2,"featured_media":144952,"comment_status":"","ping_status":"","sticky":false,"template":"","format":"standard","meta":{"footnotes":""},"categories":[140],"tags":[114,115,147,148,146,32,33],"class_list":{"0":"post-152771","1":"post","2":"type-post","3":"status-publish","4":"format-standard","5":"has-post-thumbnail","7":"category-filmes","8":"tag-entertainment","9":"tag-entretenimento","10":"tag-film","11":"tag-filmes","12":"tag-movies","13":"tag-portugal","14":"tag-pt"},"share_on_mastodon":{"url":"https:\/\/pubeurope.com\/@pt\/115553898741421488","error":""},"_links":{"self":[{"href":"https:\/\/www.europesays.com\/pt\/wp-json\/wp\/v2\/posts\/152771","targetHints":{"allow":["GET"]}}],"collection":[{"href":"https:\/\/www.europesays.com\/pt\/wp-json\/wp\/v2\/posts"}],"about":[{"href":"https:\/\/www.europesays.com\/pt\/wp-json\/wp\/v2\/types\/post"}],"author":[{"embeddable":true,"href":"https:\/\/www.europesays.com\/pt\/wp-json\/wp\/v2\/users\/2"}],"replies":[{"embeddable":true,"href":"https:\/\/www.europesays.com\/pt\/wp-json\/wp\/v2\/comments?post=152771"}],"version-history":[{"count":0,"href":"https:\/\/www.europesays.com\/pt\/wp-json\/wp\/v2\/posts\/152771\/revisions"}],"wp:featuredmedia":[{"embeddable":true,"href":"https:\/\/www.europesays.com\/pt\/wp-json\/wp\/v2\/media\/144952"}],"wp:attachment":[{"href":"https:\/\/www.europesays.com\/pt\/wp-json\/wp\/v2\/media?parent=152771"}],"wp:term":[{"taxonomy":"category","embeddable":true,"href":"https:\/\/www.europesays.com\/pt\/wp-json\/wp\/v2\/categories?post=152771"},{"taxonomy":"post_tag","embeddable":true,"href":"https:\/\/www.europesays.com\/pt\/wp-json\/wp\/v2\/tags?post=152771"}],"curies":[{"name":"wp","href":"https:\/\/api.w.org\/{rel}","templated":true}]}}