{"id":152776,"date":"2025-11-15T13:23:35","date_gmt":"2025-11-15T13:23:35","guid":{"rendered":"https:\/\/www.europesays.com\/pt\/152776\/"},"modified":"2025-11-15T13:23:35","modified_gmt":"2025-11-15T13:23:35","slug":"e-oficial-mercadona-vai-abrir-o-supermercado-mais-a-sul-do-pais-e-ja-esta-a-contratar","status":"publish","type":"post","link":"https:\/\/www.europesays.com\/pt\/152776\/","title":{"rendered":"\u00c9 oficial: Mercadona vai abrir o supermercado mais a sul do pa\u00eds (e j\u00e1 est\u00e1 a contratar)"},"content":{"rendered":"<p><strong>A Mercadona confirmou oficialmente que vai abrir o seu supermercado mais a sul de Portugal. A nova loja, prevista para inaugurar em 2026, marca um passo importante na estrat\u00e9gia de expans\u00e3o da marca espanhola no territ\u00f3rio nacional. O grupo j\u00e1 iniciou o recrutamento de novos colaboradores e promete dezenas de postos de trabalho diretos.<\/strong><\/p>\n<p>Segundo <a href=\"https:\/\/www.mercadona.pt\/pt\/atualidade\/mercadona-abre-em-beja-\/news\" target=\"_blank\" rel=\"noreferrer noopener nofollow\">comunicado<\/a> da empresa, \u201ca Mercadona, que conta j\u00e1 com mais de 65 lojas em Portugal, vai abrir no pr\u00f3ximo ano um novo supermercado, atualmente em fase de recrutamento\u201d. Esta abertura integra o plano de crescimento da marca, que pretende atingir as 70 lojas em territ\u00f3rio nacional at\u00e9 ao final de 2026.<\/p>\n<p class=\"has-medium-font-size\"><strong>Nova loja ser\u00e1 em Beja<\/strong><\/p>\n<p>A nova loja da Mercadona vai nascer em Beja, no novo Retail Park da cidade, e ser\u00e1 o supermercado mais a sul do pa\u00eds. A escolha do Alentejo reflete a inten\u00e7\u00e3o do grupo em expandir a sua presen\u00e7a para fora dos grandes centros urbanos e consolidar a sua rede de lojas de norte a sul do territ\u00f3rio.<\/p>\n<p>De acordo com a marca espanhola, a loja de Beja representa uma nova etapa no plano de expans\u00e3o nacional e vai refor\u00e7ar a cobertura da empresa no sul de Portugal, aproximando a ins\u00edgnia do Algarve.<\/p>\n<p class=\"has-medium-font-size\"><strong>Recrutamento j\u00e1 come\u00e7ou<\/strong><\/p>\n<p>O processo de contrata\u00e7\u00e3o j\u00e1 est\u00e1 em curso e destina-se a operadores de loja. Todos os postos incluem forma\u00e7\u00e3o remunerada e contrato efetivo desde o primeiro dia, destaca a empresa.<\/p>\n<p>\u201cTodas as ofertas de emprego t\u00eam um per\u00edodo de forma\u00e7\u00e3o remunerado, e todas as despesas est\u00e3o a cargo da Mercadona: alimenta\u00e7\u00e3o, transporte, estadia e tamb\u00e9m viagens a casa duas vezes por m\u00eas para todos os colaboradores\u201d, refere o grupo.<\/p>\n<p>Os interessados podem submeter a candidatura no portal oficial de recrutamento da Mercadona, onde est\u00e3o dispon\u00edveis as vagas atualizadas por distrito e fun\u00e7\u00e3o.<\/p>\n<p class=\"has-medium-font-size\"><strong>Expans\u00e3o para o sul<\/strong><\/p>\n<p>Com a nova loja em Beja, a Mercadona cumpre um dos seus objetivos estrat\u00e9gicos: expandir-se para o sul do pa\u00eds e chegar a novas regi\u00f5es. At\u00e9 agora, a maioria das lojas concentrava-se no Norte, Centro e na \u00c1rea Metropolitana de Lisboa. Esta ser\u00e1 a primeira abertura no Alentejo e, consequentemente, a mais pr\u00f3xima do Algarve.<\/p>\n<p>Desde a primeira loja portuguesa, em 2019, o grupo espanhol tem vindo a investir de forma gradual e sustentada. Atualmente, emprega cerca de 7.000 pessoas em Portugal, das quais 1.700 foram contratadas apenas em 2024, segundo a pr\u00f3pria empresa.<\/p>\n<p class=\"has-medium-font-size\"><strong>Contratos est\u00e1veis e forma\u00e7\u00e3o cont\u00ednua<\/strong><\/p>\n<p>A Mercadona sublinha que oferece contratos sem termo desde o primeiro dia, forma\u00e7\u00e3o cont\u00ednua e oportunidades de evolu\u00e7\u00e3o interna. \u201cValorizamos o trabalho est\u00e1vel e de qualidade. Apostamos em forma\u00e7\u00e3o pr\u00e1tica e te\u00f3rica desde o primeiro dia, criando condi\u00e7\u00f5es para o desenvolvimento profissional e pessoal de cada colaborador\u201d, pode ler-se na nota.<\/p>\n<p>A abertura em Beja dever\u00e1 criar dezenas de novos postos de trabalho diretos e contribuir para dinamizar o com\u00e9rcio e a economia local, refor\u00e7ando o papel da cidade como polo de crescimento no interior sul.<\/p>\n<p class=\"has-medium-font-size\"><strong>O supermercado mais a sul de Portugal<\/strong><\/p>\n<p>Com esta nova abertura, a Mercadona passa a ter presen\u00e7a efetiva no Alentejo e consolida a sua expans\u00e3o no pa\u00eds. A loja de Beja, que dever\u00e1 abrir portas em 2026, ser\u00e1 oficialmente o supermercado mais a sul de Portugal.<\/p>\n<p><strong>Leia tamb\u00e9m:\u00a0<a href=\"https:\/\/postal.pt\/europa\/para-breve-em-portugal-a-partir-desta-idade-ja-nao-se-pode-conduzir-estes-veiculos-noutro-pais-da-ue\/\" rel=\"nofollow noopener\" target=\"_blank\">Para breve em Portugal? A partir desta idade j\u00e1 n\u00e3o se pode conduzir estes ve\u00edculos noutro pa\u00eds da UE<\/a><\/strong><\/p>\n","protected":false},"excerpt":{"rendered":"A Mercadona confirmou oficialmente que vai abrir o seu supermercado mais a sul de Portugal. A nova loja,&hellip;\n","protected":false},"author":2,"featured_media":152777,"comment_status":"","ping_status":"","sticky":false,"template":"","format":"standard","meta":{"footnotes":""},"categories":[83],"tags":[88,89,90,32,33],"class_list":{"0":"post-152776","1":"post","2":"type-post","3":"status-publish","4":"format-standard","5":"has-post-thumbnail","7":"category-empresas","8":"tag-business","9":"tag-economy","10":"tag-empresas","11":"tag-portugal","12":"tag-pt"},"share_on_mastodon":{"url":"https:\/\/pubeurope.com\/@pt\/115553933954468823","error":""},"_links":{"self":[{"href":"https:\/\/www.europesays.com\/pt\/wp-json\/wp\/v2\/posts\/152776","targetHints":{"allow":["GET"]}}],"collection":[{"href":"https:\/\/www.europesays.com\/pt\/wp-json\/wp\/v2\/posts"}],"about":[{"href":"https:\/\/www.europesays.com\/pt\/wp-json\/wp\/v2\/types\/post"}],"author":[{"embeddable":true,"href":"https:\/\/www.europesays.com\/pt\/wp-json\/wp\/v2\/users\/2"}],"replies":[{"embeddable":true,"href":"https:\/\/www.europesays.com\/pt\/wp-json\/wp\/v2\/comments?post=152776"}],"version-history":[{"count":0,"href":"https:\/\/www.europesays.com\/pt\/wp-json\/wp\/v2\/posts\/152776\/revisions"}],"wp:featuredmedia":[{"embeddable":true,"href":"https:\/\/www.europesays.com\/pt\/wp-json\/wp\/v2\/media\/152777"}],"wp:attachment":[{"href":"https:\/\/www.europesays.com\/pt\/wp-json\/wp\/v2\/media?parent=152776"}],"wp:term":[{"taxonomy":"category","embeddable":true,"href":"https:\/\/www.europesays.com\/pt\/wp-json\/wp\/v2\/categories?post=152776"},{"taxonomy":"post_tag","embeddable":true,"href":"https:\/\/www.europesays.com\/pt\/wp-json\/wp\/v2\/tags?post=152776"}],"curies":[{"name":"wp","href":"https:\/\/api.w.org\/{rel}","templated":true}]}}