{"id":152784,"date":"2025-11-15T13:38:11","date_gmt":"2025-11-15T13:38:11","guid":{"rendered":"https:\/\/www.europesays.com\/pt\/152784\/"},"modified":"2025-11-15T13:38:11","modified_gmt":"2025-11-15T13:38:11","slug":"assustado-potter-tom-felton-repete-frase-iconica-de-harry-potter","status":"publish","type":"post","link":"https:\/\/www.europesays.com\/pt\/152784\/","title":{"rendered":"\u201cAssustado, Potter?\u201d Tom Felton repete frase ic\u00f4nica de Harry Potter"},"content":{"rendered":"<p>  <img decoding=\"async\" src=\"https:\/\/cdn.ome.lt\/static\/omelete\/img\/loading.svg\" alt=\"\"\/><\/p>\n<p>  <img decoding=\"async\" class=\"article__cover__image\" data-lazy-src-mob=\"\/\/cdn.ome.lt\/Y9bDANcZlcc1e0WSs-aT-2ed3Q0=\/570x0\/smart\/filters:format(webp)\/uploads\/conteudo\/fotos\/Draco-253_PJZEDIT_v001__1_.jpg\" data-lazy-src=\"https:\/\/cdn.ome.lt\/TjYBywPvQdlKChftaEmb_4Bjs-E=\/987x0\/smart\/filters:format(webp)\/uploads\/conteudo\/fotos\/Draco-253_PJZEDIT_v001__1_.jpg\" src=\"data:image\/png;base64,iVBORw0KGgoAAAANSUhEUgAAAAEAAAABCAQAAAC1HAwCAAAAC0lEQVR42mNkYAAAAAYAAjCB0C8AAAAASUVORK5CYII=\" alt=\"Tom Felton\" title=\"Tom Felton\" width=\"987\" height=\"555\" fetchpriority=\"high\"\/><\/p>\n<p class=\"article__cover__credits\">\n  Cr\u00e9ditos da imagem:<br \/>\n  Reprodu\u00e7\u00e3o\n<\/p>\n<p>O ator\u00a0<strong>Tom Felton\u00a0<\/strong>retornou para o papel de\u00a0Draco Malfoy na Brodway na pe\u00e7a\u00a0<strong>Harry Potter and the Cursed Child<\/strong>, em Nova York. Durante a pe\u00e7a, o ator repetiu uma das frases cl\u00e1ssicas de Malfoy na apresenta\u00e7\u00e3o.<\/p>\n<p>Durante um duelo contra o ator que faz Potter na adapta\u00e7\u00e3o, Felton proferiu\u00a0&#8220;Assustado, Potter?&#8221;,\u00a0frase usada por Malfoy na primeira vez que os dois personagens se enfrentaram em um duelo em\u00a0Harry Potter e a Pedra Filosofal.\u00a0<\/p>\n<p>            Continua depois da Publicidade<\/p>\n<p>    <strong>Tudo sobre a s\u00e9rie de Harry Potter da HBO<\/strong><\/p>\n<p>Na vindoura s\u00e9rie da\u00a0<strong>HBO Max<\/strong>, o papel de Draco Malfoy ainda n\u00e3o foi definido.\u00a0Al\u00e9m do trio principal<strong>\u00a0John Lithgow\u00a0<\/strong>(Conclave) j\u00e1 foi confirmado como diretor Dumblerore, enquanto<strong>\u00a0Janet McTeer<\/strong>\u00a0(A Rainha Branca) como Minerva McGonagall,<strong>\u00a0Paapa Essiedu<\/strong>\u00a0(Gangs of London) como Severo Snape e\u00a0<strong>Nick Frost<\/strong>\u00a0(Todo Mundo Quase Morto) como R\u00fabeo Hagrid ser\u00e3o os professores de Hogwarts.<\/p>\n<p>O grande papel que falta ser confirmado \u00e9, claro, o de Voldemort.\u00a0<strong>Cillian Murphy\u00a0<\/strong>\u00e9 de longe o nome mais especulado pelos f\u00e3s, e o ator j\u00e1 respondeu ao\u00a0<strong>Omelete\u00a0<\/strong>sobre o que pensa de viver o vil\u00e3o.<\/p>\n<p>            Continua depois da Publicidade<\/p>\n<p data-gtm-vis-first-on-screen67967661_30=\"1638\" data-gtm-vis-has-fired67967661_30=\"1\" data-gtm-vis-total-visible-time67967661_30=\"100\">Al\u00e9m dos nomes acima, tamb\u00e9m foram confirmados\u00a0<strong>Luke Thallon<\/strong>\u00a0como o Professor Quirrell e\u00a0<strong>Paul Whitehouse<\/strong> como Argus Filch.\u00a0<\/p>\n<p data-gtm-vis-first-on-screen67967661_30=\"1638\" data-gtm-vis-has-fired67967661_30=\"1\" data-gtm-vis-total-visible-time67967661_30=\"100\">A\u00a0Warner\u00a0ainda n\u00e3o anunciou os detalhes espec\u00edficos da trama da s\u00e9rie, que ter\u00e1 a autora<strong>\u00a0J.K. Rowling<\/strong>\u00a0na produ\u00e7\u00e3o. Ainda n\u00e3o h\u00e1 data de estreia confirmada para o t\u00edtulo, que ser\u00e1 lan\u00e7ada na\u00a0<strong>HBO\u00a0<\/strong>e\u00a0<strong>HBO Max<\/strong>, mas o plano \u00e9 de uma adapta\u00e7\u00e3o que trabalha um livro de\u00a0Harry Potter\u00a0por temporada, assim dando mais espa\u00e7o para os acontecimentos das p\u00e1ginas. A premissa \u00e9 a mesma: o jovem Harry Potter \u00e9 chamado para estudar magia na escola Hogwarts, e l\u00e1 descobre n\u00e3o s\u00f3 um mundo escondido, como uma profecia envolvendo seu futuro.<\/p>\n<p data-gtm-vis-first-on-screen67967661_30=\"1638\" data-gtm-vis-has-fired67967661_30=\"1\" data-gtm-vis-total-visible-time67967661_30=\"100\">A saga cinematogr\u00e1fica completa de\u00a0Harry Potter, que foi destaque nos cinemas do come\u00e7o dos anos 2000 at\u00e9 o come\u00e7o dos 2010 com oito filmes, foi\u00a0estrelada por\u00a0<strong>Daniel Radcliffe<\/strong>,<strong>\u00a0Emma Watson<\/strong>,<strong>\u00a0Rupert Grint<\/strong>,<strong>\u00a0Michael Gambon<\/strong>,\u00a0<strong>Robbie Coltrane<\/strong>,\u00a0<strong>Maggie Smith<\/strong>,\u00a0<strong>Alan Rickman<\/strong>,\u00a0<strong>Tom Felton<\/strong>,\u00a0<strong>Gary Oldman<\/strong><strong>\u00a0<\/strong>e mais segue dispon\u00edvel no cat\u00e1logo da HBO\u00a0Max.<\/p>\n<p data-gtm-vis-first-on-screen67967661_30=\"1638\" data-gtm-vis-has-fired67967661_30=\"1\" data-gtm-vis-total-visible-time67967661_30=\"100\">Os filmes foram um verdadeiro fen\u00f4meno global, mas seus derivados n\u00e3o tiveram a mesma recep\u00e7\u00e3o. Os prequels\u00a0Animais Fant\u00e1sticos\u00a0terminaram antes da hora, com apenas tr\u00eas dos cinco filmes planejados vendo a luz do dia (e cada um com bilheteria inferior ao anterior). Talvez o maior produtor de\u00a0Harry Potter\u00a0fora dos filmes, em tempos recentes, seja o jogo\u00a0Hogwarts Legacy, que permite que os jogadores vivam a vida de um estudante da escola de magia. O game vendeu milh\u00f5es de unidades.<\/p>\n","protected":false},"excerpt":{"rendered":"Cr\u00e9ditos da imagem: Reprodu\u00e7\u00e3o O ator\u00a0Tom Felton\u00a0retornou para o papel de\u00a0Draco Malfoy na Brodway na pe\u00e7a\u00a0Harry Potter and&hellip;\n","protected":false},"author":2,"featured_media":152785,"comment_status":"","ping_status":"","sticky":false,"template":"","format":"standard","meta":{"footnotes":""},"categories":[140],"tags":[114,115,147,148,146,32,33],"class_list":{"0":"post-152784","1":"post","2":"type-post","3":"status-publish","4":"format-standard","5":"has-post-thumbnail","7":"category-filmes","8":"tag-entertainment","9":"tag-entretenimento","10":"tag-film","11":"tag-filmes","12":"tag-movies","13":"tag-portugal","14":"tag-pt"},"share_on_mastodon":{"url":"https:\/\/pubeurope.com\/@pt\/115553993409549497","error":""},"_links":{"self":[{"href":"https:\/\/www.europesays.com\/pt\/wp-json\/wp\/v2\/posts\/152784","targetHints":{"allow":["GET"]}}],"collection":[{"href":"https:\/\/www.europesays.com\/pt\/wp-json\/wp\/v2\/posts"}],"about":[{"href":"https:\/\/www.europesays.com\/pt\/wp-json\/wp\/v2\/types\/post"}],"author":[{"embeddable":true,"href":"https:\/\/www.europesays.com\/pt\/wp-json\/wp\/v2\/users\/2"}],"replies":[{"embeddable":true,"href":"https:\/\/www.europesays.com\/pt\/wp-json\/wp\/v2\/comments?post=152784"}],"version-history":[{"count":0,"href":"https:\/\/www.europesays.com\/pt\/wp-json\/wp\/v2\/posts\/152784\/revisions"}],"wp:featuredmedia":[{"embeddable":true,"href":"https:\/\/www.europesays.com\/pt\/wp-json\/wp\/v2\/media\/152785"}],"wp:attachment":[{"href":"https:\/\/www.europesays.com\/pt\/wp-json\/wp\/v2\/media?parent=152784"}],"wp:term":[{"taxonomy":"category","embeddable":true,"href":"https:\/\/www.europesays.com\/pt\/wp-json\/wp\/v2\/categories?post=152784"},{"taxonomy":"post_tag","embeddable":true,"href":"https:\/\/www.europesays.com\/pt\/wp-json\/wp\/v2\/tags?post=152784"}],"curies":[{"name":"wp","href":"https:\/\/api.w.org\/{rel}","templated":true}]}}