{"id":152790,"date":"2025-11-15T13:43:27","date_gmt":"2025-11-15T13:43:27","guid":{"rendered":"https:\/\/www.europesays.com\/pt\/152790\/"},"modified":"2025-11-15T13:43:27","modified_gmt":"2025-11-15T13:43:27","slug":"rival-nordica-da-ikea-abre-mais-uma-loja-gigante-em-portugal-ha-descontos-ate-75-e-um-presente-de-20-euros-noticias-de-hoje","status":"publish","type":"post","link":"https:\/\/www.europesays.com\/pt\/152790\/","title":{"rendered":"Rival n\u00f3rdica da IKEA abre mais uma loja gigante em Portugal. H\u00e1 descontos at\u00e9 75% e um presente de 20 euros &#8211; Not\u00edcias de hoje"},"content":{"rendered":"<p>A grande rival da IKEA, a dinamarquesa JYSK, prepara-se para abrir uma nova loja de grandes dimens\u00f5es em Portugal e traz consigo aquele esp\u00edrito de renova\u00e7\u00e3o que tantas casas procuram nesta altura do ano.\u00a0<\/p>\n<p>A inaugura\u00e7\u00e3o vai acontecer em Felgueira e est\u00e1 marcada para <strong>27 de novembro, a partir das 10h<\/strong>, no Nova Terra Felgueiras Retail Park, e marca a chegada de mais uma loja da marca escandinava ao norte do pa\u00eds, com direito a <strong>descontos especiais<\/strong> e at\u00e9 <strong>um pequeno presente para quem fizer compras acima dos 20 euros<\/strong>\u00a0no dia de abertura.<\/p>\n<p>Para quem anda a pensar renovar a casa, esta \u00e9 uma incr\u00edvel oportunidade para encontrar algumas pe\u00e7as muito em linha com as tend\u00eancias actuais: tons neutros, madeira clara, texturas aconchegantes e aquele minimalismo pr\u00e1tico que combina com qualquer divis\u00e3o.<\/p>\n<p>Entre as promo\u00e7\u00f5es de destaque est\u00e1 uma mesa de jantar em madeira clara, com um design simples e minimalista, que passa a custar 130 euros. Para completar, as cadeiras estofadas em tons suaves tamb\u00e9m est\u00e3o com redu\u00e7\u00e3o significativa, descendo para os 55 euros. Na sec\u00e7\u00e3o de descanso, por exemplo, h\u00e1 um colch\u00e3o com efeito refrescante, um dos artigos com maior desconto, agora a 325 euros, com uma poupan\u00e7a que chega aos 75%.<\/p>\n<p>Quem procura pequenos detalhes para dar um toque especial ao ambiente encontra igualmente op\u00e7\u00f5es interessantes: almofadas decorativas desde 3,75 euros, cestos de arruma\u00e7\u00e3o em fibras naturais, figuras de decora\u00e7\u00e3o natal\u00edcia com inspira\u00e7\u00e3o n\u00f3rdica a partir de 2,75 euros, ou mantas felpudas com descontos de at\u00e9 75%.\u00a0<\/p>\n<p>H\u00e1 ainda solu\u00e7\u00f5es pr\u00e1ticas como cabides, bancos estofados, espelhos de parede e pequenos m\u00f3veis que ajudam a reorganizar a casa sem grandes investimentos.<\/p>\n<p>As salas tamb\u00e9m surgem bem representadas: sof\u00e1s compactos a partir de 200 euros, aparadores e m\u00f3veis de TV com linhas contempor\u00e2neas, e mesas de refei\u00e7\u00e3o de v\u00e1rios formatos, redondas, ovais ou retangulares, com redu\u00e7\u00f5es que variam entre 20% e 60%.<\/p>\n<p>Percorra a galeria acima para ver alguns dos produtos que se podem encontrar nas lojas JYSK.\u00a0<\/p>\n","protected":false},"excerpt":{"rendered":"A grande rival da IKEA, a dinamarquesa JYSK, prepara-se para abrir uma nova loja de grandes dimens\u00f5es em&hellip;\n","protected":false},"author":2,"featured_media":152791,"comment_status":"","ping_status":"","sticky":false,"template":"","format":"standard","meta":{"footnotes":""},"categories":[83],"tags":[88,89,90,488,33021,628,13,5629,32,33],"class_list":{"0":"post-152790","1":"post","2":"type-post","3":"status-publish","4":"format-standard","5":"has-post-thumbnail","7":"category-empresas","8":"tag-business","9":"tag-economy","10":"tag-empresas","11":"tag-iol","12":"tag-jysk","13":"tag-loja","14":"tag-noticias","15":"tag-novidades","16":"tag-portugal","17":"tag-pt"},"share_on_mastodon":{"url":"https:\/\/pubeurope.com\/@pt\/115554012540808871","error":""},"_links":{"self":[{"href":"https:\/\/www.europesays.com\/pt\/wp-json\/wp\/v2\/posts\/152790","targetHints":{"allow":["GET"]}}],"collection":[{"href":"https:\/\/www.europesays.com\/pt\/wp-json\/wp\/v2\/posts"}],"about":[{"href":"https:\/\/www.europesays.com\/pt\/wp-json\/wp\/v2\/types\/post"}],"author":[{"embeddable":true,"href":"https:\/\/www.europesays.com\/pt\/wp-json\/wp\/v2\/users\/2"}],"replies":[{"embeddable":true,"href":"https:\/\/www.europesays.com\/pt\/wp-json\/wp\/v2\/comments?post=152790"}],"version-history":[{"count":0,"href":"https:\/\/www.europesays.com\/pt\/wp-json\/wp\/v2\/posts\/152790\/revisions"}],"wp:featuredmedia":[{"embeddable":true,"href":"https:\/\/www.europesays.com\/pt\/wp-json\/wp\/v2\/media\/152791"}],"wp:attachment":[{"href":"https:\/\/www.europesays.com\/pt\/wp-json\/wp\/v2\/media?parent=152790"}],"wp:term":[{"taxonomy":"category","embeddable":true,"href":"https:\/\/www.europesays.com\/pt\/wp-json\/wp\/v2\/categories?post=152790"},{"taxonomy":"post_tag","embeddable":true,"href":"https:\/\/www.europesays.com\/pt\/wp-json\/wp\/v2\/tags?post=152790"}],"curies":[{"name":"wp","href":"https:\/\/api.w.org\/{rel}","templated":true}]}}