{"id":152792,"date":"2025-11-15T13:46:14","date_gmt":"2025-11-15T13:46:14","guid":{"rendered":"https:\/\/www.europesays.com\/pt\/152792\/"},"modified":"2025-11-15T13:46:14","modified_gmt":"2025-11-15T13:46:14","slug":"abusou-da-enteada-menor-enquanto-a-companheira-estava-internada-no-hospital","status":"publish","type":"post","link":"https:\/\/www.europesays.com\/pt\/152792\/","title":{"rendered":"Abusou da enteada menor enquanto a companheira estava internada no hospital"},"content":{"rendered":"<p data-remotead-prev-elm=\"true\" data-remotead-elm-id=\"inread\">Ao longo da noite, por diversas vezes, o arguido sujeitou a v\u00edtima a ofensas sexuais.<\/p>\n<p>No dia seguinte, a menor pediu ajuda aos colegas, que denunciaram o caso \u00e0 professora, tendo a escola contactado o Piquete da PJ, que ativou a sec\u00e7\u00e3o da Diretoria de Lisboa e Vale do Tejo especializada na investiga\u00e7\u00e3o de crimes sexuais&#8221;, explicou a PJ, detalhando que o crime aconteceu na passada ter\u00e7a-feira.<\/p>\n<p>Levado a tribunal para o primeiro interrogat\u00f3rio judicial, o arguido ficou proibido de contactar a v\u00edtima e obrigado a abandonar a resid\u00eancia da fam\u00edlia. As medidas de coa\u00e7\u00e3o tamb\u00e9m o pro\u00edbem de estar a menos de 500 metros da casa.<\/p>\n","protected":false},"excerpt":{"rendered":"Ao longo da noite, por diversas vezes, o arguido sujeitou a v\u00edtima a ofensas sexuais. No dia seguinte,&hellip;\n","protected":false},"author":2,"featured_media":152793,"comment_status":"","ping_status":"","sticky":false,"template":"","format":"standard","meta":{"footnotes":""},"categories":[8],"tags":[2948,27,28,15,16,14,603,25,26,2432,21,22,12,13,19,20,32,23,24,33,17,18,29,30,31],"class_list":{"0":"post-152792","1":"post","2":"type-post","3":"status-publish","4":"format-standard","5":"has-post-thumbnail","7":"category-principais-noticias","8":"tag-abusos-sexuais","9":"tag-breaking-news","10":"tag-breakingnews","11":"tag-featured-news","12":"tag-featurednews","13":"tag-headlines","14":"tag-justica","15":"tag-latest-news","16":"tag-latestnews","17":"tag-loures","18":"tag-main-news","19":"tag-mainnews","20":"tag-news","21":"tag-noticias","22":"tag-noticias-principais","23":"tag-noticiasprincipais","24":"tag-portugal","25":"tag-principais-noticias","26":"tag-principaisnoticias","27":"tag-pt","28":"tag-top-stories","29":"tag-topstories","30":"tag-ultimas","31":"tag-ultimas-noticias","32":"tag-ultimasnoticias"},"share_on_mastodon":{"url":"https:\/\/pubeurope.com\/@pt\/115554024457680427","error":""},"_links":{"self":[{"href":"https:\/\/www.europesays.com\/pt\/wp-json\/wp\/v2\/posts\/152792","targetHints":{"allow":["GET"]}}],"collection":[{"href":"https:\/\/www.europesays.com\/pt\/wp-json\/wp\/v2\/posts"}],"about":[{"href":"https:\/\/www.europesays.com\/pt\/wp-json\/wp\/v2\/types\/post"}],"author":[{"embeddable":true,"href":"https:\/\/www.europesays.com\/pt\/wp-json\/wp\/v2\/users\/2"}],"replies":[{"embeddable":true,"href":"https:\/\/www.europesays.com\/pt\/wp-json\/wp\/v2\/comments?post=152792"}],"version-history":[{"count":0,"href":"https:\/\/www.europesays.com\/pt\/wp-json\/wp\/v2\/posts\/152792\/revisions"}],"wp:featuredmedia":[{"embeddable":true,"href":"https:\/\/www.europesays.com\/pt\/wp-json\/wp\/v2\/media\/152793"}],"wp:attachment":[{"href":"https:\/\/www.europesays.com\/pt\/wp-json\/wp\/v2\/media?parent=152792"}],"wp:term":[{"taxonomy":"category","embeddable":true,"href":"https:\/\/www.europesays.com\/pt\/wp-json\/wp\/v2\/categories?post=152792"},{"taxonomy":"post_tag","embeddable":true,"href":"https:\/\/www.europesays.com\/pt\/wp-json\/wp\/v2\/tags?post=152792"}],"curies":[{"name":"wp","href":"https:\/\/api.w.org\/{rel}","templated":true}]}}