{"id":152796,"date":"2025-11-15T13:50:13","date_gmt":"2025-11-15T13:50:13","guid":{"rendered":"https:\/\/www.europesays.com\/pt\/152796\/"},"modified":"2025-11-15T13:50:13","modified_gmt":"2025-11-15T13:50:13","slug":"ana-perde-as-estribeiras-com-leandro-chega-desta-palhacada-devias-de-ter-vergonha-secret-story","status":"publish","type":"post","link":"https:\/\/www.europesays.com\/pt\/152796\/","title":{"rendered":"Ana perde as estribeiras com Leandro: \u00abChega desta palha\u00e7ada. Devias de ter vergonha!\u00bb &#8211; Secret Story"},"content":{"rendered":"<p>No Secret Story 9, Ana perde as estribeiras com Leandro e acusa-o de nunca colaborar nas limpezas da casa. Vai mais longe e considera que era ele quem devia deixar o Secret Story j\u00e1 no pr\u00f3ximo domingo. Veja as rea\u00e7\u00f5es.<\/p>\n<p><strong>Esta semana h\u00e1 cinco concorrentes em risco de abandonar a casa mais vigiada do Pa\u00eds no pr\u00f3ximo domingo.\u00a0<\/strong><\/p>\n<p>VOTE PARA SALVAR:<\/p>\n<p>ANA \u2013 761 20 20 01<br \/>ANA CRISTINA \u2013 761 20 20 02<br \/>DYLAN \u2013 761 20 20 07<br \/>LEANDRO \u2013 761 20 20 12<br \/>PEDRO &#8211; 761 20 20 18<\/p>\n<p><a href=\"https:\/\/tvi.iol.pt\/secretstory\/aominuto\" rel=\"nofollow noopener\" target=\"_blank\">Acompanhe tudo o que se passa na casa mais vigiada do Pa\u00eds<\/a><\/p>\n","protected":false},"excerpt":{"rendered":"No Secret Story 9, Ana perde as estribeiras com Leandro e acusa-o de nunca colaborar nas limpezas da&hellip;\n","protected":false},"author":2,"featured_media":152797,"comment_status":"","ping_status":"","sticky":false,"template":"","format":"standard","meta":{"footnotes":""},"categories":[142],"tags":[6340,19374,19373,114,115,12397,19375,32,33,151],"class_list":{"0":"post-152796","1":"post","2":"type-post","3":"status-publish","4":"format-standard","5":"has-post-thumbnail","7":"category-tv","8":"tag-ana","9":"tag-confrontos-concorrentes","10":"tag-discussoes-secret-story","11":"tag-entertainment","12":"tag-entretenimento","13":"tag-leandro","14":"tag-polemicas","15":"tag-portugal","16":"tag-pt","17":"tag-tv"},"share_on_mastodon":{"url":"https:\/\/pubeurope.com\/@pt\/115554040112281556","error":""},"_links":{"self":[{"href":"https:\/\/www.europesays.com\/pt\/wp-json\/wp\/v2\/posts\/152796","targetHints":{"allow":["GET"]}}],"collection":[{"href":"https:\/\/www.europesays.com\/pt\/wp-json\/wp\/v2\/posts"}],"about":[{"href":"https:\/\/www.europesays.com\/pt\/wp-json\/wp\/v2\/types\/post"}],"author":[{"embeddable":true,"href":"https:\/\/www.europesays.com\/pt\/wp-json\/wp\/v2\/users\/2"}],"replies":[{"embeddable":true,"href":"https:\/\/www.europesays.com\/pt\/wp-json\/wp\/v2\/comments?post=152796"}],"version-history":[{"count":0,"href":"https:\/\/www.europesays.com\/pt\/wp-json\/wp\/v2\/posts\/152796\/revisions"}],"wp:featuredmedia":[{"embeddable":true,"href":"https:\/\/www.europesays.com\/pt\/wp-json\/wp\/v2\/media\/152797"}],"wp:attachment":[{"href":"https:\/\/www.europesays.com\/pt\/wp-json\/wp\/v2\/media?parent=152796"}],"wp:term":[{"taxonomy":"category","embeddable":true,"href":"https:\/\/www.europesays.com\/pt\/wp-json\/wp\/v2\/categories?post=152796"},{"taxonomy":"post_tag","embeddable":true,"href":"https:\/\/www.europesays.com\/pt\/wp-json\/wp\/v2\/tags?post=152796"}],"curies":[{"name":"wp","href":"https:\/\/api.w.org\/{rel}","templated":true}]}}