{"id":152812,"date":"2025-11-15T14:18:13","date_gmt":"2025-11-15T14:18:13","guid":{"rendered":"https:\/\/www.europesays.com\/pt\/152812\/"},"modified":"2025-11-15T14:18:13","modified_gmt":"2025-11-15T14:18:13","slug":"antonio-fagundes-acerta-com-a-globo-e-retorna-as-novelas-veja-qu","status":"publish","type":"post","link":"https:\/\/www.europesays.com\/pt\/152812\/","title":{"rendered":"Ant\u00f4nio Fagundes acerta com a Globo e retorna \u00e0s novelas; veja qu"},"content":{"rendered":"<p>Depois de sete anos longe da teledramaturgia nacional, Ant\u00f4nio Fagundes deve voltar a atuar em novelas da Globo. O veterano deve assinar o contrato em breve, e apenas uma &#8220;grande reviravolta&#8221; impediria sua participa\u00e7\u00e3o no projeto, segundo a coluna Outro Canal, do F5.<\/p>\n<p>Fagundes retornar\u00e1 \u00e0 trama &#8220;Quem Ama, Cuida&#8221;, escrita por Walcyr Carrasco. O interprete e o escritor colaborararam anteriormente na novela &#8220;Amor \u00e0 Vida&#8221;, transmitida pelo canal de 2013 a 2014.<\/p>\n<p>Amora Mautner, que j\u00e1 trabalhou Walcyr em narrativas como &#8220;Verdades Secretas 2&#8221; (2021), &#8220;A Dona do Peda\u00e7o&#8221; (2019) e &#8220;\u00cata Mundo Melhor&#8221;, atual obra da faixa das seis, estar\u00e1 \u00e0 frente da dire\u00e7\u00e3o do melodrama.<\/p>\n<p>Qual o papel?<\/p>\n<p>Ant\u00f4nio Fagundes se encarregar\u00e1 de Rog\u00e9rio Brand\u00e3o. Descrito no roteiro como um homem milion\u00e1rio, se casar\u00e1 com a cuidadora Adriana e decidir\u00e1 deixar todos os bens para ela. A mocinha fica a cargo de Let\u00edcia Colin. Camila Queiroz foi sondada para a protagonista, mas declinou em virtude da gravidez da primeira filha.<\/p>\n<p>\u00a0<\/p>\n<p>\u00a0<\/p>\n","protected":false},"excerpt":{"rendered":"Depois de sete anos longe da teledramaturgia nacional, Ant\u00f4nio Fagundes deve voltar a atuar em novelas da Globo.&hellip;\n","protected":false},"author":2,"featured_media":152813,"comment_status":"","ping_status":"","sticky":false,"template":"","format":"standard","meta":{"footnotes":""},"categories":[142],"tags":[14885,114,115,753,32,33,151],"class_list":{"0":"post-152812","1":"post","2":"type-post","3":"status-publish","4":"format-standard","5":"has-post-thumbnail","7":"category-tv","8":"tag-antonio-fagundes","9":"tag-entertainment","10":"tag-entretenimento","11":"tag-globo","12":"tag-portugal","13":"tag-pt","14":"tag-tv"},"share_on_mastodon":{"url":"https:\/\/pubeurope.com\/@pt\/115554150164805135","error":""},"_links":{"self":[{"href":"https:\/\/www.europesays.com\/pt\/wp-json\/wp\/v2\/posts\/152812","targetHints":{"allow":["GET"]}}],"collection":[{"href":"https:\/\/www.europesays.com\/pt\/wp-json\/wp\/v2\/posts"}],"about":[{"href":"https:\/\/www.europesays.com\/pt\/wp-json\/wp\/v2\/types\/post"}],"author":[{"embeddable":true,"href":"https:\/\/www.europesays.com\/pt\/wp-json\/wp\/v2\/users\/2"}],"replies":[{"embeddable":true,"href":"https:\/\/www.europesays.com\/pt\/wp-json\/wp\/v2\/comments?post=152812"}],"version-history":[{"count":0,"href":"https:\/\/www.europesays.com\/pt\/wp-json\/wp\/v2\/posts\/152812\/revisions"}],"wp:featuredmedia":[{"embeddable":true,"href":"https:\/\/www.europesays.com\/pt\/wp-json\/wp\/v2\/media\/152813"}],"wp:attachment":[{"href":"https:\/\/www.europesays.com\/pt\/wp-json\/wp\/v2\/media?parent=152812"}],"wp:term":[{"taxonomy":"category","embeddable":true,"href":"https:\/\/www.europesays.com\/pt\/wp-json\/wp\/v2\/categories?post=152812"},{"taxonomy":"post_tag","embeddable":true,"href":"https:\/\/www.europesays.com\/pt\/wp-json\/wp\/v2\/tags?post=152812"}],"curies":[{"name":"wp","href":"https:\/\/api.w.org\/{rel}","templated":true}]}}