{"id":15283,"date":"2025-08-04T09:45:07","date_gmt":"2025-08-04T09:45:07","guid":{"rendered":"https:\/\/www.europesays.com\/pt\/15283\/"},"modified":"2025-08-04T09:45:07","modified_gmt":"2025-08-04T09:45:07","slug":"worten-com-tudo-e-mais-nao-sei-o-que-para-renovar-a-casa-este-verao","status":"publish","type":"post","link":"https:\/\/www.europesays.com\/pt\/15283\/","title":{"rendered":"WORTEN COM \u201cTUDO E MAIS N\u00c3O SEI O QU\u00ca\u201d PARA RENOVAR A CASA ESTE VER\u00c3O"},"content":{"rendered":"<p>&#13;<br \/>\n                        &#13;<br \/>\n&#13;<br \/>\n&#13;<br \/>\n&#13;<\/p>\n<p><strong>Sugest\u00f5es Worten para renovar a Casa<\/strong><\/p>\n<p>A campanha \u201cTudo para o lar\u201d da Worten est\u00e1 de volta. Com o mote \u201cQuando achas que a tua casa tem tudo, descobres mais na Worten\u201d, a campanha re\u00fane a maior sele\u00e7\u00e3o de produtos para todas as divis\u00f5es da casa aos melhores pre\u00e7os \u2013 desde equipamentos para a cozinha, sala, escrit\u00f3rio, jardim, para os animais, e ainda toda a habitual tecnologia necess\u00e1ria para trabalhar, cozinhar, jogar, fazer desporto e muito mais. A campanha tem muito mais do que se imagina para renovar e dar um novo ambiente a qualquer divis\u00e3o. E para facilitar a escolha, a Worten selecionou um conjunto de sugest\u00f5es que v\u00e3o fazer toda a diferen\u00e7a em qualquer espa\u00e7o.<br \/>&#13;<br \/>\n\u00a0<br \/>&#13;<br \/>\n\u00a0&#13;\n<\/p>\n<ol>&#13;<\/p>\n<li><a href=\"https:\/\/www.worten.pt\/produtos\/frigorifico-americano-samsung-rs90f64edfef-d-no-frost-178-4-cm-621-l-preto-8472186\" rel=\"nofollow noopener\" target=\"_blank\"><strong>Frigor\u00edfico Americano SAMSUNG RS90F64EDFEF D (No Frost &#8211; 178,4 cm &#8211; 621 L &#8211; Preto)<\/strong><\/a><\/li>\n<p>&#13;\n<\/ol>\n<p>&#13;<br \/>\nCom capacidade para 621\u202flitros, tecnologia No\u2011Frost e Compressor Digital Inverter, que otimiza a poupan\u00e7a de energia com recurso a IA, este frigor\u00edfico americano \u00e9 ideal para fam\u00edlias. Al\u00e9m de um design moderno elegante, com acabamentos em preto e ecr\u00e3 t\u00e1til de nove polegadas, disponibiliza ainda controlo por voz ou por Wi-Fi.<br \/>&#13;<br \/>\n\u00a0&#13;<\/p>\n<ol>&#13;<\/p>\n<li><a href=\"https:\/\/www.worten.pt\/produtos\/maquina-de-lavar-roupa-hisense-wf5i8043bwf-serie-5i-8-kg-1400-rpm-branco-8474585\" rel=\"nofollow noopener\" target=\"_blank\"><strong>M\u00e1quina de Lavar Roupa HISENSE WF5I8043BWF Serie 5i (8 Kg &#8211; 1400 rpm &#8211; Branco)<\/strong><\/a><\/li>\n<p>&#13;\n<\/ol>\n<p>&#13;<br \/>\nCom capacidade para 8\u202fkg, esta m\u00e1quina de lavar roupada Hisense \u00e9 ideal para espa\u00e7os reduzidos, adaptando-se a qualquer espa\u00e7o. Al\u00e9m disso, tem classifica\u00e7\u00e3o energ\u00e9tica A, conectividade atrav\u00e9s da app ConnectLife e diferentes programas de lavagem que se adaptam \u00e0s necessidades de qualquer pessoa.<br \/>&#13;<br \/>\n\u00a0&#13;<\/p>\n<ol>&#13;<\/p>\n<li><a href=\"https:\/\/www.worten.pt\/produtos\/tv-lg-oled65b56la-oled-65-165-cm-4k-ultra-hd-smart-tv-8440497\" rel=\"nofollow noopener\" target=\"_blank\"><strong>TV LG OLED65B56LA (OLED &#8211; 65&#8221; &#8211; 165 cm &#8211; 4K Ultra HD &#8211; Smart TV)<\/strong><\/a><\/li>\n<p>&#13;\n<\/ol>\n<p>&#13;<br \/>\nPara fazer um upgrade \u00e0 televis\u00e3o, a Worten sugere esta op\u00e7\u00e3o da LG. Com resolu\u00e7\u00e3o 4K Ultra HD, \u00e9 a escolha ideal para as sess\u00f5es de cinema em casa, para ver o jogo da sele\u00e7\u00e3o com amigos ou simplesmente para jogar. A TV tem ainda conetividade multidispositivos atrav\u00e9s da app LG ThinQ.<br \/>&#13;<br \/>\n\u00a0&#13;<\/p>\n<ol>&#13;<\/p>\n<li><a href=\"https:\/\/www.worten.pt\/produtos\/portatil-hp-15-fd1004np-15-intel-core-ultra-5-125h-ram-32-gb-1-tb-ssd-intel-arc-graphics-8072563\" rel=\"nofollow noopener\" target=\"_blank\"><strong>Port\u00e1til HP 15-FD1004NP (15&#8221; &#8211; Intel Core Ultra 5 125H &#8211; RAM: 32 GB &#8211; 1 TB SSD &#8211; Intel Arc Graphics)<\/strong><\/a><\/li>\n<p>&#13;\n<\/ol>\n<p>&#13;<br \/>\nPara estudar, trabalhar ou at\u00e9 para os f\u00e3s de videojogos, este port\u00e1til HP \u00e9 uma \u00f3tima escolha, a um pre\u00e7o acess\u00edvel. Com processador Intel Core Ultra 5 e 1 TB de armazenamento, consegue realizar qualquer tarefa com rapidez e facilidade.<br \/>&#13;<br \/>\n\u00a0&#13;<\/p>\n<ol>&#13;<\/p>\n<li><a href=\"https:\/\/www.worten.pt\/produtos\/maquina-de-cafe-expresso-delonghi-dedicaduo-ec890-wi-8460377\" rel=\"nofollow noopener\" target=\"_blank\"><strong>M\u00e1quina de Caf\u00e9 Expresso DELONGHI DedicaDuo &#8211; EC890.WI<\/strong><\/a><\/li>\n<p>&#13;\n<\/ol>\n<p>&#13;<br \/>\nOs amantes de caf\u00e9 certamente v\u00e3o adorar esta m\u00e1quina da Delonghi. Compacta e elegante, permite uma experi\u00eancia de caf\u00e9 otimizada a apenas um toque de dist\u00e2ncia. De expressos intensos a cold brews suaves, esta m\u00e1quina traz um mundo de op\u00e7\u00f5es para os f\u00e3s desta bebida.<br \/>&#13;<br \/>\n\u00a0&#13;<\/p>\n<ol>&#13;<\/p>\n<li><a href=\"https:\/\/www.worten.pt\/produtos\/sofa-dormus-sydney-cinza-3l-chaise-c-cama-cinzento-tecido-234-x-223-x-89-cm-reversivel-lado-direito-esquerdo-7991210\" rel=\"nofollow noopener\" target=\"_blank\"><strong>Sof\u00e1 DORMUS Sydney Cinza 3L + Chaise c\/cama (Cinzento &#8211; Tecido &#8211; 234 x 223 x 89 cm &#8211; Reversivel Lado Direito Esquerdo)<\/strong><\/a><\/li>\n<p>&#13;\n<\/ol>\n<p>&#13;<br \/>\nPara renovar a sala de estar, a sugest\u00e3o da Worten \u00e9 este sof\u00e1 com chaise longue em tons de cinza, co um design cl\u00e1ssico e muito vers\u00e1til. Uma op\u00e7\u00e3o que alia conforto e praticidade, com tecido revers\u00edvel e lav\u00e1vel. \u00a0<br \/>&#13;<br \/>\n\u00a0&#13;<\/p>\n<ol>&#13;<\/p>\n<li><a href=\"https:\/\/www.worten.pt\/produtos\/sommier-articulado-dormus-140x190-cm-8005497\" rel=\"nofollow noopener\" target=\"_blank\"><strong>Sommier Articulado DORMUS (140&#215;190 cm)<\/strong><\/a><\/li>\n<p>&#13;\n<\/ol>\n<p>&#13;<br \/>\nEste sommier articulado da Dormus funciona como uma base de cama confort\u00e1vel, com tecido respir\u00e1vel, mecanismo de eleva\u00e7\u00e3o com amortecedores e ainda um amplo espa\u00e7o de arruma\u00e7\u00e3o debaixo do tampo. Pr\u00e1tico, moderno e funcional para qualquer espa\u00e7o.<br \/>&#13;<br \/>\n\u00a0&#13;<\/p>\n<ol>&#13;<\/p>\n<li><a href=\"https:\/\/www.worten.pt\/produtos\/piscina-tubular-com-filtro-intex-prisma-frame-redonda-6-503-l-pvc-366x76cm-7549135\" rel=\"nofollow noopener\" target=\"_blank\"><strong>Piscina Tubular com Filtro INTEX Prisma Frame Redonda (6.503 L &#8211; PVC &#8211; 366x76cm)<\/strong><\/a><\/li>\n<p>&#13;\n<\/ol>\n<p>&#13;<br \/>\nEsta piscina promete ser o melhor aliado de toda a fam\u00edlia nos dias de calor. F\u00e1cil de montar e de utilizar, tem capacidade para cinco pessoas em simult\u00e2neo e um filtro para manter a \u00e1gua sempre limpa.<br \/>&#13;<br \/>\n\u00a0&#13;<\/p>\n<ol>&#13;<\/p>\n<li><a href=\"https:\/\/www.worten.pt\/produtos\/conjunto-jardim-manhattan-shaf-antracite-resina-190x122x72cm-8404133\" rel=\"nofollow noopener\" target=\"_blank\"><strong>Conjunto Jardim Manhattan SHAF (Antracite &#8211; Resina &#8211; 190x122x72cm)<\/strong><\/a><\/li>\n<p>&#13;\n<\/ol>\n<p>&#13;<br \/>\nCom um design contempor\u00e2neo em resina resistente, este conjunto de jardim \u00e9 perfeito para espa\u00e7os exteriores, com espa\u00e7o para toda a fam\u00edlia.<br \/>&#13;<br \/>\n\u00a0&#13;<\/p>\n<ol>&#13;<\/p>\n<li><a href=\"https:\/\/www.worten.pt\/produtos\/passadeira-de-corrida-bodytone-dt18-ate-18-km-h-7480965\" rel=\"nofollow noopener\" target=\"_blank\"><strong>Passadeira de Corrida BODYTONE DT18+ (At\u00e9: 18 km\/h)<\/strong><\/a><\/li>\n<p>&#13;\n<\/ol>\n<p>&#13;<br \/>\nPara quem quer ser mais ativo este ver\u00e3o, esta passadeira de corrida \u00e9 uma op\u00e7\u00e3o pr\u00e1tica para treinar sem sair de casa. Al\u00e9m de atingir uma velocidade de at\u00e9 18\u202fkm\/hora, n\u00e3o emite qualquer tipo de ru\u00eddo, permitindo treinar em qualquer momento dia de forma pr\u00e1tica e confort\u00e1vel.<br \/>&#13;<br \/>\n\u00a0<br \/>&#13;<br \/>\n\u00a0&#13;<br \/>\n&#13;<br \/>\n&#13;<br \/>\n&#13;<\/p>\n<p><strong>Tags:<\/strong><\/p>\n<p>&#13;<br \/>\n&#13;<br \/>\n&#13;<\/p>\n","protected":false},"excerpt":{"rendered":"&#13; &#13; &#13; &#13; &#13; Sugest\u00f5es Worten para renovar a Casa A campanha \u201cTudo para o lar\u201d da&hellip;\n","protected":false},"author":2,"featured_media":15284,"comment_status":"","ping_status":"","sticky":false,"template":"","format":"standard","meta":{"footnotes":""},"categories":[84],"tags":[6063,109,107,108,32,33,105,103,104,106,110,4421],"class_list":{"0":"post-15283","1":"post","2":"type-post","3":"status-publish","4":"format-standard","5":"has-post-thumbnail","7":"category-ciencia-e-tecnologia","8":"tag-tudo-para-o-lar","9":"tag-ciencia","10":"tag-ciencia-e-tecnologia","11":"tag-cienciaetecnologia","12":"tag-portugal","13":"tag-pt","14":"tag-science","15":"tag-science-and-technology","16":"tag-scienceandtechnology","17":"tag-technology","18":"tag-tecnologia","19":"tag-worten"},"share_on_mastodon":{"url":"","error":""},"_links":{"self":[{"href":"https:\/\/www.europesays.com\/pt\/wp-json\/wp\/v2\/posts\/15283","targetHints":{"allow":["GET"]}}],"collection":[{"href":"https:\/\/www.europesays.com\/pt\/wp-json\/wp\/v2\/posts"}],"about":[{"href":"https:\/\/www.europesays.com\/pt\/wp-json\/wp\/v2\/types\/post"}],"author":[{"embeddable":true,"href":"https:\/\/www.europesays.com\/pt\/wp-json\/wp\/v2\/users\/2"}],"replies":[{"embeddable":true,"href":"https:\/\/www.europesays.com\/pt\/wp-json\/wp\/v2\/comments?post=15283"}],"version-history":[{"count":0,"href":"https:\/\/www.europesays.com\/pt\/wp-json\/wp\/v2\/posts\/15283\/revisions"}],"wp:featuredmedia":[{"embeddable":true,"href":"https:\/\/www.europesays.com\/pt\/wp-json\/wp\/v2\/media\/15284"}],"wp:attachment":[{"href":"https:\/\/www.europesays.com\/pt\/wp-json\/wp\/v2\/media?parent=15283"}],"wp:term":[{"taxonomy":"category","embeddable":true,"href":"https:\/\/www.europesays.com\/pt\/wp-json\/wp\/v2\/categories?post=15283"},{"taxonomy":"post_tag","embeddable":true,"href":"https:\/\/www.europesays.com\/pt\/wp-json\/wp\/v2\/tags?post=15283"}],"curies":[{"name":"wp","href":"https:\/\/api.w.org\/{rel}","templated":true}]}}