{"id":152831,"date":"2025-11-15T14:54:08","date_gmt":"2025-11-15T14:54:08","guid":{"rendered":"https:\/\/www.europesays.com\/pt\/152831\/"},"modified":"2025-11-15T14:54:08","modified_gmt":"2025-11-15T14:54:08","slug":"treinador-do-besiktas-denuncia-o-agente-de-rafa-silva-esta-a-ligar-e-a-ameacar","status":"publish","type":"post","link":"https:\/\/www.europesays.com\/pt\/152831\/","title":{"rendered":"Treinador do Besiktas denuncia: \u00abO agente de Rafa Silva est\u00e1 a ligar e a amea\u00e7ar\u00bb"},"content":{"rendered":"<p><a href=\"https:\/\/maisfutebol.iol.pt\/besiktas\/internacional\/video-adepto-persegue-rafa-silva-a-pedir-lhe-para-ficar-no-besiktas\" rel=\"nofollow noopener\" target=\"_blank\">A pol\u00e9mica \u00e0 volta de Rafa Silva continua<\/a>. O futuro do antigo internacional portugu\u00eas no Besiktas parece incerto, mesmo que a porta continue aberta, como afirmou Sergen Yalcin, treinador do clube turco, que partilhou ainda as \u00abamea\u00e7as\u00bb do agente do jogador.<\/p>\n<p>O Besiktas realizou uma confer\u00eancia de imprensa para discutir exclusivamente a situa\u00e7\u00e3o do ex-Benfica. Serdal Adali, presidente do clube, abriu a sess\u00e3o e o novo treinador tamb\u00e9m prestou declara\u00e7\u00f5es. Sergen Yalcin, que assumiu o comando t\u00e9cnico do Besiktas no final de agosto, partilhou a primeira intera\u00e7\u00e3o com o portugu\u00eas.\u00a0<\/p>\n<p>\u00abNo meu primeiro dia no comando, realiz\u00e1mos reuni\u00f5es individuais com os jogadores. A primeira reuni\u00e3o foi com o Rafa e alguns jogadores estrangeiros. O Rafa disse-me que estava infeliz aqui. O Arroyo disse a mesma coisa. Ent\u00e3o disse ao Rafa que podia ir. Resolvi o problema, pelo menos a curto prazo. Depois de um tempo, a quest\u00e3o voltou \u00e0 tona. Quando a equipa n\u00e3o consegue a posi\u00e7\u00e3o que queremos, ficamos enfraquecidos\u00bb, referiu.<\/p>\n<p>O treinador de 53 anos confessou que a situa\u00e7\u00e3o tornou-se \u00abinsustent\u00e1vel\u00bb ap\u00f3s o jogo com o Kasimpasa, a 26 de outubro. Ainda assim, Sergen Yalcin admitiu que a porta continua aberta para Rafa, caso o jogador queira fazer parte do plantel.\u00a0<\/p>\n<p>\u00abUm m\u00eas depois, liguei para o Rafa e tent\u00e1mos retomar o controlo da situa\u00e7\u00e3o. Mas, infelizmente, na semana do jogo contra o Kasimpasa, a situa\u00e7\u00e3o chegou a um ponto insustent\u00e1vel. O jogador declarou imediatamente que n\u00e3o treinaria nem jogaria. A situa\u00e7\u00e3o ficou fora do meu controlo. Disse ao presidente que n\u00e3o tinha mais condi\u00e7\u00f5es para resolver a quest\u00e3o. O Rafa \u00e9 muito importante para n\u00f3s e a porta ainda est\u00e1 aberta. Se quiser vir treinar, que venha e vamos utiliz\u00e1-lo. N\u00e3o acho que haja nenhum problema da parte do jogador, mas tamb\u00e9m cortou a comunica\u00e7\u00e3o connosco e est\u00e1 a enviar mensagens atrav\u00e9s do agente\u00bb, atirou.<\/p>\n<p>O t\u00e9cnico turco lamentou que Rafa Silva n\u00e3o se \u00abdigne\u00bb a falar. A comunica\u00e7\u00e3o com o clube, segundo Sergen Yalcin, tem sido atrav\u00e9s do agente do jogador, que tem realizado \u00abamea\u00e7as\u00bb para uma rescis\u00e3o de contrato.\u00a0<\/p>\n<p>\u00abRonaldo e Messi tamb\u00e9m saem nos jogos. Ningu\u00e9m \u00e9 maior do que o Besiktas. Tenho de pensar nos interesses da equipa e dos jogadores. Tamb\u00e9m temos que lidar com outros jogadores. O agente est\u00e1 a ligar e a amea\u00e7ar com coisas do tipo: \u2018Deixem jog\u00e1-lo esta semana. Se rescindirmos o contrato, vai treinar, se n\u00e3o, n\u00e3o ir\u00e1 jogar. Lamento diz\u00ea-lo, mas infelizmente trouxerem o processo at\u00e9 aqui. Como posso falar com Rafa Silva? O homem n\u00e3o fala. Ele n\u00e3o se digna a falar\u00bb, concluiu.<\/p>\n","protected":false},"excerpt":{"rendered":"A pol\u00e9mica \u00e0 volta de Rafa Silva continua. O futuro do antigo internacional portugu\u00eas no Besiktas parece incerto,&hellip;\n","protected":false},"author":2,"featured_media":152832,"comment_status":"","ping_status":"","sticky":false,"template":"","format":"standard","meta":{"footnotes":""},"categories":[87],"tags":[437,135,82,436,46,32,33,47,21749,33022,134,2428],"class_list":{"0":"post-152831","1":"post","2":"type-post","3":"status-publish","4":"format-standard","5":"has-post-thumbnail","7":"category-desporto","8":"tag-besiktas","9":"tag-desporto","10":"tag-internacional","11":"tag-made-in","12":"tag-maisfutebol","13":"tag-portugal","14":"tag-pt","15":"tag-pura-paixao","16":"tag-rafa-silva","17":"tag-sergen-yalcin","18":"tag-sports","19":"tag-turquia"},"share_on_mastodon":{"url":"https:\/\/pubeurope.com\/@pt\/115554291744803693","error":""},"_links":{"self":[{"href":"https:\/\/www.europesays.com\/pt\/wp-json\/wp\/v2\/posts\/152831","targetHints":{"allow":["GET"]}}],"collection":[{"href":"https:\/\/www.europesays.com\/pt\/wp-json\/wp\/v2\/posts"}],"about":[{"href":"https:\/\/www.europesays.com\/pt\/wp-json\/wp\/v2\/types\/post"}],"author":[{"embeddable":true,"href":"https:\/\/www.europesays.com\/pt\/wp-json\/wp\/v2\/users\/2"}],"replies":[{"embeddable":true,"href":"https:\/\/www.europesays.com\/pt\/wp-json\/wp\/v2\/comments?post=152831"}],"version-history":[{"count":0,"href":"https:\/\/www.europesays.com\/pt\/wp-json\/wp\/v2\/posts\/152831\/revisions"}],"wp:featuredmedia":[{"embeddable":true,"href":"https:\/\/www.europesays.com\/pt\/wp-json\/wp\/v2\/media\/152832"}],"wp:attachment":[{"href":"https:\/\/www.europesays.com\/pt\/wp-json\/wp\/v2\/media?parent=152831"}],"wp:term":[{"taxonomy":"category","embeddable":true,"href":"https:\/\/www.europesays.com\/pt\/wp-json\/wp\/v2\/categories?post=152831"},{"taxonomy":"post_tag","embeddable":true,"href":"https:\/\/www.europesays.com\/pt\/wp-json\/wp\/v2\/tags?post=152831"}],"curies":[{"name":"wp","href":"https:\/\/api.w.org\/{rel}","templated":true}]}}