{"id":152837,"date":"2025-11-15T15:01:11","date_gmt":"2025-11-15T15:01:11","guid":{"rendered":"https:\/\/www.europesays.com\/pt\/152837\/"},"modified":"2025-11-15T15:01:11","modified_gmt":"2025-11-15T15:01:11","slug":"fpf-apresenta-exposicao-a-fifa-para-limitar-castigo-a-cristiano-ronaldo","status":"publish","type":"post","link":"https:\/\/www.europesays.com\/pt\/152837\/","title":{"rendered":"FPF apresenta exposi\u00e7\u00e3o \u00e0 FIFA para limitar castigo a Cristiano Ronaldo"},"content":{"rendered":"<p>A Federa\u00e7\u00e3o Portuguesa de Futebol (FPF) vai apresentar uma exposi\u00e7\u00e3o \u00e0 FIFA para que o castigo de Cristiano Ronaldo, pela expuls\u00e3o frente \u00e0 Rep\u00fablica da Irlanda, n\u00e3o exceda um jogo de suspens\u00e3o, segundo apurou o <strong>Maisfutebol<\/strong>.<\/p>\n<p>O objetivo federativo \u00e9 de que o capit\u00e3o da Sele\u00e7\u00e3o Nacional esteja dispon\u00edvel para o arranque do Mundial 2026, caso Portugal confirme o apuramento na <a href=\"https:\/\/maisfutebol.iol.pt\/jogo\/portugal\/armenia\/13820845\" rel=\"nofollow noopener\" target=\"_blank\">rece\u00e7\u00e3o \u00e0 Arm\u00e9nia, no Est\u00e1dio Drag\u00e3o<\/a>.<\/p>\n<p>Caso Portugal se qualifique este domingo, no Porto, o pr\u00f3ximo jogo oficial da Sele\u00e7\u00e3o ser\u00e1 apenas o primeiro da fase final do Mundial. Ou seja, s\u00f3 no caso de Ronaldo lhe ver aplicado apenas um jogo de castigo \u00e9 que n\u00e3o ir\u00e1 falhar o in\u00edcio da competi\u00e7\u00e3o.<\/p>\n<p>A defesa do jogador conta com o envolvimento direto do presidente da FPF, Pedro Proen\u00e7a, e assenta em tr\u00eas pontos:\u00a0o clima de press\u00e3o antes do jogo criado pelo selecionador da Rep\u00fablica da Irlanda, o facto de o lance n\u00e3o revelar\u00a0particular viol\u00eancia e a aus\u00eancia de antecedentes do capit\u00e3o, que nunca tinha sido expulso em 225 internacionaliza\u00e7\u00f5es por Portugal.<\/p>\n<p>A FPF j\u00e1 foi notificada pela FIFA para a instaura\u00e7\u00e3o do processo disciplinar ao avan\u00e7ado portugu\u00eas, que deu uma cotovelada no defesa irland\u00eas Dara O\u2019Shea, tendo visto o cart\u00e3o vermelho direto na segunda parte do jogo de qualifica\u00e7\u00e3o para o Mundial, que resultou numa derrota por 2-0 em Dublin.<\/p>\n<p>Ronaldo foi dispensado na sexta-feira dos trabalhos da Sele\u00e7\u00e3o e n\u00e3o ir\u00e1 assistir ao jogo frente \u00e0 Arm\u00e9nia, <a href=\"https:\/\/maisfutebol.iol.pt\/selecao\/roberto-martinez\/ronaldo-um-jogador-que-nao-esta-na-lista-de-convocatoria-nao-esta-na-selecao\" rel=\"nofollow noopener\" target=\"_blank\">como revelou o Roberto Mart\u00ednez<\/a> este s\u00e1bado na confer\u00eancia de imprensa de antevis\u00e3o do jogo, <a href=\"https:\/\/maisfutebol.iol.pt\/jogo\/portugal\/armenia\/13820845\" rel=\"nofollow noopener\" target=\"_blank\">que tem in\u00edcio marcado para as 14 horas deste domingo<\/a>.<\/p>\n","protected":false},"excerpt":{"rendered":"A Federa\u00e7\u00e3o Portuguesa de Futebol (FPF) vai apresentar uma exposi\u00e7\u00e3o \u00e0 FIFA para que o castigo de Cristiano&hellip;\n","protected":false},"author":2,"featured_media":152838,"comment_status":"","ping_status":"","sticky":false,"template":"","format":"standard","meta":{"footnotes":""},"categories":[8],"tags":[27,28,667,33023,743,15,16,2698,285,14,9852,25,26,21,22,46,12,13,19,20,32,23,24,33,47,4338,17,18,29,30,31],"class_list":{"0":"post-152837","1":"post","2":"type-post","3":"status-publish","4":"format-standard","5":"has-post-thumbnail","7":"category-principais-noticias","8":"tag-breaking-news","9":"tag-breakingnews","10":"tag-cristiano-ronaldo","11":"tag-despenalizacao","12":"tag-expulsao","13":"tag-featured-news","14":"tag-featurednews","15":"tag-fifa","16":"tag-fpf","17":"tag-headlines","18":"tag-irlanda","19":"tag-latest-news","20":"tag-latestnews","21":"tag-main-news","22":"tag-mainnews","23":"tag-maisfutebol","24":"tag-news","25":"tag-noticias","26":"tag-noticias-principais","27":"tag-noticiasprincipais","28":"tag-portugal","29":"tag-principais-noticias","30":"tag-principaisnoticias","31":"tag-pt","32":"tag-pura-paixao","33":"tag-selecao","34":"tag-top-stories","35":"tag-topstories","36":"tag-ultimas","37":"tag-ultimas-noticias","38":"tag-ultimasnoticias"},"share_on_mastodon":{"url":"https:\/\/pubeurope.com\/@pt\/115554319455715854","error":""},"_links":{"self":[{"href":"https:\/\/www.europesays.com\/pt\/wp-json\/wp\/v2\/posts\/152837","targetHints":{"allow":["GET"]}}],"collection":[{"href":"https:\/\/www.europesays.com\/pt\/wp-json\/wp\/v2\/posts"}],"about":[{"href":"https:\/\/www.europesays.com\/pt\/wp-json\/wp\/v2\/types\/post"}],"author":[{"embeddable":true,"href":"https:\/\/www.europesays.com\/pt\/wp-json\/wp\/v2\/users\/2"}],"replies":[{"embeddable":true,"href":"https:\/\/www.europesays.com\/pt\/wp-json\/wp\/v2\/comments?post=152837"}],"version-history":[{"count":0,"href":"https:\/\/www.europesays.com\/pt\/wp-json\/wp\/v2\/posts\/152837\/revisions"}],"wp:featuredmedia":[{"embeddable":true,"href":"https:\/\/www.europesays.com\/pt\/wp-json\/wp\/v2\/media\/152838"}],"wp:attachment":[{"href":"https:\/\/www.europesays.com\/pt\/wp-json\/wp\/v2\/media?parent=152837"}],"wp:term":[{"taxonomy":"category","embeddable":true,"href":"https:\/\/www.europesays.com\/pt\/wp-json\/wp\/v2\/categories?post=152837"},{"taxonomy":"post_tag","embeddable":true,"href":"https:\/\/www.europesays.com\/pt\/wp-json\/wp\/v2\/tags?post=152837"}],"curies":[{"name":"wp","href":"https:\/\/api.w.org\/{rel}","templated":true}]}}