{"id":152841,"date":"2025-11-15T15:06:10","date_gmt":"2025-11-15T15:06:10","guid":{"rendered":"https:\/\/www.europesays.com\/pt\/152841\/"},"modified":"2025-11-15T15:06:10","modified_gmt":"2025-11-15T15:06:10","slug":"guerreiras-do-k-pop-qual-e-a-origem-da-arma-de-zoey","status":"publish","type":"post","link":"https:\/\/www.europesays.com\/pt\/152841\/","title":{"rendered":"Guerreiras do K-Pop: qual \u00e9 a origem da arma de Zoey?"},"content":{"rendered":"<p>Quem assistiu \u201c<a href=\"https:\/\/recreio.com.br\/tags\/guerreiras-do-k-pop\" target=\"_blank\" rel=\"noopener nofollow\">Guerreiras do K-Pop<\/a>\u201d reparou que cada membro do HUNTR\/X, al\u00e9m de vozes potentes, tem uma arma diferente para eliminar os dem\u00f4nios que cruzam os seus caminhos: Rumi empunha uma espada, Mira defende o mundo com uma alabarda (uma lan\u00e7a com uma l\u00e2mina curva na ponta) e Zoey usa um trio de facas de arremesso.<\/p>\n<p>Na trama, as tr\u00eas formam um grupo de idols de k-pop que, al\u00e9m de brilharem nos palcos com seus talentos vocais, visuais e coreografias brilhantes, tamb\u00e9m assumem a responsabilidade secreta de ca\u00e7ar dem\u00f4nios, j\u00e1 que foram escolhidas para continuar a miss\u00e3o passada h\u00e1 gera\u00e7\u00f5es onde trios de guerreiras devem proteger a humanidade de criaturas sobrenaturais mal\u00e9ficas.<\/p>\n<p>Cumprindo o dever, elas protagonizam diversas cenas de a\u00e7\u00e3o que demostram a grande habilidade que t\u00eam no combate dos dem\u00f4nios, os quais lutam para sobreviver, mas s\u00e3o sempre atingidos pelas armas de Rumi, Mira e Zoey \u2014 cujas l\u00e2minas de defesa tem origens na hist\u00f3ria coreana real, estabelecendo uma liga\u00e7\u00e3o com as pr\u00e1ticas espirituais do pa\u00eds.<\/p>\n<p>Pensando nos que t\u00eam curiosidade em saber mais sobre a conex\u00e3o cultural da Coreia do Sul com a anima\u00e7\u00e3o, a RECREIO reuniu abaixo a explica\u00e7\u00e3o sobre a origem das facas usadas por Zoey, a integrante mais jovem do HUNTR\/X; veja:<\/p>\n<p>\t Espada espiritual? <img loading=\"lazy\" decoding=\"async\" class=\"size-full wp-image-57115 img-fluid lazy\" alt=\"\" width=\"1280\" height=\"720\" src=\"https:\/\/www.europesays.com\/pt\/wp-content\/uploads\/2025\/11\/Zoey-Guerreiras-do-K-pop.jpg\"  \/>Cena de Zoey, do HUNTR\/X. em \u2018Guerreiras do K-pop\u2019 \u2013 Reprodu\u00e7\u00e3o\/Netflix <\/p>\n<p>A criadora da anima\u00e7\u00e3o, <a href=\"https:\/\/www.instagram.com\/nutmags\/\" target=\"_blank\" rel=\"noopener nofollow\"><strong>Maggie Kang<\/strong><\/a> sempre deixou claro em entrevistas que, muito al\u00e9m do k-pop, o filme \u00e9 ambientado na cultura coreana, sendo assim, n\u00e3o s\u00f3 Zoey, mas todas as integrantes possuem armas inspiradas em algum aspecto que marca hist\u00f3ria do pa\u00eds. No caso da maknae do grupo, o objeto tem liga\u00e7\u00e3o com uma religi\u00e3o bem antiga conhecida como xamanismo.<\/p>\n<p>Isso porque a arma usada tem inspira\u00e7\u00e3o no Shinkal, uma pequena adaga utilizada nos rituais xam\u00e2nicos coreanos que, na vida real, ganha diferentes formas de ser identificada, segundo a enciclop\u00e9dia do <a href=\"https:\/\/www.nfm.go.kr\/k-box\/?lang=pt\" target=\"_blank\" rel=\"noopener nofollow\">Museu Nacional do Folclore da Coreia:<\/a><\/p>\n<ol>\n<li>Com base nos tamanhos e caracter\u00edsticas da l\u00e2mina;<\/li>\n<li>Pela divindade que representam;<\/li>\n<li>De acordo com fun\u00e7\u00e3o dentro do ritual.<\/li>\n<\/ol>\n<p>Diferente da anima\u00e7\u00e3o, o objeto n\u00e3o \u00e9 usado para combate f\u00edsico, visto que, dentre as fun\u00e7\u00f5es diversas que tem, \u00e9 comumente usado para proteger o espa\u00e7o das cerim\u00f4nias, afinal, a cren\u00e7a \u00e9 que a adaga pode afastar a m\u00e1 sorte e negatividade, al\u00e9m de ser um s\u00edmbolo de autoridade, evidenciado a conex\u00e3o e o respeito entre os xam\u00e3s e as divindades.<\/p>\n<p>Al\u00e9m disso, a faca pode ser usada em conjunto com outros itens, como o bujeok (talism\u00e3 de papel), j\u00e1 que a combina\u00e7\u00e3o aumenta o poder espiritual. Em alguns ritos, os xam\u00e3s ainda usam ssanggeom (facas g\u00eameas), assim como Zoey faz no filme, como explicado pelo Korea Travel Post, revelando mais da conex\u00e3o entre o objeto e anima\u00e7\u00e3o, cujo simbolismo na trama \u00e9 tamb\u00e9m eliminar o mal.<\/p>\n<p>\t Mais sobre \u2018Guerreiras do K-Pop\u2019 <\/p>\n<p>Com dire\u00e7\u00e3o de <strong>Maggie Kang<\/strong> e <a href=\"https:\/\/en.wikipedia.org\/wiki\/Chris_Appelhans\" target=\"_blank\" rel=\"noopener nofollow\"><strong>Chris Appelhans<\/strong><\/a>, \u201cGuerreiras do K-Pop\u201d foi produzido pela Sony Pictures Animation e teve o lan\u00e7amento realizado em 23 de agosto de 2025 na Netflix, se tornando um verdadeiro fen\u00f4meno global e o t\u00edtulo mais visto de todo o cat\u00e1logo da plataforma. A trama ganhar\u00e1 uma sequ\u00eancia em 2029.<\/p>\n<p>        <a href=\"https:\/\/recreio.com.br\/noticias\/author\/izabela-queiroz\" rel=\"nofollow noopener\" target=\"_blank\">&#13;<br \/>\n          <img alt=\"Izabela Queiroz\" src=\"https:\/\/www.europesays.com\/pt\/wp-content\/uploads\/2025\/11\/1763219170_212_73c0b9c1056486c3f0ac887fc031213cdd608512c3b419d28e1ba5da81c3eb12\"  class=\"avatar avatar-115 photo rounded-circle mr-3\" height=\"115\" width=\"115\" loading=\"lazy\" decoding=\"async\"\/>        <\/a><\/p>\n<p>Izabela Queiroz, jornalista por paix\u00e3o e cin\u00e9fila de carteirinha. Formada pela UNINOVE, encontrou na escrita o lugar ideal para unir tudo o que mais gosta: filmes, s\u00e9ries e m\u00fasica. Nos textos, h\u00e1 quase sempre refer\u00eancias a algo relacionado \u00e0 cultura pop que a marcou. Fora deles, a encontrar\u00e1 assistindo hist\u00f3rias com reviravoltas chocantes, romances cativantes e dramas que a fazem chorar.<\/p>\n<p>\t                                            <script async src=\"\/\/www.instagram.com\/embed.js\"><\/script><\/p>\n","protected":false},"excerpt":{"rendered":"Quem assistiu \u201cGuerreiras do K-Pop\u201d reparou que cada membro do HUNTR\/X, al\u00e9m de vozes potentes, tem uma arma&hellip;\n","protected":false},"author":2,"featured_media":152842,"comment_status":"","ping_status":"","sticky":false,"template":"","format":"standard","meta":{"footnotes":""},"categories":[141],"tags":[10195,114,115,148,4550,149,150,716,32,33,29399],"class_list":{"0":"post-152841","1":"post","2":"type-post","3":"status-publish","4":"format-standard","5":"has-post-thumbnail","7":"category-musica","8":"tag-animacoes","9":"tag-entertainment","10":"tag-entretenimento","11":"tag-filmes","12":"tag-guerreiras-do-k-pop","13":"tag-music","14":"tag-musica","15":"tag-netflix","16":"tag-portugal","17":"tag-pt","18":"tag-zoey"},"share_on_mastodon":{"url":"https:\/\/pubeurope.com\/@pt\/115554339215791936","error":""},"_links":{"self":[{"href":"https:\/\/www.europesays.com\/pt\/wp-json\/wp\/v2\/posts\/152841","targetHints":{"allow":["GET"]}}],"collection":[{"href":"https:\/\/www.europesays.com\/pt\/wp-json\/wp\/v2\/posts"}],"about":[{"href":"https:\/\/www.europesays.com\/pt\/wp-json\/wp\/v2\/types\/post"}],"author":[{"embeddable":true,"href":"https:\/\/www.europesays.com\/pt\/wp-json\/wp\/v2\/users\/2"}],"replies":[{"embeddable":true,"href":"https:\/\/www.europesays.com\/pt\/wp-json\/wp\/v2\/comments?post=152841"}],"version-history":[{"count":0,"href":"https:\/\/www.europesays.com\/pt\/wp-json\/wp\/v2\/posts\/152841\/revisions"}],"wp:featuredmedia":[{"embeddable":true,"href":"https:\/\/www.europesays.com\/pt\/wp-json\/wp\/v2\/media\/152842"}],"wp:attachment":[{"href":"https:\/\/www.europesays.com\/pt\/wp-json\/wp\/v2\/media?parent=152841"}],"wp:term":[{"taxonomy":"category","embeddable":true,"href":"https:\/\/www.europesays.com\/pt\/wp-json\/wp\/v2\/categories?post=152841"},{"taxonomy":"post_tag","embeddable":true,"href":"https:\/\/www.europesays.com\/pt\/wp-json\/wp\/v2\/tags?post=152841"}],"curies":[{"name":"wp","href":"https:\/\/api.w.org\/{rel}","templated":true}]}}