{"id":152847,"date":"2025-11-15T15:13:14","date_gmt":"2025-11-15T15:13:14","guid":{"rendered":"https:\/\/www.europesays.com\/pt\/152847\/"},"modified":"2025-11-15T15:13:14","modified_gmt":"2025-11-15T15:13:14","slug":"a-comissao-europeia-quer-por-as-nossas-contas-bancarias-e-o-dinheiro-das-nossas-pensoes-em-risco","status":"publish","type":"post","link":"https:\/\/www.europesays.com\/pt\/152847\/","title":{"rendered":"A Comiss\u00e3o Europeia quer p\u00f4r as nossas contas banc\u00e1rias e o dinheiro das nossas pens\u00f5es em risco?"},"content":{"rendered":"<p><strong>As duas respons\u00e1veis planearam desenvolver uma grande campanha de literacia financeira na Europa (considerando implicitamente que a maior parte dos cidad\u00e3os \u00e9 ignorante nesta mat\u00e9ria) e<\/strong><strong> querem convencer os governos a dar mais benef\u00edcios fiscais a quem invista o seu dinheiro nos mercados.<\/strong><\/p>\n<p>Ao mesmo tempo, a Comiss\u00e3o Europeia anunciou um projeto de revis\u00e3o das regras de supervis\u00e3o banc\u00e1ria e financeira na Uni\u00e3o, cujo objetivo \u00faltimo \u00e9 dar mais liberdade aos bancos, fundos, seguradoras e outras entidades do setor para investir em ativos mais rent\u00e1veis, logo com maior risco.<\/p>\n<p>O Banco Central Europeu acaba de dar uma resposta seca a esta \u00faltima iniciativa da dupla Ursula\/Maria Lu\u00eds: o BCE rejeitar\u00e1 toda e qualquer iniciativa da Comiss\u00e3o e do Parlamento Europeu para mexer nas leis da supervis\u00e3o banc\u00e1ria na Uni\u00e3o Europeia que ponha em causa a estabilidade que o atual quadro normativo traz a todos os agentes, sejam depositantes investidores ou respons\u00e1veis dos pr\u00f3prios bancos.<\/p>\n<p>Por c\u00e1, numa atitude de seguidismo provinciano, o Governo j\u00e1 admitiu estar a estudar uma forma de atribuir mais <a href=\"https:\/\/www.jornaldenegocios.pt\/economia\/seguranca-social\/detalhe\/governo-prepara-incentivos-fiscais-as-contas-poupanca\" target=\"_blank\" rel=\"noreferrer noopener nofollow\">benef\u00edcios fiscais a quem tire o dinheiro das contas banc\u00e1rias<\/a> e o invista nos mercados financeiros e de capitais.<\/p>\n<p>Maria Lu\u00eds Albuquerque vai ao ponto de considerar que, em Portugal, os mais de 180 mil milh\u00f5es de euros que se encontram em <a href=\"https:\/\/expresso.pt\/economia\/2025-05-30-maria-luis-albuquerque-pensamos-que-os-depositos-bancarios-sao-seguros-mas-seguro-e-que-perdemos-dinheiro-com-eles-c773ac77\" target=\"_blank\" rel=\"noreferrer noopener nofollow\">dep\u00f3sitos nos bancos<\/a> deviam estar a render muito mais, dizendo coisas como: \u201cPensamos que os dep\u00f3sitos banc\u00e1rios s\u00e3o seguros, mas seguro \u00e9 que perdemos dinheiro com eles\u201d.<\/p>\n<p>\t\t<img decoding=\"async\" src=\"https:\/\/www.europesays.com\/pt\/wp-content\/uploads\/2025\/11\/1763219594_281_thumbs.web.sapo.io\"  alt=\"Maria Lu\u00eds Albuquerque e Ursula Von der Leyen\" loading=\"true\"\/><\/p>\n<p>                        Thierry Monasse<\/p>\n<p>No seu af\u00e3 de favorecer os mercados financeiros e promover mais investimentos nas bolsas, a ex-ministra das Finan\u00e7as de Portugal e atual comiss\u00e1ria europeia vai ainda mais longe: no f\u00f3rum Eurofi, que junta os maiores bancos, seguradoras, fundos e consultoras do mundo, afirmou recentemente que: \u201cTemos de desbloquear o acesso ao financiamento privado para estas empresas, e os bancos e os investidores institucionais devem tamb\u00e9m considerar a possibilidade de investir no sector da defesa.\u201d<\/p>\n<p>Isto \u00e9, para Maria Lu\u00eds Albuquerque, o dinheiro das poupan\u00e7as dos cidad\u00e3os que est\u00e1 guardado nos bancos deve ser apostado em a\u00e7\u00f5es de empresas, incluindo do ramo militar. E a dimens\u00e3o da declara\u00e7\u00e3o da comiss\u00e1ria n\u00e3o se limita ao dinheiro dos dep\u00f3sitos, indica tamb\u00e9m que os investidores institucionais como os fundos geridos pelos institutos da Seguran\u00e7a Social devem investir nestes ativos de risco.<\/p>\n<p>A resposta \u00e0 pergunta que faz o t\u00edtulo deste artigo \u00e9: <strong>sim, a Comiss\u00e3o Europeia quer p\u00f4r o dinheiro das nossas contas banc\u00e1rias e das reservas da Seguran\u00e7a Social em risco.<\/strong><\/p>\n<p>Mas h\u00e1 mais perguntas para fazer&#8230;<\/p>\n<p>&#8211; Maria Lu\u00eds Albuquerque est\u00e1 segura de que a mobiliza\u00e7\u00e3o massiva do dinheiro dos dep\u00f3sitos banc\u00e1rios e das reservas das pens\u00f5es na Europa para investimentos em a\u00e7\u00f5es e t\u00edtulos de d\u00edvida vai mesmo beneficiar as empresas europeias e ajud\u00e1-las a crescer e inovar mais? N\u00e3o ter\u00e1 pensado nem um segundo que esse dinheiro em vez de ir refor\u00e7ar o tecido empresarial europeu acabar\u00e1 por ir parar \u00e0s grandes tecnol\u00f3gicas americanas, \u00e0s bolsas asi\u00e1ticas, \u00e0 bolha das moedas digitais, ou ao mercado imobili\u00e1rio, agravando ainda mais a crise de pre\u00e7os da habita\u00e7\u00e3o?<\/p>\n<p>&#8211; Maria Lu\u00eds Albuquerque ter\u00e1 lido as declara\u00e7\u00f5es dos presidentes executivos dos maiores bancos, Goldman Sachs e Morgan Stanley, que h\u00e1 poucos dias disseram que h\u00e1 uma sobrevaloriza\u00e7\u00e3o dos \u00edndices bolsistas e que as a\u00e7\u00f5es cotadas em bolsa poder\u00e3o vir a cair em breve mais de 15 ou mesmo 20 por cento?<\/p>\n<p>&#8211; Maria Lu\u00eds Albuquerque e a sua mentora Ursula von der Leyen n\u00e3o ter\u00e3o lido os alertas de cada vez mais especialistas que consideram que uma corre\u00e7\u00e3o desta dimens\u00e3o n\u00e3o ficar\u00e1 por aqui, acabar\u00e1 por contagiar a capacidade de bancos, fundos e grandes investidores de pagar os compromissos aos seus clientes?<\/p>\n<p>&#8211; Maria Lu\u00eds Albuquerque n\u00e3o ter\u00e1 percebido que a recente recomenda\u00e7\u00e3o do Banco de Portugal para as fam\u00edlias manterem algum dinheiro vivo em casa indica que o banco central sabe algo mais do que todos n\u00f3s?<\/p>\n<p>&#8211; N\u00e3o saber\u00e1 a comiss\u00e1ria europeia que em caso de crise financeira grave as diretivas europeias j\u00e1 preveem a limita\u00e7\u00e3o parcial do levantamento de dinheiro aos balc\u00f5es dos bancos e nas caixas multibanco?<\/p>\n<p>Recordo bem que, na primeira d\u00e9cada deste s\u00e9culo, gestores de v\u00e1rios bancos portugueses andavam a telefonar insistentemente aos seus clientes para transformar os respetivos dep\u00f3sitos em investimentos financeiros que davam muito mais juros, sem avisar para o risco inerente. E recordo tamb\u00e9m que muitos portugueses, grande parte sem saber que tinham investido em risco, come\u00e7aram a ver os saldos das respetivas contas a cair. Num dos casos, um trabalhador fabril que tinha feito uma aplica\u00e7\u00e3o de 20 mil euros, recebeu uma carta com um saldo de\u2026 13 mil euros! Isto passou-se no Portugal de 2013, h\u00e1 12 anos\u2026<\/p>\n<p>Se muitos portugueses forem convencidos pela Comiss\u00e3o Europeia e pelo Governo portugu\u00eas, atrav\u00e9s de campanhas de alegada literacia e de benef\u00edcios fiscais manhosos, a mudar o dinheiro das suas contas banc\u00e1rias para investimentos de risco e de repente come\u00e7arem a perder 15, 20, ou 25 por cento, que vai Maria Lu\u00eds Albuquerque dizer-lhes? Ficar\u00e1 refugiada no sil\u00eancio dos corredores de Bruxelas?<\/p>\n<p>Da minha parte as principais perguntas est\u00e3o feitas.<\/p>\n<p>Fica tamb\u00e9m a minha declara\u00e7\u00e3o de vontade: n\u00e3o toquem na minha conta banc\u00e1ria que n\u00e3o rende nada. Quero que continue como est\u00e1.<\/p>\n<p>E n\u00e3o toquem nas reservas da Seguran\u00e7a Social para investir nas bolsas.<\/p>\n<p>Se o fizerem ter\u00e3o uma revolta generalizada nas ruas de Portugal. <\/p>\n","protected":false},"excerpt":{"rendered":"As duas respons\u00e1veis planearam desenvolver uma grande campanha de literacia financeira na Europa (considerando implicitamente que a maior&hellip;\n","protected":false},"author":2,"featured_media":152848,"comment_status":"","ping_status":"","sticky":false,"template":"","format":"standard","meta":{"footnotes":""},"categories":[83],"tags":[88,89,90,32,33],"class_list":{"0":"post-152847","1":"post","2":"type-post","3":"status-publish","4":"format-standard","5":"has-post-thumbnail","7":"category-empresas","8":"tag-business","9":"tag-economy","10":"tag-empresas","11":"tag-portugal","12":"tag-pt"},"share_on_mastodon":{"url":"https:\/\/pubeurope.com\/@pt\/115554366949119785","error":""},"_links":{"self":[{"href":"https:\/\/www.europesays.com\/pt\/wp-json\/wp\/v2\/posts\/152847","targetHints":{"allow":["GET"]}}],"collection":[{"href":"https:\/\/www.europesays.com\/pt\/wp-json\/wp\/v2\/posts"}],"about":[{"href":"https:\/\/www.europesays.com\/pt\/wp-json\/wp\/v2\/types\/post"}],"author":[{"embeddable":true,"href":"https:\/\/www.europesays.com\/pt\/wp-json\/wp\/v2\/users\/2"}],"replies":[{"embeddable":true,"href":"https:\/\/www.europesays.com\/pt\/wp-json\/wp\/v2\/comments?post=152847"}],"version-history":[{"count":0,"href":"https:\/\/www.europesays.com\/pt\/wp-json\/wp\/v2\/posts\/152847\/revisions"}],"wp:featuredmedia":[{"embeddable":true,"href":"https:\/\/www.europesays.com\/pt\/wp-json\/wp\/v2\/media\/152848"}],"wp:attachment":[{"href":"https:\/\/www.europesays.com\/pt\/wp-json\/wp\/v2\/media?parent=152847"}],"wp:term":[{"taxonomy":"category","embeddable":true,"href":"https:\/\/www.europesays.com\/pt\/wp-json\/wp\/v2\/categories?post=152847"},{"taxonomy":"post_tag","embeddable":true,"href":"https:\/\/www.europesays.com\/pt\/wp-json\/wp\/v2\/tags?post=152847"}],"curies":[{"name":"wp","href":"https:\/\/api.w.org\/{rel}","templated":true}]}}