{"id":152851,"date":"2025-11-15T15:17:10","date_gmt":"2025-11-15T15:17:10","guid":{"rendered":"https:\/\/www.europesays.com\/pt\/152851\/"},"modified":"2025-11-15T15:17:10","modified_gmt":"2025-11-15T15:17:10","slug":"andre-marques-fala-da-reforma-do-sitio-da-familia-para-homenagear-o-pai-que-morreu-em-maio-estava-abandonado","status":"publish","type":"post","link":"https:\/\/www.europesays.com\/pt\/152851\/","title":{"rendered":"Andr\u00e9 Marques fala da reforma do s\u00edtio da fam\u00edlia para homenagear o pai, que morreu em maio: &#8216;Estava abandonado&#8217;"},"content":{"rendered":"\n<p class=\" content-text__container \" data-track-category=\"Link no Texto\" data-track-links=\"\"> \u2014 O s\u00edtio estava abandonado h\u00e1 um tempo, pois meu pai n\u00e3o queria que eu gastasse dinheiro investindo nisso, mas vou reconstruir o lugar, reformar e mostrar toda a reforma no meu canal. Estou fazendo para o meu velho \u2014 diz ele em entrevista \u00e0 coluna. <\/p>\n<p class=\" content-text__container \" data-track-category=\"Link no Texto\" data-track-links=\"\"> Numa postagem recente no Instagram, o apresentador voltou a falar sobre o assunto: &#8220;Quando o c\u00e2ncer foi descoberto, tudo ficou de lado. A terra foi esquecida, pois nossa \u00fanica e maior prioridade passou a ser cuidar do meu velho. A saudade que sinto dele \u00e9 imensa, mas eu prometo, meu pai: devagar, eu chegarei l\u00e1 e vou colocar tudo de p\u00e9 novamente! Sou forte, tenho ao meu lado grandes amigos e bons parceiros e, acima de tudo, sinto a for\u00e7a maior de Deus no comando. Agora, vamos reformar!&#8221;. <\/p>\n<p class=\" content-text__container \" data-track-category=\"Link no Texto\" data-track-links=\"\"> <strong>Veja fotos da propriedade na galeria abaixo: <\/strong> <\/p>\n","protected":false},"excerpt":{"rendered":"\u2014 O s\u00edtio estava abandonado h\u00e1 um tempo, pois meu pai n\u00e3o queria que eu gastasse dinheiro investindo&hellip;\n","protected":false},"author":2,"featured_media":152852,"comment_status":"","ping_status":"","sticky":false,"template":"","format":"standard","meta":{"footnotes":""},"categories":[145],"tags":[211,210,114,115,32,33,679],"class_list":{"0":"post-152851","1":"post","2":"type-post","3":"status-publish","4":"format-standard","5":"has-post-thumbnail","7":"category-celebridades","8":"tag-celebridades","9":"tag-celebrities","10":"tag-entertainment","11":"tag-entretenimento","12":"tag-portugal","13":"tag-pt","14":"tag-reportagem"},"share_on_mastodon":{"url":"https:\/\/pubeurope.com\/@pt\/115554382251657259","error":""},"_links":{"self":[{"href":"https:\/\/www.europesays.com\/pt\/wp-json\/wp\/v2\/posts\/152851","targetHints":{"allow":["GET"]}}],"collection":[{"href":"https:\/\/www.europesays.com\/pt\/wp-json\/wp\/v2\/posts"}],"about":[{"href":"https:\/\/www.europesays.com\/pt\/wp-json\/wp\/v2\/types\/post"}],"author":[{"embeddable":true,"href":"https:\/\/www.europesays.com\/pt\/wp-json\/wp\/v2\/users\/2"}],"replies":[{"embeddable":true,"href":"https:\/\/www.europesays.com\/pt\/wp-json\/wp\/v2\/comments?post=152851"}],"version-history":[{"count":0,"href":"https:\/\/www.europesays.com\/pt\/wp-json\/wp\/v2\/posts\/152851\/revisions"}],"wp:featuredmedia":[{"embeddable":true,"href":"https:\/\/www.europesays.com\/pt\/wp-json\/wp\/v2\/media\/152852"}],"wp:attachment":[{"href":"https:\/\/www.europesays.com\/pt\/wp-json\/wp\/v2\/media?parent=152851"}],"wp:term":[{"taxonomy":"category","embeddable":true,"href":"https:\/\/www.europesays.com\/pt\/wp-json\/wp\/v2\/categories?post=152851"},{"taxonomy":"post_tag","embeddable":true,"href":"https:\/\/www.europesays.com\/pt\/wp-json\/wp\/v2\/tags?post=152851"}],"curies":[{"name":"wp","href":"https:\/\/api.w.org\/{rel}","templated":true}]}}